{"id":13707,"date":"2025-08-28T17:38:17","date_gmt":"2025-08-28T20:38:17","guid":{"rendered":"https:\/\/cidadebaixaonline.com.br\/?p=13707"},"modified":"2025-08-28T17:38:17","modified_gmt":"2025-08-28T20:38:17","slug":"audiencia-publica-em-salvador-discute-jornada-de-30-horas-para-enfermagem","status":"publish","type":"post","link":"https:\/\/cidadebaixaonline.com.br\/index.php\/2025\/08\/28\/audiencia-publica-em-salvador-discute-jornada-de-30-horas-para-enfermagem\/","title":{"rendered":"Audi\u00eancia p\u00fablica em Salvador discute jornada de 30 horas para Enfermagem"},"content":{"rendered":"<p data-start=\"309\" data-end=\"722\">O Conselho Regional de Enfermagem da Bahia (Coren-BA) estar\u00e1 presente nesta sexta-feira (29) em uma audi\u00eancia p\u00fablica que vai discutir a Proposta de Emenda Constitucional (PEC) 19\/2024, que regulamenta a jornada de 30 horas semanais para os profissionais de Enfermagem. O evento ser\u00e1 realizado na Universidade do Estado da Bahia (UNEB), em Salvador, e servir\u00e1 como espa\u00e7o de mobiliza\u00e7\u00e3o, escuta e luta coletiva.<\/p>\n<p data-start=\"724\" data-end=\"1022\">O Coren-BA refor\u00e7a a import\u00e2ncia da participa\u00e7\u00e3o de profissionais, estudantes e lideran\u00e7as para que a categoria siga unida na defesa dessa reivindica\u00e7\u00e3o hist\u00f3rica, que representa n\u00e3o apenas melhores condi\u00e7\u00f5es de trabalho, mas tamb\u00e9m mais seguran\u00e7a e qualidade na assist\u00eancia prestada \u00e0 popula\u00e7\u00e3o.<\/p>\n<p data-start=\"1024\" data-end=\"1333\">Segundo o presidente do Coren-BA, Davi Ap\u00f3stolo: \u201cCada presen\u00e7a faz diferen\u00e7a. Essa audi\u00eancia \u00e9 um chamado para toda a Enfermagem se mobilizar pelas 30 horas. N\u00e3o estamos lutando apenas por uma conquista trabalhista, mas por dignidade, sa\u00fade mental e pelo fortalecimento do cuidado que oferecemos no SUS.\u201d<\/p>\n<div>\n<div class=\"trv-player-container\">\n<div class=\"trv-wrapper\">\n<div id=\"br_video_player_0fd4844adb2cbb99a06f81ad1e855c9dc3c659f9\" class=\"trvd_video_player trvdinstream\">\n<div class=\"media-player\">\n<div class=\"trv-video\">O evento contar\u00e1 ainda com a presen\u00e7a de parlamentares que apoiam a causa, como o senador Fabiano Contarato, a deputada federal Alice Portugal e a vereadora Aladilce Souza, al\u00e9m de representantes do F\u00f3rum Nacional e do F\u00f3rum Baiano de Enfermagem. O Conselho Federal de Enfermagem (Cofen) tamb\u00e9m integra a mobiliza\u00e7\u00e3o, refor\u00e7ando o compromisso institucional com a valoriza\u00e7\u00e3o da categoria<\/div>\n<\/div>\n<\/div>\n<\/div>\n<\/div>\n<\/div>\n","protected":false},"excerpt":{"rendered":"<p>O Conselho Regional de Enfermagem da Bahia (Coren-BA) estar\u00e1 presente nesta sexta-feira (29) em uma audi\u00eancia p\u00fablica que vai discutir a Proposta de Emenda Constitucional (PEC) 19\/2024, que regulamenta a jornada de 30 horas semanais para os profissionais de Enfermagem. O evento ser\u00e1 realizado na Universidade do Estado da Bahia (UNEB), em Salvador, e servir\u00e1 [&hellip;]<\/p>\n","protected":false},"author":1,"featured_media":13709,"comment_status":"open","ping_status":"closed","sticky":false,"template":"","format":"standard","meta":{"jnews-multi-image_gallery":[],"jnews_single_post":[],"jnews_primary_category":[],"footnotes":""},"categories":[241],"tags":[],"class_list":["post-13707","post","type-post","status-publish","format-standard","has-post-thumbnail","hentry","category-enfermagem"],"_links":{"self":[{"href":"https:\/\/cidadebaixaonline.com.br\/index.php\/wp-json\/wp\/v2\/posts\/13707","targetHints":{"allow":["GET"]}}],"collection":[{"href":"https:\/\/cidadebaixaonline.com.br\/index.php\/wp-json\/wp\/v2\/posts"}],"about":[{"href":"https:\/\/cidadebaixaonline.com.br\/index.php\/wp-json\/wp\/v2\/types\/post"}],"author":[{"embeddable":true,"href":"https:\/\/cidadebaixaonline.com.br\/index.php\/wp-json\/wp\/v2\/users\/1"}],"replies":[{"embeddable":true,"href":"https:\/\/cidadebaixaonline.com.br\/index.php\/wp-json\/wp\/v2\/comments?post=13707"}],"version-history":[{"count":1,"href":"https:\/\/cidadebaixaonline.com.br\/index.php\/wp-json\/wp\/v2\/posts\/13707\/revisions"}],"predecessor-version":[{"id":13708,"href":"https:\/\/cidadebaixaonline.com.br\/index.php\/wp-json\/wp\/v2\/posts\/13707\/revisions\/13708"}],"wp:featuredmedia":[{"embeddable":true,"href":"https:\/\/cidadebaixaonline.com.br\/index.php\/wp-json\/wp\/v2\/media\/13709"}],"wp:attachment":[{"href":"https:\/\/cidadebaixaonline.com.br\/index.php\/wp-json\/wp\/v2\/media?parent=13707"}],"wp:term":[{"taxonomy":"category","embeddable":true,"href":"https:\/\/cidadebaixaonline.com.br\/index.php\/wp-json\/wp\/v2\/categories?post=13707"},{"taxonomy":"post_tag","embeddable":true,"href":"https:\/\/cidadebaixaonline.com.br\/index.php\/wp-json\/wp\/v2\/tags?post=13707"}],"curies":[{"name":"wp","href":"https:\/\/api.w.org\/{rel}","templated":true}]}}