{"id":13695,"date":"2025-08-27T16:57:00","date_gmt":"2025-08-27T19:57:00","guid":{"rendered":"https:\/\/cidadebaixaonline.com.br\/?p=13695"},"modified":"2025-08-27T16:57:00","modified_gmt":"2025-08-27T19:57:00","slug":"secretaria-do-mar-e-homenageada-no-index-2025","status":"publish","type":"post","link":"https:\/\/cidadebaixaonline.com.br\/index.php\/2025\/08\/27\/secretaria-do-mar-e-homenageada-no-index-2025\/","title":{"rendered":"Secret\u00e1ria do Mar \u00e9 homenageada no \u00cdNDEX 2025"},"content":{"rendered":"<div dir=\"auto\">A Secret\u00e1ria do Mar foi homenageada durante o \u00cdNDEX \u2013 o maior evento da ind\u00fastria da Bahia, que reuniu autoridades, empres\u00e1rios, especialistas e representantes de diversos setores para debater inova\u00e7\u00e3o, desenvolvimento e os rumos da economia.<\/div>\n<div dir=\"auto\"><\/div>\n<div dir=\"auto\">A homenagem destacou o impacto de iniciativas como o Treinar para Empregar, voltado para a qualifica\u00e7\u00e3o profissional e inser\u00e7\u00e3o de jovens e adultos no mercado de trabalho, e a Trilha N\u00e1utica, programa que valoriza o potencial mar\u00edtimo de Salvador, promovendo capacita\u00e7\u00e3o e gera\u00e7\u00e3o de empregos ligados ao setor.<\/div>\n<div dir=\"auto\"><\/div>\n<div dir=\"auto\">Com a homenagem, Salvador refor\u00e7a seu compromisso em alinhar crescimento econ\u00f4mico, sustentabilidade e inclus\u00e3o social, consolidando-se como refer\u00eancia nacional em iniciativas ligadas ao mar e \u00e0 inova\u00e7\u00e3o.<\/div>\n","protected":false},"excerpt":{"rendered":"<p>A Secret\u00e1ria do Mar foi homenageada durante o \u00cdNDEX \u2013 o maior evento da ind\u00fastria da Bahia, que reuniu autoridades, empres\u00e1rios, especialistas e representantes de diversos setores para debater inova\u00e7\u00e3o, desenvolvimento e os rumos da economia. A homenagem destacou o impacto de iniciativas como o Treinar para Empregar, voltado para a qualifica\u00e7\u00e3o profissional e inser\u00e7\u00e3o [&hellip;]<\/p>\n","protected":false},"author":1,"featured_media":13697,"comment_status":"open","ping_status":"closed","sticky":false,"template":"","format":"standard","meta":{"jnews-multi-image_gallery":[],"jnews_single_post":[],"jnews_primary_category":[],"footnotes":""},"categories":[85],"tags":[],"class_list":["post-13695","post","type-post","status-publish","format-standard","has-post-thumbnail","hentry","category-noticias"],"_links":{"self":[{"href":"https:\/\/cidadebaixaonline.com.br\/index.php\/wp-json\/wp\/v2\/posts\/13695","targetHints":{"allow":["GET"]}}],"collection":[{"href":"https:\/\/cidadebaixaonline.com.br\/index.php\/wp-json\/wp\/v2\/posts"}],"about":[{"href":"https:\/\/cidadebaixaonline.com.br\/index.php\/wp-json\/wp\/v2\/types\/post"}],"author":[{"embeddable":true,"href":"https:\/\/cidadebaixaonline.com.br\/index.php\/wp-json\/wp\/v2\/users\/1"}],"replies":[{"embeddable":true,"href":"https:\/\/cidadebaixaonline.com.br\/index.php\/wp-json\/wp\/v2\/comments?post=13695"}],"version-history":[{"count":1,"href":"https:\/\/cidadebaixaonline.com.br\/index.php\/wp-json\/wp\/v2\/posts\/13695\/revisions"}],"predecessor-version":[{"id":13696,"href":"https:\/\/cidadebaixaonline.com.br\/index.php\/wp-json\/wp\/v2\/posts\/13695\/revisions\/13696"}],"wp:featuredmedia":[{"embeddable":true,"href":"https:\/\/cidadebaixaonline.com.br\/index.php\/wp-json\/wp\/v2\/media\/13697"}],"wp:attachment":[{"href":"https:\/\/cidadebaixaonline.com.br\/index.php\/wp-json\/wp\/v2\/media?parent=13695"}],"wp:term":[{"taxonomy":"category","embeddable":true,"href":"https:\/\/cidadebaixaonline.com.br\/index.php\/wp-json\/wp\/v2\/categories?post=13695"},{"taxonomy":"post_tag","embeddable":true,"href":"https:\/\/cidadebaixaonline.com.br\/index.php\/wp-json\/wp\/v2\/tags?post=13695"}],"curies":[{"name":"wp","href":"https:\/\/api.w.org\/{rel}","templated":true}]}}