{"id":13661,"date":"2025-08-22T09:13:34","date_gmt":"2025-08-22T12:13:34","guid":{"rendered":"https:\/\/cidadebaixaonline.com.br\/?p=13661"},"modified":"2025-08-22T09:13:36","modified_gmt":"2025-08-22T12:13:36","slug":"flipelo-2026-ja-tem-data-para-acontecer-confira","status":"publish","type":"post","link":"https:\/\/cidadebaixaonline.com.br\/index.php\/2025\/08\/22\/flipelo-2026-ja-tem-data-para-acontecer-confira\/","title":{"rendered":"Flipel\u00f4 2026 j\u00e1 tem data para acontecer; confira"},"content":{"rendered":"<div class=\"conteudo_post\">\n<p>Ap\u00f3s o sucesso da edi\u00e7\u00e3o deste ano, a Festa Liter\u00e1ria Internacional do Pelourinho (Flipel\u00f4) j\u00e1 tem data para acontecer em 2026! A Funda\u00e7\u00e3o Casa de Jorge Amado divulgou, nesta quinta-feira (21), atrav\u00e9s das redes sociais, que a 10\u00aa edi\u00e7\u00e3o do evento retorna entre os dias 5 e 9 de agosto de 2026.<\/p>\n<p>\u201c2026 ser\u00e1 um ano especial. Vamos celebrar a 10\u00aa edi\u00e7\u00e3o da FLIPEL\u00d4 e os 40 anos da Funda\u00e7\u00e3o Casa de Jorge Amado. Por isso, resolvemos anunciar a data para que escritores e o p\u00fablico que v\u00eam de outras cidades e estados possam se organizar com tranquilidade, j\u00e1 que a festa integra o calend\u00e1rio nacional de eventos liter\u00e1rios\u201d, destaca Angela Fraga, presidente da Funda\u00e7\u00e3o Casa de Jorge Amado, institui\u00e7\u00e3o cultural respons\u00e1vel pela realiza\u00e7\u00e3o da FLIPEL\u00d4.<\/p>\n<div>\n<div class=\"trv-player-container\">\n<div class=\"trv-wrapper\">\n<div id=\"br_video_player_d2c6be6452798eee7e0481ad1e855c9dc3c659f9\" class=\"trvd_video_player trvdinstream\">\n<div class=\"media-player\">\n<div class=\"trv-overlay\">De acordo com a organiza\u00e7\u00e3o do evento, algumas novidades da edi\u00e7\u00e3o 2025 v\u00e3o permanecer na pr\u00f3xima edi\u00e7\u00e3o, como bate-papos no palco principal da festa no Largo do Pelourinho. Novidades tamb\u00e9m v\u00e3o aparecer, com novos espa\u00e7os sendo incorporados \u00e0 feira.<\/div>\n<\/div>\n<\/div>\n<\/div>\n<\/div>\n<\/div>\n<p>Ainda segundo Angela Fraga, os preparativos para a edi\u00e7\u00e3o 2026 j\u00e1 tiveram in\u00edcio.\u00a0 \u201cAl\u00e9m da data, que estamos divulgando hoje, j\u00e1 escolhemos a pessoa homenageada. Tamb\u00e9m, definimos a participa\u00e7\u00e3o de um grande nome da atual literatura brasileira como primeiro escritor convidado da 10\u00aa edi\u00e7\u00e3o\u201d.<\/p>\n<\/div>\n<div class=\"ui items\">\n<div class=\"item\"><\/div>\n<\/div>\n","protected":false},"excerpt":{"rendered":"<p>Ap\u00f3s o sucesso da edi\u00e7\u00e3o deste ano, a Festa Liter\u00e1ria Internacional do Pelourinho (Flipel\u00f4) j\u00e1 tem data para acontecer em 2026! A Funda\u00e7\u00e3o Casa de Jorge Amado divulgou, nesta quinta-feira (21), atrav\u00e9s das redes sociais, que a 10\u00aa edi\u00e7\u00e3o do evento retorna entre os dias 5 e 9 de agosto de 2026. \u201c2026 ser\u00e1 um [&hellip;]<\/p>\n","protected":false},"author":1,"featured_media":13663,"comment_status":"open","ping_status":"closed","sticky":false,"template":"","format":"standard","meta":{"jnews-multi-image_gallery":[],"jnews_single_post":[],"jnews_primary_category":[],"footnotes":""},"categories":[224],"tags":[],"class_list":["post-13661","post","type-post","status-publish","format-standard","has-post-thumbnail","hentry","category-flipelo-2025"],"_links":{"self":[{"href":"https:\/\/cidadebaixaonline.com.br\/index.php\/wp-json\/wp\/v2\/posts\/13661","targetHints":{"allow":["GET"]}}],"collection":[{"href":"https:\/\/cidadebaixaonline.com.br\/index.php\/wp-json\/wp\/v2\/posts"}],"about":[{"href":"https:\/\/cidadebaixaonline.com.br\/index.php\/wp-json\/wp\/v2\/types\/post"}],"author":[{"embeddable":true,"href":"https:\/\/cidadebaixaonline.com.br\/index.php\/wp-json\/wp\/v2\/users\/1"}],"replies":[{"embeddable":true,"href":"https:\/\/cidadebaixaonline.com.br\/index.php\/wp-json\/wp\/v2\/comments?post=13661"}],"version-history":[{"count":1,"href":"https:\/\/cidadebaixaonline.com.br\/index.php\/wp-json\/wp\/v2\/posts\/13661\/revisions"}],"predecessor-version":[{"id":13662,"href":"https:\/\/cidadebaixaonline.com.br\/index.php\/wp-json\/wp\/v2\/posts\/13661\/revisions\/13662"}],"wp:featuredmedia":[{"embeddable":true,"href":"https:\/\/cidadebaixaonline.com.br\/index.php\/wp-json\/wp\/v2\/media\/13663"}],"wp:attachment":[{"href":"https:\/\/cidadebaixaonline.com.br\/index.php\/wp-json\/wp\/v2\/media?parent=13661"}],"wp:term":[{"taxonomy":"category","embeddable":true,"href":"https:\/\/cidadebaixaonline.com.br\/index.php\/wp-json\/wp\/v2\/categories?post=13661"},{"taxonomy":"post_tag","embeddable":true,"href":"https:\/\/cidadebaixaonline.com.br\/index.php\/wp-json\/wp\/v2\/tags?post=13661"}],"curies":[{"name":"wp","href":"https:\/\/api.w.org\/{rel}","templated":true}]}}