{"id":13658,"date":"2025-08-21T17:48:13","date_gmt":"2025-08-21T20:48:13","guid":{"rendered":"https:\/\/cidadebaixaonline.com.br\/?p=13658"},"modified":"2025-08-21T17:48:14","modified_gmt":"2025-08-21T20:48:14","slug":"agerba-suspende-parcialmente-operacoes-no-terminal-maritimo-de-vera-cruz","status":"publish","type":"post","link":"https:\/\/cidadebaixaonline.com.br\/index.php\/2025\/08\/21\/agerba-suspende-parcialmente-operacoes-no-terminal-maritimo-de-vera-cruz\/","title":{"rendered":"Agerba suspende parcialmente opera\u00e7\u00f5es no Terminal Mar\u00edtimo de Vera Cruz"},"content":{"rendered":"<p>A Ag\u00eancia Estadual de Regula\u00e7\u00e3o de Servi\u00e7os P\u00fablicos de Energia, Transportes e Comunica\u00e7\u00f5es da Bahia (Agerba) anunciou nesta quarta-feira (20) a suspens\u00e3o parcial das opera\u00e7\u00f5es no Terminal Mar\u00edtimo de Vera Cruz. A medida foi tomada ap\u00f3s a constata\u00e7\u00e3o de comprometimento estrutural no p\u00eder de atraca\u00e7\u00e3o, incluindo o dano em um dos cabe\u00e7os de amarra\u00e7\u00e3o.<\/p>\n<p>Com a decis\u00e3o, as linhas hidrovi\u00e1rias que ligam Salvador a Vera Cruz sofrer\u00e3o restri\u00e7\u00f5es tempor\u00e1rias, afetando a rotina de quem depende diariamente da travessia. Segundo a Agerba, a a\u00e7\u00e3o tem car\u00e1ter preventivo. \u201cO objetivo \u00e9 mitigar riscos \u00e0 integridade f\u00edsica de usu\u00e1rios, tripula\u00e7\u00f5es e demais agentes operacionais\u201d, destacou a ag\u00eancia.<\/p>\n<p>O \u00f3rg\u00e3o regulador afirmou ainda que a situa\u00e7\u00e3o ser\u00e1 acompanhada em tempo real, em articula\u00e7\u00e3o com os demais \u00f3rg\u00e3os competentes. \u201cSeguiremos monitorando a estrutura e adotando as medidas corretivas necess\u00e1rias para garantir a seguran\u00e7a e restabelecer gradualmente as opera\u00e7\u00f5es\u201d, informou.<\/p>\n<p>Apesar da suspens\u00e3o, a Agerba n\u00e3o detalhou prazos para a normaliza\u00e7\u00e3o total do servi\u00e7o, mas refor\u00e7ou que os reparos s\u00e3o imprescind\u00edveis para evitar acidentes e assegurar a continuidade das travessias em condi\u00e7\u00f5es seguras.<\/p>\n","protected":false},"excerpt":{"rendered":"<p>A Ag\u00eancia Estadual de Regula\u00e7\u00e3o de Servi\u00e7os P\u00fablicos de Energia, Transportes e Comunica\u00e7\u00f5es da Bahia (Agerba) anunciou nesta quarta-feira (20) a suspens\u00e3o parcial das opera\u00e7\u00f5es no Terminal Mar\u00edtimo de Vera Cruz. A medida foi tomada ap\u00f3s a constata\u00e7\u00e3o de comprometimento estrutural no p\u00eder de atraca\u00e7\u00e3o, incluindo o dano em um dos cabe\u00e7os de amarra\u00e7\u00e3o. Com [&hellip;]<\/p>\n","protected":false},"author":1,"featured_media":13660,"comment_status":"open","ping_status":"closed","sticky":false,"template":"","format":"standard","meta":{"jnews-multi-image_gallery":[],"jnews_single_post":[],"jnews_primary_category":[],"footnotes":""},"categories":[85],"tags":[],"class_list":["post-13658","post","type-post","status-publish","format-standard","has-post-thumbnail","hentry","category-noticias"],"_links":{"self":[{"href":"https:\/\/cidadebaixaonline.com.br\/index.php\/wp-json\/wp\/v2\/posts\/13658","targetHints":{"allow":["GET"]}}],"collection":[{"href":"https:\/\/cidadebaixaonline.com.br\/index.php\/wp-json\/wp\/v2\/posts"}],"about":[{"href":"https:\/\/cidadebaixaonline.com.br\/index.php\/wp-json\/wp\/v2\/types\/post"}],"author":[{"embeddable":true,"href":"https:\/\/cidadebaixaonline.com.br\/index.php\/wp-json\/wp\/v2\/users\/1"}],"replies":[{"embeddable":true,"href":"https:\/\/cidadebaixaonline.com.br\/index.php\/wp-json\/wp\/v2\/comments?post=13658"}],"version-history":[{"count":1,"href":"https:\/\/cidadebaixaonline.com.br\/index.php\/wp-json\/wp\/v2\/posts\/13658\/revisions"}],"predecessor-version":[{"id":13659,"href":"https:\/\/cidadebaixaonline.com.br\/index.php\/wp-json\/wp\/v2\/posts\/13658\/revisions\/13659"}],"wp:featuredmedia":[{"embeddable":true,"href":"https:\/\/cidadebaixaonline.com.br\/index.php\/wp-json\/wp\/v2\/media\/13660"}],"wp:attachment":[{"href":"https:\/\/cidadebaixaonline.com.br\/index.php\/wp-json\/wp\/v2\/media?parent=13658"}],"wp:term":[{"taxonomy":"category","embeddable":true,"href":"https:\/\/cidadebaixaonline.com.br\/index.php\/wp-json\/wp\/v2\/categories?post=13658"},{"taxonomy":"post_tag","embeddable":true,"href":"https:\/\/cidadebaixaonline.com.br\/index.php\/wp-json\/wp\/v2\/tags?post=13658"}],"curies":[{"name":"wp","href":"https:\/\/api.w.org\/{rel}","templated":true}]}}