{"id":13652,"date":"2025-08-21T12:44:36","date_gmt":"2025-08-21T15:44:36","guid":{"rendered":"https:\/\/cidadebaixaonline.com.br\/?p=13652"},"modified":"2025-08-21T12:44:36","modified_gmt":"2025-08-21T15:44:36","slug":"jeronimo-atualiza-situacao-do-odorico-e-do-antigo-centro-de-convencoes","status":"publish","type":"post","link":"https:\/\/cidadebaixaonline.com.br\/index.php\/2025\/08\/21\/jeronimo-atualiza-situacao-do-odorico-e-do-antigo-centro-de-convencoes\/","title":{"rendered":"Jer\u00f4nimo atualiza situa\u00e7\u00e3o do Odorico e do antigo Centro de Conven\u00e7\u00f5es"},"content":{"rendered":"<p>O governador Jer\u00f4nimo Rodrigues (PT) atualizou nesta quinta-feira (21) a situa\u00e7\u00e3o da venda de dois terrenos pertencentes a gest\u00e3o estadual: o antigo Centro de Conven\u00e7\u00f5es de Salvador e o Col\u00e9gio Estadual Odorico Tavares, ambos localizados na capital baiana. A atualiza\u00e7\u00e3o foi feita em entrevista coletiva durante a visita \u00e0s obras de moderniza\u00e7\u00e3o do Complexo do Teatro Castro Alves (TCA).<\/p>\n<p>Ao bahia.ba, Jer\u00f4nimo detalhou que a venda do Centro de Conven\u00e7\u00f5es enfrenta um \u201cimbr\u00f3glio jur\u00eddico\u201d. \u201cA gente ainda n\u00e3o conseguiu totalmente desfazer [esse imbr\u00f3glio]. Assim que sair \u00e9 de interesse meu, estava quase resolvido, mas na Justi\u00e7a sempre pode haver um pedido de revis\u00e3o, alguma coisa, e isso segurou um pouco mais, mas assim que sair n\u00f3s vamos partir para o leil\u00e3o\u201d, disse o gestor estadual.<\/p>\n<p>Fechado em 2016, ap\u00f3s o desabamento de parte da fachada do im\u00f3vel por falta de manuten\u00e7\u00e3o e oxida\u00e7\u00e3o da estrutura, o antigo Centro de Conven\u00e7\u00f5es de Salvador, localizado no bairro do STIEP, segue abandonado h\u00e1 quase dez anos. O terreno, avaliado em cerca de R$ 300 milh\u00f5es, chegou a ter sua venda autorizada pela Assembleia Legislativa da Bahia (ALBA) ainda em 2021, sem avan\u00e7o nas tratativas desde ent\u00e3o.<\/p>\n<p><strong>Odorico Tavares<\/strong><\/p>\n<p>J\u00e1 o Col\u00e9gio Estadual Odorico Tavares, localizado no Corredor da Vit\u00f3ria, fechou no in\u00edcio de 2020, e logo teve sua venda autorizada pelo Legislativo. Cinco anos depois, por\u00e9m, a estrutura segue com seu futuro indefinido, algo que, segundo o governador, deve mudar em breve, com os recursos da venda sendo destinados para investimentos para constru\u00e7\u00e3o de duas novas escolas na capital.<\/p>\n<p>\u201cO acordo feito l\u00e1 atr\u00e1s, pela palavra do agora ministro Rui Costa, eu vou manter. O Odorico ser\u00e1 feito uma troca, o processo de leil\u00e3o ou de venda dele, os recursos captados ser\u00e3o reinvestidos em escolas. Naquele momento [da venda], eu estava na Secret\u00e1ria de Educa\u00e7\u00e3o, Rui era governador, n\u00f3s chegamos a tentar fazer um ato de leil\u00e3o j\u00e1 condicionado a s\u00f3 entregar a estrutura quando as escolas estivessem entregues. Ent\u00e3o, se ali hoje, [o terreno] custa, em m\u00e9dia, R$40, R$ 50 milh\u00f5es, d\u00e1 pra fazer uma ou duas escolas nesse mesmo padr\u00e3o\u201d, detalhou Jer\u00f4nimo.<\/p>\n<p>\u201cJ\u00e1 pedi \u00e0 secret\u00e1ria [de Educa\u00e7\u00e3o], Rowenna [Britto], ver pelo menos em Salvador, j\u00e1 que o pr\u00e9dio \u00e9 aqui, ela escolher duas escolas aqui. Se n\u00e3o der, a gente faz aonde for, porque escola \u00e9 universal. Ent\u00e3o eu estou aguardando para fazer esse grande pacote\u201d, completou.<\/p>\n<div>\n<div class=\"trv-player-container\">\n<div class=\"trv-wrapper\">\n<div id=\"br_video_player_425af50a08bee03f7aeab9f27d65a99dc3c659f9\" class=\"trvd_video_player trvdinstream\">No final de julho, a gest\u00e3o estadual chegou a anunciar a abertura do leil\u00e3o do terreno do col\u00e9gio, mas suspendeu o preg\u00e3o horas depois sob a justificativa de que o edital necessitava de ajustes t\u00e9cnicos.<\/div>\n<\/div>\n<\/div>\n<\/div>\n","protected":false},"excerpt":{"rendered":"<p>O governador Jer\u00f4nimo Rodrigues (PT) atualizou nesta quinta-feira (21) a situa\u00e7\u00e3o da venda de dois terrenos pertencentes a gest\u00e3o estadual: o antigo Centro de Conven\u00e7\u00f5es de Salvador e o Col\u00e9gio Estadual Odorico Tavares, ambos localizados na capital baiana. A atualiza\u00e7\u00e3o foi feita em entrevista coletiva durante a visita \u00e0s obras de moderniza\u00e7\u00e3o do Complexo do [&hellip;]<\/p>\n","protected":false},"author":1,"featured_media":13654,"comment_status":"open","ping_status":"closed","sticky":false,"template":"","format":"standard","meta":{"jnews-multi-image_gallery":[],"jnews_single_post":[],"jnews_primary_category":[],"footnotes":""},"categories":[85],"tags":[],"class_list":["post-13652","post","type-post","status-publish","format-standard","has-post-thumbnail","hentry","category-noticias"],"_links":{"self":[{"href":"https:\/\/cidadebaixaonline.com.br\/index.php\/wp-json\/wp\/v2\/posts\/13652","targetHints":{"allow":["GET"]}}],"collection":[{"href":"https:\/\/cidadebaixaonline.com.br\/index.php\/wp-json\/wp\/v2\/posts"}],"about":[{"href":"https:\/\/cidadebaixaonline.com.br\/index.php\/wp-json\/wp\/v2\/types\/post"}],"author":[{"embeddable":true,"href":"https:\/\/cidadebaixaonline.com.br\/index.php\/wp-json\/wp\/v2\/users\/1"}],"replies":[{"embeddable":true,"href":"https:\/\/cidadebaixaonline.com.br\/index.php\/wp-json\/wp\/v2\/comments?post=13652"}],"version-history":[{"count":1,"href":"https:\/\/cidadebaixaonline.com.br\/index.php\/wp-json\/wp\/v2\/posts\/13652\/revisions"}],"predecessor-version":[{"id":13653,"href":"https:\/\/cidadebaixaonline.com.br\/index.php\/wp-json\/wp\/v2\/posts\/13652\/revisions\/13653"}],"wp:featuredmedia":[{"embeddable":true,"href":"https:\/\/cidadebaixaonline.com.br\/index.php\/wp-json\/wp\/v2\/media\/13654"}],"wp:attachment":[{"href":"https:\/\/cidadebaixaonline.com.br\/index.php\/wp-json\/wp\/v2\/media?parent=13652"}],"wp:term":[{"taxonomy":"category","embeddable":true,"href":"https:\/\/cidadebaixaonline.com.br\/index.php\/wp-json\/wp\/v2\/categories?post=13652"},{"taxonomy":"post_tag","embeddable":true,"href":"https:\/\/cidadebaixaonline.com.br\/index.php\/wp-json\/wp\/v2\/tags?post=13652"}],"curies":[{"name":"wp","href":"https:\/\/api.w.org\/{rel}","templated":true}]}}