{"id":13649,"date":"2025-08-20T14:21:35","date_gmt":"2025-08-20T17:21:35","guid":{"rendered":"https:\/\/cidadebaixaonline.com.br\/?p=13649"},"modified":"2025-08-20T14:21:36","modified_gmt":"2025-08-20T17:21:36","slug":"plano-inclinado-liberdade-calcada-volta-a-operar-nesta-quarta-feira-20","status":"publish","type":"post","link":"https:\/\/cidadebaixaonline.com.br\/index.php\/2025\/08\/20\/plano-inclinado-liberdade-calcada-volta-a-operar-nesta-quarta-feira-20\/","title":{"rendered":"Plano Inclinado Liberdade-Cal\u00e7ada volta a operar nesta quarta-feira (20)"},"content":{"rendered":"<p>O Plano Inclinado Liberdade-Cal\u00e7ada teve o funcionamento restabelecido no in\u00edcio da manh\u00e3 desta quarta-feira (20).<\/p>\n<p>O equipamento estava com o atendimento suspenso desde a \u00faltima segunda-feira (18), quando foi identificada falha em uma das pe\u00e7as de rolamento dos bondes. A suspeita \u00e9 de que o equipamento tenha sido alvo de vandalismo, j\u00e1 que parte das pe\u00e7as n\u00e3o foram encontradas.<\/p>\n<p>Com a retomada da opera\u00e7\u00e3o, os usu\u00e1rios j\u00e1 podem utilizar o equipamento normalmente para se deslocar entre as regi\u00f5es da Cal\u00e7ada e da Liberdade.<\/p>\n<p>O equipamento opera, de forma gratuita, de segunda a sexta, das 6h15 \u00e0s 18h15, e aos s\u00e1bados das 7h \u00e0s 13h.<\/p>\n","protected":false},"excerpt":{"rendered":"<p>O Plano Inclinado Liberdade-Cal\u00e7ada teve o funcionamento restabelecido no in\u00edcio da manh\u00e3 desta quarta-feira (20). O equipamento estava com o atendimento suspenso desde a \u00faltima segunda-feira (18), quando foi identificada falha em uma das pe\u00e7as de rolamento dos bondes. A suspeita \u00e9 de que o equipamento tenha sido alvo de vandalismo, j\u00e1 que parte das [&hellip;]<\/p>\n","protected":false},"author":1,"featured_media":13651,"comment_status":"open","ping_status":"closed","sticky":false,"template":"","format":"standard","meta":{"jnews-multi-image_gallery":[],"jnews_single_post":[],"jnews_primary_category":[],"footnotes":""},"categories":[151],"tags":[],"class_list":["post-13649","post","type-post","status-publish","format-standard","has-post-thumbnail","hentry","category-plano-inclinado"],"_links":{"self":[{"href":"https:\/\/cidadebaixaonline.com.br\/index.php\/wp-json\/wp\/v2\/posts\/13649","targetHints":{"allow":["GET"]}}],"collection":[{"href":"https:\/\/cidadebaixaonline.com.br\/index.php\/wp-json\/wp\/v2\/posts"}],"about":[{"href":"https:\/\/cidadebaixaonline.com.br\/index.php\/wp-json\/wp\/v2\/types\/post"}],"author":[{"embeddable":true,"href":"https:\/\/cidadebaixaonline.com.br\/index.php\/wp-json\/wp\/v2\/users\/1"}],"replies":[{"embeddable":true,"href":"https:\/\/cidadebaixaonline.com.br\/index.php\/wp-json\/wp\/v2\/comments?post=13649"}],"version-history":[{"count":1,"href":"https:\/\/cidadebaixaonline.com.br\/index.php\/wp-json\/wp\/v2\/posts\/13649\/revisions"}],"predecessor-version":[{"id":13650,"href":"https:\/\/cidadebaixaonline.com.br\/index.php\/wp-json\/wp\/v2\/posts\/13649\/revisions\/13650"}],"wp:featuredmedia":[{"embeddable":true,"href":"https:\/\/cidadebaixaonline.com.br\/index.php\/wp-json\/wp\/v2\/media\/13651"}],"wp:attachment":[{"href":"https:\/\/cidadebaixaonline.com.br\/index.php\/wp-json\/wp\/v2\/media?parent=13649"}],"wp:term":[{"taxonomy":"category","embeddable":true,"href":"https:\/\/cidadebaixaonline.com.br\/index.php\/wp-json\/wp\/v2\/categories?post=13649"},{"taxonomy":"post_tag","embeddable":true,"href":"https:\/\/cidadebaixaonline.com.br\/index.php\/wp-json\/wp\/v2\/tags?post=13649"}],"curies":[{"name":"wp","href":"https:\/\/api.w.org\/{rel}","templated":true}]}}