{"id":13636,"date":"2025-08-19T09:25:25","date_gmt":"2025-08-19T12:25:25","guid":{"rendered":"https:\/\/cidadebaixaonline.com.br\/?p=13636"},"modified":"2025-08-19T09:25:26","modified_gmt":"2025-08-19T12:25:26","slug":"transporte-sera-retomado-na-ladeira-da-montanha-a-partir-desta-terca-feira-19","status":"publish","type":"post","link":"https:\/\/cidadebaixaonline.com.br\/index.php\/2025\/08\/19\/transporte-sera-retomado-na-ladeira-da-montanha-a-partir-desta-terca-feira-19\/","title":{"rendered":"Transporte ser\u00e1 retomado na Ladeira da Montanha a partir desta ter\u00e7a-feira (19)"},"content":{"rendered":"<p>As linhas de \u00f4nibus que trafegam pela Ladeira da Montanha ter\u00e3o seu atendimento retomado a partir desta ter\u00e7a-feira (19). A via est\u00e1 interditada desde o in\u00edcio do m\u00eas de abril, ap\u00f3s solicita\u00e7\u00e3o do Instituto do Patrim\u00f4nio Hist\u00f3rico e Art\u00edstico Nacional (Iphan) em raz\u00e3o do risco de queda de partes de um im\u00f3vel tombado no trecho.<\/p>\n<div class=\"materia\">\n<div class=\"conteudo_post\">\n<p><span class=\"cf0\">Com isso, as linhas de \u00f4nibus que estavam com seus itiner\u00e1rios modificados dever\u00e3o retomar os trajetos de origem. Agentes de tr\u00e2nsito e transporte e prepostos das concession\u00e1rias estar\u00e3o pela regi\u00e3o para orientar os usu\u00e1rios.\u00a0<\/span><strong><span class=\"cf0\">Confira as linhas afetadas:<\/span><\/strong><\/p>\n<p><span class=\"cf0\">0201 \u2013 Ribeira\/Bonfim <\/span><span class=\"cf1\">\u2013 Campo Grande<\/span><\/p>\n<p><span class=\"cf1\">0201-01 Terminal da Fran<\/span><span class=\"cf0\">\u00e7a \u2013 Ribeira\/Bonfim<\/span><\/p>\n<p><span class=\"cf0\">0205 <\/span><span class=\"cf1\">\u2013 Massaranduba \u2013 Forte de S<\/span><span class=\"cf0\">\u00e3o Pedro<\/span><\/p>\n<p><span class=\"cf0\">0213 \u2013 Ribeira <\/span><span class=\"cf1\">\u2013 Federa<\/span><span class=\"cf0\">\u00e7\u00e3o<\/span><\/p>\n<p><span class=\"cf0\">0302 \u2013 Boa Vista de S\u00e3o Caetano\/Capelinha <\/span><span class=\"cf1\">\u2013 Campo Grande<\/span><\/p>\n<p><span class=\"cf1\">0313 \u2013 Fazenda Grande do Retiro \u2013 Barra<\/span><\/p>\n<p><span class=\"cf1\">0313-03 \u2013 Fazenda Grande do Retiro \u2013 Campo Grande<\/span><\/p>\n<p><span class=\"cf1\">0321 \u2013 Marechal Rondon \u2013 Barra<\/span><\/p>\n<p><span class=\"cf1\">0321-02 \u2013 Marechal Rondon \u2013 Campo Grande<\/span><\/p>\n<p><span class=\"cf1\">0339 \u2013 Rodovi<\/span><span class=\"cf0\">\u00e1ria Circular R 1<\/span><\/p>\n<p><span class=\"cf0\">0419\/ Z003- Pau Mi\u00fado <\/span><span class=\"cf1\">\u2013 Fran<\/span><span class=\"cf0\">\u00e7a\/<\/span><span class=\"cf0\">Cpo<\/span><span class=\"cf0\"> Grande<\/span><\/p>\n<p><span class=\"cf0\">0720 \u2013 Vale das Pedrinhas <\/span><span class=\"cf1\">\u2013 Vila Rui Barbosa<\/span><\/p>\n<p><span class=\"cf1\">1130 \u2013 Cabula 6 \u2013 Ondina<\/span><\/p>\n<p><span class=\"cf1\">1137 \u2013 <\/span><span class=\"cf1\">Pernambu<\/span><span class=\"cf0\">\u00e9s<\/span> <span class=\"cf1\">\u2013 Barra<\/span><\/p>\n<p><span class=\"cf1\">1203 \u2013 Tancredo Neves \u2013 Campo Grande<\/span><\/p>\n<p><span class=\"cf1\">1230 \u2013 <\/span><span class=\"cf1\">Sussuarana<\/span><span class=\"cf1\"> \u2013 Barra R1<\/span><\/p>\n<p><span class=\"cf1\">1303 \u2013 Castelo Branco \u2013 Terminal Campo Grande<\/span><\/p>\n<p><span class=\"cf1\">1340 \u2013 Esta<\/span><span class=\"cf0\">\u00e7\u00e3o Piraj\u00e1 <\/span><span class=\"cf1\">\u2013 Barra 1<\/span><\/p>\n<p><span class=\"cf1\">1372 \u2013 Jardim Nova Esperan<\/span><span class=\"cf0\">\u00e7a\/<\/span><span class=\"cf0\">Vilamar<\/span> <span class=\"cf1\">\u2013 Com<\/span><span class=\"cf0\">\u00e9rcio\/Lapa<\/span><\/p>\n<p><span class=\"cf0\">1505 \u2013 Piraj\u00e1 (RV) <\/span><span class=\"cf1\">\u2013 Barra<\/span><\/p>\n<p><span class=\"cf1\">1607 \u2013 <\/span><span class=\"cf1\">Paripe<\/span><span class=\"cf1\"> \u2013 Barra<\/span><\/p>\n<p><span class=\"cf1\">1607-01 \u2013 <\/span><span class=\"cf1\">Paripe<\/span><span class=\"cf1\"> \u2013 Campo Grande<\/span><\/p>\n<p><span class=\"cf1\">1613 \u2013 Piripiri \u2013 Campo Grande<\/span><\/p>\n<p><span class=\"cf1\">1633 \u2013 Mirantes de Periperi \u2013 Ondina<\/span><\/p>\n<\/div>\n<\/div>\n","protected":false},"excerpt":{"rendered":"<p>As linhas de \u00f4nibus que trafegam pela Ladeira da Montanha ter\u00e3o seu atendimento retomado a partir desta ter\u00e7a-feira (19). A via est\u00e1 interditada desde o in\u00edcio do m\u00eas de abril, ap\u00f3s solicita\u00e7\u00e3o do Instituto do Patrim\u00f4nio Hist\u00f3rico e Art\u00edstico Nacional (Iphan) em raz\u00e3o do risco de queda de partes de um im\u00f3vel tombado no trecho. [&hellip;]<\/p>\n","protected":false},"author":1,"featured_media":13373,"comment_status":"open","ping_status":"closed","sticky":false,"template":"","format":"standard","meta":{"jnews-multi-image_gallery":[],"jnews_single_post":[],"jnews_primary_category":[],"footnotes":""},"categories":[114],"tags":[],"class_list":["post-13636","post","type-post","status-publish","format-standard","has-post-thumbnail","hentry","category-onibus"],"_links":{"self":[{"href":"https:\/\/cidadebaixaonline.com.br\/index.php\/wp-json\/wp\/v2\/posts\/13636","targetHints":{"allow":["GET"]}}],"collection":[{"href":"https:\/\/cidadebaixaonline.com.br\/index.php\/wp-json\/wp\/v2\/posts"}],"about":[{"href":"https:\/\/cidadebaixaonline.com.br\/index.php\/wp-json\/wp\/v2\/types\/post"}],"author":[{"embeddable":true,"href":"https:\/\/cidadebaixaonline.com.br\/index.php\/wp-json\/wp\/v2\/users\/1"}],"replies":[{"embeddable":true,"href":"https:\/\/cidadebaixaonline.com.br\/index.php\/wp-json\/wp\/v2\/comments?post=13636"}],"version-history":[{"count":1,"href":"https:\/\/cidadebaixaonline.com.br\/index.php\/wp-json\/wp\/v2\/posts\/13636\/revisions"}],"predecessor-version":[{"id":13637,"href":"https:\/\/cidadebaixaonline.com.br\/index.php\/wp-json\/wp\/v2\/posts\/13636\/revisions\/13637"}],"wp:featuredmedia":[{"embeddable":true,"href":"https:\/\/cidadebaixaonline.com.br\/index.php\/wp-json\/wp\/v2\/media\/13373"}],"wp:attachment":[{"href":"https:\/\/cidadebaixaonline.com.br\/index.php\/wp-json\/wp\/v2\/media?parent=13636"}],"wp:term":[{"taxonomy":"category","embeddable":true,"href":"https:\/\/cidadebaixaonline.com.br\/index.php\/wp-json\/wp\/v2\/categories?post=13636"},{"taxonomy":"post_tag","embeddable":true,"href":"https:\/\/cidadebaixaonline.com.br\/index.php\/wp-json\/wp\/v2\/tags?post=13636"}],"curies":[{"name":"wp","href":"https:\/\/api.w.org\/{rel}","templated":true}]}}