{"id":13630,"date":"2025-08-15T12:58:44","date_gmt":"2025-08-15T15:58:44","guid":{"rendered":"https:\/\/cidadebaixaonline.com.br\/?p=13630"},"modified":"2025-08-15T12:58:45","modified_gmt":"2025-08-15T15:58:45","slug":"setur-promove-turismo-baiano-na-colombia","status":"publish","type":"post","link":"https:\/\/cidadebaixaonline.com.br\/index.php\/2025\/08\/15\/setur-promove-turismo-baiano-na-colombia\/","title":{"rendered":"Setur promove turismo baiano na Col\u00f4mbia"},"content":{"rendered":"<p>Com a retomada do voo da Copa Airlines, da Cidade do Panam\u00e1, na Am\u00e9rica Central, para Salvador, a partir de 7 de janeiro, a Secretaria de Turismo da Bahia (Setur-BA) realizou, nesta semana, a promo\u00e7\u00e3o das 13 zonas tur\u00edsticas baianas, em Bogot\u00e1, na Col\u00f4mbia, para 120 profissionais do setor. A capital colombiana tem conex\u00e3o com o Hub (distribui\u00e7\u00e3o de voos) da companhia a\u00e9rea, na capital panamenha, que inclui mais 87 cidades das Am\u00e9ricas.<\/p>\n<div class=\"materia\">\n<div class=\"conteudo_post\">\n<p>A a\u00e7\u00e3o aconteceu no encerramento do Meeting Brasil \u2013 Latin America, evento itinerante que passou tamb\u00e9m por Assun\u00e7\u00e3o, no Paraguai, Montevid\u00e9u, no Uruguai, Santiago, no Chile e C\u00f3rdoba, na Argentina, com a capacita\u00e7\u00e3o de 1,5 mil agentes de viagens sobre os destinos baianos.<\/p>\n<p>\u201cA Bahia j\u00e1 recebe muitos turistas sul-americanos, mas a participa\u00e7\u00e3o dos colombianos ainda \u00e9 pequena. Como eles disp\u00f5em de voos diretos da Copa Airlines para a Cidade do Panam\u00e1, poder\u00e3o fazer a conex\u00e3o para Salvador, o que ir\u00e1 facilitar a visita \u00e0 capital baiana e seu entorno. Por isso, fizemos a a\u00e7\u00e3o promocional para atrair colombianos, que se soma \u00e0 capta\u00e7\u00e3o da retomada do voo entre o Panam\u00e1 e a Bahia, feita pelo Governo do Estado\u201d, explicou o gerente de Mercado Internacional da Setur-BA, Eduardo Koshima.<\/p>\n<p>\u201cCom a adi\u00e7\u00e3o da rota para Salvador, que ter\u00e1 quatro frequ\u00eancias semanais, e os voos a partir de 10 cidades colombianas, que j\u00e1 operamos, a Copa Airlines abre a conectividade entre esses destinos\u201d, completou a executiva da companhia a\u00e9rea, Aura Abdelnur L\u00e9on.<\/p>\n<div>\n<div class=\"trv-player-container\">\n<div class=\"trv-wrapper\">\n<div id=\"br_video_player_2c076e729d090555108abc4019216b9dc3c659f9\" class=\"trvd_video_player trvdinstream\">\n<div class=\"media-player\">\n<div class=\"trv-video\">Para a agente de viagens colombiana Heidi Salgado G\u00e1rces, \u201ca Bahia \u00e9 um dos destinos mais emblem\u00e1ticos do Brasil e item obrigat\u00f3rio no portf\u00f3lio de qualquer ag\u00eancia, pois re\u00fane riqueza cultural \u00edmpar, com uma diversidade de paisagens, que v\u00e3o de praias paradis\u00edacas ao charme do patrim\u00f4nio hist\u00f3rico\u201d.<\/div>\n<\/div>\n<\/div>\n<\/div>\n<\/div>\n<\/div>\n<\/div>\n<\/div>\n","protected":false},"excerpt":{"rendered":"<p>Com a retomada do voo da Copa Airlines, da Cidade do Panam\u00e1, na Am\u00e9rica Central, para Salvador, a partir de 7 de janeiro, a Secretaria de Turismo da Bahia (Setur-BA) realizou, nesta semana, a promo\u00e7\u00e3o das 13 zonas tur\u00edsticas baianas, em Bogot\u00e1, na Col\u00f4mbia, para 120 profissionais do setor. A capital colombiana tem conex\u00e3o com [&hellip;]<\/p>\n","protected":false},"author":1,"featured_media":13632,"comment_status":"open","ping_status":"closed","sticky":false,"template":"","format":"standard","meta":{"jnews-multi-image_gallery":[],"jnews_single_post":[],"jnews_primary_category":[],"footnotes":""},"categories":[235],"tags":[],"class_list":["post-13630","post","type-post","status-publish","format-standard","has-post-thumbnail","hentry","category-setur"],"_links":{"self":[{"href":"https:\/\/cidadebaixaonline.com.br\/index.php\/wp-json\/wp\/v2\/posts\/13630","targetHints":{"allow":["GET"]}}],"collection":[{"href":"https:\/\/cidadebaixaonline.com.br\/index.php\/wp-json\/wp\/v2\/posts"}],"about":[{"href":"https:\/\/cidadebaixaonline.com.br\/index.php\/wp-json\/wp\/v2\/types\/post"}],"author":[{"embeddable":true,"href":"https:\/\/cidadebaixaonline.com.br\/index.php\/wp-json\/wp\/v2\/users\/1"}],"replies":[{"embeddable":true,"href":"https:\/\/cidadebaixaonline.com.br\/index.php\/wp-json\/wp\/v2\/comments?post=13630"}],"version-history":[{"count":1,"href":"https:\/\/cidadebaixaonline.com.br\/index.php\/wp-json\/wp\/v2\/posts\/13630\/revisions"}],"predecessor-version":[{"id":13631,"href":"https:\/\/cidadebaixaonline.com.br\/index.php\/wp-json\/wp\/v2\/posts\/13630\/revisions\/13631"}],"wp:featuredmedia":[{"embeddable":true,"href":"https:\/\/cidadebaixaonline.com.br\/index.php\/wp-json\/wp\/v2\/media\/13632"}],"wp:attachment":[{"href":"https:\/\/cidadebaixaonline.com.br\/index.php\/wp-json\/wp\/v2\/media?parent=13630"}],"wp:term":[{"taxonomy":"category","embeddable":true,"href":"https:\/\/cidadebaixaonline.com.br\/index.php\/wp-json\/wp\/v2\/categories?post=13630"},{"taxonomy":"post_tag","embeddable":true,"href":"https:\/\/cidadebaixaonline.com.br\/index.php\/wp-json\/wp\/v2\/tags?post=13630"}],"curies":[{"name":"wp","href":"https:\/\/api.w.org\/{rel}","templated":true}]}}