{"id":13618,"date":"2025-08-14T17:54:40","date_gmt":"2025-08-14T20:54:40","guid":{"rendered":"https:\/\/cidadebaixaonline.com.br\/?p=13618"},"modified":"2025-08-14T17:54:40","modified_gmt":"2025-08-14T20:54:40","slug":"em-salvador-janja-participa-de-cerimonia-na-ribeira-ao-lado-de-artistas","status":"publish","type":"post","link":"https:\/\/cidadebaixaonline.com.br\/index.php\/2025\/08\/14\/em-salvador-janja-participa-de-cerimonia-na-ribeira-ao-lado-de-artistas\/","title":{"rendered":"Em Salvador, Janja participa de cerim\u00f4nia na Ribeira ao lado de artistas"},"content":{"rendered":"<p>A primeira-dama do Brasil, Janja Lula da Silva, desembarcou em Salvador na quarta-feira (13), onde participa da celebra\u00e7\u00e3o dos 20 anos da Associa\u00e7\u00e3o F\u00e1brica Cultural, que acontece nesta sexta-feira (15), a partir das 15h, no bairro da Ribeira.<\/p>\n<p>Na quarta-feira, Janja participou de um jantar ao lado da ministra da Cultura, Margareth Menezes, e da cantora Daniela Mercury. O encontro ocorreu no restaurante Amado, na Avenida Contorno.<\/p>\n<p>J\u00e1 na manh\u00e3 desta quinta, a primeira-dama esteve em Cajazeiras, onde participou de uma a\u00e7\u00e3o ao lado de evang\u00e9licos. Atrav\u00e9s das suas redes sociais, Janja ressaltou a necessidade do investimento em pol\u00edticas p\u00fablicas que contemplem a popula\u00e7\u00e3o mais carente.<\/p>\n<p>\u201cVamos desenvolver solu\u00e7\u00f5es e pol\u00edticas que fa\u00e7am bem para o nosso povo, avan\u00e7ando por um projeto de na\u00e7\u00e3o que preza por justi\u00e7a social\u201d, afirmou.<\/p>\n","protected":false},"excerpt":{"rendered":"<p>A primeira-dama do Brasil, Janja Lula da Silva, desembarcou em Salvador na quarta-feira (13), onde participa da celebra\u00e7\u00e3o dos 20 anos da Associa\u00e7\u00e3o F\u00e1brica Cultural, que acontece nesta sexta-feira (15), a partir das 15h, no bairro da Ribeira. Na quarta-feira, Janja participou de um jantar ao lado da ministra da Cultura, Margareth Menezes, e da [&hellip;]<\/p>\n","protected":false},"author":1,"featured_media":13620,"comment_status":"open","ping_status":"closed","sticky":false,"template":"","format":"standard","meta":{"jnews-multi-image_gallery":[],"jnews_single_post":[],"jnews_primary_category":[],"footnotes":""},"categories":[85],"tags":[],"class_list":["post-13618","post","type-post","status-publish","format-standard","has-post-thumbnail","hentry","category-noticias"],"_links":{"self":[{"href":"https:\/\/cidadebaixaonline.com.br\/index.php\/wp-json\/wp\/v2\/posts\/13618","targetHints":{"allow":["GET"]}}],"collection":[{"href":"https:\/\/cidadebaixaonline.com.br\/index.php\/wp-json\/wp\/v2\/posts"}],"about":[{"href":"https:\/\/cidadebaixaonline.com.br\/index.php\/wp-json\/wp\/v2\/types\/post"}],"author":[{"embeddable":true,"href":"https:\/\/cidadebaixaonline.com.br\/index.php\/wp-json\/wp\/v2\/users\/1"}],"replies":[{"embeddable":true,"href":"https:\/\/cidadebaixaonline.com.br\/index.php\/wp-json\/wp\/v2\/comments?post=13618"}],"version-history":[{"count":1,"href":"https:\/\/cidadebaixaonline.com.br\/index.php\/wp-json\/wp\/v2\/posts\/13618\/revisions"}],"predecessor-version":[{"id":13619,"href":"https:\/\/cidadebaixaonline.com.br\/index.php\/wp-json\/wp\/v2\/posts\/13618\/revisions\/13619"}],"wp:featuredmedia":[{"embeddable":true,"href":"https:\/\/cidadebaixaonline.com.br\/index.php\/wp-json\/wp\/v2\/media\/13620"}],"wp:attachment":[{"href":"https:\/\/cidadebaixaonline.com.br\/index.php\/wp-json\/wp\/v2\/media?parent=13618"}],"wp:term":[{"taxonomy":"category","embeddable":true,"href":"https:\/\/cidadebaixaonline.com.br\/index.php\/wp-json\/wp\/v2\/categories?post=13618"},{"taxonomy":"post_tag","embeddable":true,"href":"https:\/\/cidadebaixaonline.com.br\/index.php\/wp-json\/wp\/v2\/tags?post=13618"}],"curies":[{"name":"wp","href":"https:\/\/api.w.org\/{rel}","templated":true}]}}