{"id":13615,"date":"2025-08-14T17:51:02","date_gmt":"2025-08-14T20:51:02","guid":{"rendered":"https:\/\/cidadebaixaonline.com.br\/?p=13615"},"modified":"2025-08-14T17:52:08","modified_gmt":"2025-08-14T20:52:08","slug":"gabinete-portugues-de-leitura-celebra-historia-com-samba-de-roda","status":"publish","type":"post","link":"https:\/\/cidadebaixaonline.com.br\/index.php\/2025\/08\/14\/gabinete-portugues-de-leitura-celebra-historia-com-samba-de-roda\/","title":{"rendered":"Gabinete Portugu\u00eas de Leitura celebra hist\u00f3ria com samba de roda"},"content":{"rendered":"<p>As portas do Gabinete Portugu\u00eas de Leitura, na Pra\u00e7a da Piedade, se abrem para o Samba de Roda no Gabinete, evento que une m\u00fasica e hist\u00f3ria, no pr\u00f3ximo s\u00e1bado (16). Como parte da programa\u00e7\u00e3o do Festival Internacional de Portugal e da L\u00edngua Portuguesa, o evento traz \u00e0 tona a influ\u00eancia lusitana na m\u00fasica brasileira, com destaque especial para a viola-machete e sua presen\u00e7a no samba de roda.<\/p>\n<div class=\"materia\">\n<div class=\"conteudo_post\">\n<p data-start=\"711\" data-end=\"1007\">As portas do palacete se abrem \u00e0s 14 horas. A tarde come\u00e7a com a participa\u00e7\u00e3o de C\u00e1ssio Nobre, music\u00f3logo e professor, que far\u00e1 uma apresenta\u00e7\u00e3o no Sal\u00e3o Nobre sobre a hist\u00f3ria dessa viola: como foi criada, como chegou ao Brasil e como circulou, dentre tantos outros lugares, pelo nosso estado.<\/p>\n<p data-start=\"1009\" data-end=\"1313\">Logo ap\u00f3s, segue-se uma apresenta\u00e7\u00e3o do Grupo Samba Chula Filhos de Oy\u00f2. \u201cEles mant\u00eam a tradi\u00e7\u00e3o de como o samba de roda era feito tradicionalmente no Rec\u00f4ncavo. Preservam a sonoridade e o pr\u00f3prio repert\u00f3rio, mantendo viva a tradi\u00e7\u00e3o\u201d, explica Daniel Bento, diretor do Gabinete e idealizador do evento.<\/p>\n<p data-start=\"1315\" data-end=\"1652\">A viola-machete \u00e9 um instrumento de cordas t\u00edpico do norte de Portugal, que chegou ao Brasil com imigrantes portugueses no s\u00e9culo XIX. Ela foi sendo disseminada por diversos outros lugares durante a caminhada desses grupos pelo Rec\u00f4ncavo baiano, onde se encontrou com outros povos e influ\u00eancias, resultando na cria\u00e7\u00e3o do samba de roda.<\/p>\n<p data-start=\"1654\" data-end=\"2020\">\u201cO evento resgata a viola-machete como elemento de influ\u00eancia portuguesa na cria\u00e7\u00e3o de uma m\u00fasica que viria a se transformar na m\u00fasica brasileira com o in\u00edcio do samba. O objetivo \u00e9 p\u00f4r luz sobre essa influ\u00eancia portuguesa e, ao mesmo tempo, manter a tradi\u00e7\u00e3o e despertar o interesse das pessoas pelo instrumento important\u00edssimo que \u00e9 a viola-machete\u201d, diz Daniel.<br \/>\nO evento \u00e9 gratuito e aberto ao p\u00fablico.<\/p>\n<\/div>\n<\/div>\n","protected":false},"excerpt":{"rendered":"<p>As portas do Gabinete Portugu\u00eas de Leitura, na Pra\u00e7a da Piedade, se abrem para o Samba de Roda no Gabinete, evento que une m\u00fasica e hist\u00f3ria, no pr\u00f3ximo s\u00e1bado (16). Como parte da programa\u00e7\u00e3o do Festival Internacional de Portugal e da L\u00edngua Portuguesa, o evento traz \u00e0 tona a influ\u00eancia lusitana na m\u00fasica brasileira, com [&hellip;]<\/p>\n","protected":false},"author":1,"featured_media":13617,"comment_status":"open","ping_status":"closed","sticky":false,"template":"","format":"standard","meta":{"jnews-multi-image_gallery":[],"jnews_single_post":[],"jnews_primary_category":[],"footnotes":""},"categories":[85],"tags":[],"class_list":["post-13615","post","type-post","status-publish","format-standard","has-post-thumbnail","hentry","category-noticias"],"_links":{"self":[{"href":"https:\/\/cidadebaixaonline.com.br\/index.php\/wp-json\/wp\/v2\/posts\/13615","targetHints":{"allow":["GET"]}}],"collection":[{"href":"https:\/\/cidadebaixaonline.com.br\/index.php\/wp-json\/wp\/v2\/posts"}],"about":[{"href":"https:\/\/cidadebaixaonline.com.br\/index.php\/wp-json\/wp\/v2\/types\/post"}],"author":[{"embeddable":true,"href":"https:\/\/cidadebaixaonline.com.br\/index.php\/wp-json\/wp\/v2\/users\/1"}],"replies":[{"embeddable":true,"href":"https:\/\/cidadebaixaonline.com.br\/index.php\/wp-json\/wp\/v2\/comments?post=13615"}],"version-history":[{"count":1,"href":"https:\/\/cidadebaixaonline.com.br\/index.php\/wp-json\/wp\/v2\/posts\/13615\/revisions"}],"predecessor-version":[{"id":13616,"href":"https:\/\/cidadebaixaonline.com.br\/index.php\/wp-json\/wp\/v2\/posts\/13615\/revisions\/13616"}],"wp:featuredmedia":[{"embeddable":true,"href":"https:\/\/cidadebaixaonline.com.br\/index.php\/wp-json\/wp\/v2\/media\/13617"}],"wp:attachment":[{"href":"https:\/\/cidadebaixaonline.com.br\/index.php\/wp-json\/wp\/v2\/media?parent=13615"}],"wp:term":[{"taxonomy":"category","embeddable":true,"href":"https:\/\/cidadebaixaonline.com.br\/index.php\/wp-json\/wp\/v2\/categories?post=13615"},{"taxonomy":"post_tag","embeddable":true,"href":"https:\/\/cidadebaixaonline.com.br\/index.php\/wp-json\/wp\/v2\/tags?post=13615"}],"curies":[{"name":"wp","href":"https:\/\/api.w.org\/{rel}","templated":true}]}}