{"id":13603,"date":"2025-08-13T20:05:46","date_gmt":"2025-08-13T23:05:46","guid":{"rendered":"https:\/\/cidadebaixaonline.com.br\/?p=13603"},"modified":"2025-08-13T20:05:47","modified_gmt":"2025-08-13T23:05:47","slug":"navios-militares-abrem-para-visitacao-neste-fim-de-semana-em-salvador","status":"publish","type":"post","link":"https:\/\/cidadebaixaonline.com.br\/index.php\/2025\/08\/13\/navios-militares-abrem-para-visitacao-neste-fim-de-semana-em-salvador\/","title":{"rendered":"Navios militares abrem para visita\u00e7\u00e3o neste fim de semana em Salvador"},"content":{"rendered":"<p><span style=\"font-size: 16px;\">Navios militares estar\u00e3o dispon\u00edveis para visita\u00e7\u00e3o gratuita em Salvador a partir do pr\u00f3ximo domingo (17). A Fragata \u201cIndepend\u00eancia\u201d, da Marinha do Brasil, e a Corveta \u201cEspora\u201d, da Armada Argentina, estar\u00e3o atracadas no Porto de Salvador, das 9h \u00e0s 16h.<\/span><\/p>\n<div class=\"materia\">\n<div class=\"conteudo_post\">\n<p>A novidade faz parte das celebra\u00e7\u00f5es da 38\u00aa edi\u00e7\u00e3o da Opera\u00e7\u00e3o \u201cFraternos\u201d, realizada pela Marinha do Brasil e pela Armada da Rep\u00fablica Argentina (ARA).<\/p>\n<p>A embarca\u00e7\u00e3o da Marinha do Brasil possui 129,2 metros de comprimento, 13,5 metros de largura e calado de 5,5 metros, com deslocamento de at\u00e9 3.800 toneladas. Ela \u00e9 empregada, normalmente, em miss\u00f5es de defesa a\u00e9rea.<\/p>\n<p>J\u00e1 o navio pertencente \u00e0 Armada Argentina mede 91,2 metros de comprimento, 11,1 metros de largura e 4,5 metros de calado, com deslocamento de 1.790 toneladas. Ele \u00e9 utilizado, na maioria dos casos, em patrulhas mar\u00edtimas.<\/p>\n<\/div>\n<\/div>\n","protected":false},"excerpt":{"rendered":"<p>Navios militares estar\u00e3o dispon\u00edveis para visita\u00e7\u00e3o gratuita em Salvador a partir do pr\u00f3ximo domingo (17). A Fragata \u201cIndepend\u00eancia\u201d, da Marinha do Brasil, e a Corveta \u201cEspora\u201d, da Armada Argentina, estar\u00e3o atracadas no Porto de Salvador, das 9h \u00e0s 16h. A novidade faz parte das celebra\u00e7\u00f5es da 38\u00aa edi\u00e7\u00e3o da Opera\u00e7\u00e3o \u201cFraternos\u201d, realizada pela Marinha do [&hellip;]<\/p>\n","protected":false},"author":1,"featured_media":13605,"comment_status":"open","ping_status":"closed","sticky":false,"template":"","format":"standard","meta":{"jnews-multi-image_gallery":[],"jnews_single_post":[],"jnews_primary_category":[],"footnotes":""},"categories":[85],"tags":[],"class_list":["post-13603","post","type-post","status-publish","format-standard","has-post-thumbnail","hentry","category-noticias"],"_links":{"self":[{"href":"https:\/\/cidadebaixaonline.com.br\/index.php\/wp-json\/wp\/v2\/posts\/13603","targetHints":{"allow":["GET"]}}],"collection":[{"href":"https:\/\/cidadebaixaonline.com.br\/index.php\/wp-json\/wp\/v2\/posts"}],"about":[{"href":"https:\/\/cidadebaixaonline.com.br\/index.php\/wp-json\/wp\/v2\/types\/post"}],"author":[{"embeddable":true,"href":"https:\/\/cidadebaixaonline.com.br\/index.php\/wp-json\/wp\/v2\/users\/1"}],"replies":[{"embeddable":true,"href":"https:\/\/cidadebaixaonline.com.br\/index.php\/wp-json\/wp\/v2\/comments?post=13603"}],"version-history":[{"count":1,"href":"https:\/\/cidadebaixaonline.com.br\/index.php\/wp-json\/wp\/v2\/posts\/13603\/revisions"}],"predecessor-version":[{"id":13604,"href":"https:\/\/cidadebaixaonline.com.br\/index.php\/wp-json\/wp\/v2\/posts\/13603\/revisions\/13604"}],"wp:featuredmedia":[{"embeddable":true,"href":"https:\/\/cidadebaixaonline.com.br\/index.php\/wp-json\/wp\/v2\/media\/13605"}],"wp:attachment":[{"href":"https:\/\/cidadebaixaonline.com.br\/index.php\/wp-json\/wp\/v2\/media?parent=13603"}],"wp:term":[{"taxonomy":"category","embeddable":true,"href":"https:\/\/cidadebaixaonline.com.br\/index.php\/wp-json\/wp\/v2\/categories?post=13603"},{"taxonomy":"post_tag","embeddable":true,"href":"https:\/\/cidadebaixaonline.com.br\/index.php\/wp-json\/wp\/v2\/tags?post=13603"}],"curies":[{"name":"wp","href":"https:\/\/api.w.org\/{rel}","templated":true}]}}