{"id":13598,"date":"2025-08-12T12:51:48","date_gmt":"2025-08-12T15:51:48","guid":{"rendered":"https:\/\/cidadebaixaonline.com.br\/?p=13598"},"modified":"2025-08-12T12:51:48","modified_gmt":"2025-08-12T15:51:48","slug":"jeronimo-desapropria-area-para-construir-acessos-a-ponte-salvador-itaparica","status":"publish","type":"post","link":"https:\/\/cidadebaixaonline.com.br\/index.php\/2025\/08\/12\/jeronimo-desapropria-area-para-construir-acessos-a-ponte-salvador-itaparica\/","title":{"rendered":"Jer\u00f4nimo desapropria \u00e1rea para construir acessos \u00e0 Ponte Salvador-Itaparica"},"content":{"rendered":"<p>O governador Jer\u00f4nimo Rodrigues (PT) assinou, nesta segunda-feira (11), a desapropria\u00e7\u00e3o de uma <strong>\u00e1rea de 1.790,760 m\u00b2<\/strong> na regi\u00e3o de \u00c1gua de Meninos, em Salvador. O objetivo do decreto \u00e9 viabilizar a constru\u00e7\u00e3o dos acessos vi\u00e1rios \u00e0 Ponte Salvador-Itaparica, considerada a maior obra j\u00e1 realizada na Bahia.<\/p>\n<p>No local, devem ser constru\u00eddos <strong>quatro viadutos<\/strong>, que servir\u00e3o como acesso e sa\u00edda para a ponte, al\u00e9m de <strong>dois t\u00faneis<\/strong>, paralelos \u00e0 Via Expressa Ba\u00eda de Todos-os-Santos.<\/p>\n<p>Al\u00e9m desses viadutos e t\u00faneis, o Sistema Vi\u00e1rio da Ponte Salvador-Itaparica tamb\u00e9m contar\u00e1 com a <strong>constru\u00e7\u00e3o de uma nova rodovia<\/strong>, j\u00e1 duplicada, no munic\u00edpio de Vera Cruz. Essa estrada funcionar\u00e1 como acesso \u00e0 ponte no lado da Ilha de Itaparica, conectando com a BA-001.<\/p>\n<p>Todo o Sistema Vi\u00e1rio da Ponte Salvador-Itaparica ter\u00e1 um custo que atualmente \u00e9 estimado em <strong>R$ 10,42 bilh\u00f5es<\/strong>. A previs\u00e3o \u00e9 que as obras comecem no in\u00edcio de 2026, com prazo de conclus\u00e3o de cinco anos.<\/p>\n<div>\n<div class=\"trv-player-container\">\n<div class=\"trv-wrapper\">\n<div id=\"br_video_player_10df53c67623fbb3803260dc8ab7dd9dc3c659f9\" class=\"trvd_video_player trvdinstream\">\n<div class=\"media-player\">\n<div class=\"trv-video\">Desde que encerraram o processo de sondagem, no dia 4 de abril, as empresas estatais chinesas que formam o cons\u00f3rcio respons\u00e1vel pela constru\u00e7\u00e3o est\u00e3o trabalhando na elabora\u00e7\u00e3o do projeto executivo da ponte, \u00faltimo passo antes do in\u00edcio das obras.<\/div>\n<\/div>\n<\/div>\n<\/div>\n<\/div>\n<\/div>\n","protected":false},"excerpt":{"rendered":"<p>O governador Jer\u00f4nimo Rodrigues (PT) assinou, nesta segunda-feira (11), a desapropria\u00e7\u00e3o de uma \u00e1rea de 1.790,760 m\u00b2 na regi\u00e3o de \u00c1gua de Meninos, em Salvador. O objetivo do decreto \u00e9 viabilizar a constru\u00e7\u00e3o dos acessos vi\u00e1rios \u00e0 Ponte Salvador-Itaparica, considerada a maior obra j\u00e1 realizada na Bahia. No local, devem ser constru\u00eddos quatro viadutos, que [&hellip;]<\/p>\n","protected":false},"author":1,"featured_media":13190,"comment_status":"open","ping_status":"closed","sticky":false,"template":"","format":"standard","meta":{"jnews-multi-image_gallery":[],"jnews_single_post":[],"jnews_primary_category":[],"footnotes":""},"categories":[197],"tags":[],"class_list":["post-13598","post","type-post","status-publish","format-standard","has-post-thumbnail","hentry","category-ponte-salvador-itaparica"],"_links":{"self":[{"href":"https:\/\/cidadebaixaonline.com.br\/index.php\/wp-json\/wp\/v2\/posts\/13598","targetHints":{"allow":["GET"]}}],"collection":[{"href":"https:\/\/cidadebaixaonline.com.br\/index.php\/wp-json\/wp\/v2\/posts"}],"about":[{"href":"https:\/\/cidadebaixaonline.com.br\/index.php\/wp-json\/wp\/v2\/types\/post"}],"author":[{"embeddable":true,"href":"https:\/\/cidadebaixaonline.com.br\/index.php\/wp-json\/wp\/v2\/users\/1"}],"replies":[{"embeddable":true,"href":"https:\/\/cidadebaixaonline.com.br\/index.php\/wp-json\/wp\/v2\/comments?post=13598"}],"version-history":[{"count":1,"href":"https:\/\/cidadebaixaonline.com.br\/index.php\/wp-json\/wp\/v2\/posts\/13598\/revisions"}],"predecessor-version":[{"id":13599,"href":"https:\/\/cidadebaixaonline.com.br\/index.php\/wp-json\/wp\/v2\/posts\/13598\/revisions\/13599"}],"wp:featuredmedia":[{"embeddable":true,"href":"https:\/\/cidadebaixaonline.com.br\/index.php\/wp-json\/wp\/v2\/media\/13190"}],"wp:attachment":[{"href":"https:\/\/cidadebaixaonline.com.br\/index.php\/wp-json\/wp\/v2\/media?parent=13598"}],"wp:term":[{"taxonomy":"category","embeddable":true,"href":"https:\/\/cidadebaixaonline.com.br\/index.php\/wp-json\/wp\/v2\/categories?post=13598"},{"taxonomy":"post_tag","embeddable":true,"href":"https:\/\/cidadebaixaonline.com.br\/index.php\/wp-json\/wp\/v2\/tags?post=13598"}],"curies":[{"name":"wp","href":"https:\/\/api.w.org\/{rel}","templated":true}]}}