{"id":13588,"date":"2025-08-11T17:27:39","date_gmt":"2025-08-11T20:27:39","guid":{"rendered":"https:\/\/cidadebaixaonline.com.br\/?p=13588"},"modified":"2025-08-11T17:27:40","modified_gmt":"2025-08-11T20:27:40","slug":"conferencias-territoriais-definem-prioridades-para-politicas-de-genero-na-bahia","status":"publish","type":"post","link":"https:\/\/cidadebaixaonline.com.br\/index.php\/2025\/08\/11\/conferencias-territoriais-definem-prioridades-para-politicas-de-genero-na-bahia\/","title":{"rendered":"Confer\u00eancias territoriais definem prioridades para pol\u00edticas de g\u00eanero na Bahia"},"content":{"rendered":"<p>Representantes de \u00f3rg\u00e3os p\u00fablicos, movimentos de mulheres, coletivos feministas e integrantes da sociedade civil de Salvador e da Regi\u00e3o Metropolitana se reuniram, nesta segunda-feira (11), no Instituto An\u00edsio Teixeira, na capital baiana, para a 5\u00aa Confer\u00eancia Territorial de Pol\u00edticas para as Mulheres. O encontro, promovido pela Secretaria de Pol\u00edticas para as Mulheres da Bahia (SPM), faz parte de uma s\u00e9rie de confer\u00eancias preparat\u00f3rias para as etapas estadual e nacional, que v\u00e3o definir as principais demandas da Bahia para o planejamento de pol\u00edticas de g\u00eanero nos pr\u00f3ximos anos.<\/p>\n<div class=\"materia\">\n<div class=\"conteudo_post\">\n<p data-start=\"907\" data-end=\"1423\">A secret\u00e1ria da SPM, Neusa Cadore, destacou que a confer\u00eancia territorial \u00e9 parte de um processo de constru\u00e7\u00e3o coletiva, que garante que diferentes realidades e demandas cheguem \u00e0s etapas seguintes. \u201cEm julho, 167 munic\u00edpios realizaram confer\u00eancias municipais. Esta \u00e9 uma fase de reuni\u00e3o de propostas, di\u00e1logo com os conselhos municipais e cria\u00e7\u00e3o de organismos em cada cidade, para que essa agenda seja permanente. Esse debate vai ajudar a construir um plano estadual e nacional para as nossas mulheres\u201d, afirmou.<\/p>\n<p data-start=\"1425\" data-end=\"1941\">Com o tema \u201cMais democracia, mais igualdade e mais conquista para todas\u201d, a etapa territorial, realizada desde a \u00faltima semana, conta com seis eixos tem\u00e1ticos: participa\u00e7\u00e3o pol\u00edtica parit\u00e1ria; enfrentamento \u00e0s viol\u00eancias de g\u00eanero; autonomia econ\u00f4mica; sa\u00fade integral e direitos sexuais e reprodutivos; educa\u00e7\u00e3o n\u00e3o sexista; e direito ao territ\u00f3rio com sustentabilidade. Esses assuntos tamb\u00e9m foram debatidos nas confer\u00eancias realizadas em Barreiras, Seabra, Riacho de Santana, Eun\u00e1polis e Teixeira de Freitas.<\/p>\n<p data-start=\"1943\" data-end=\"2304\">Atuando em uma organiza\u00e7\u00e3o da sociedade civil em Cama\u00e7ari, Ana Cl\u00e1udia Souza destacou a import\u00e2ncia do di\u00e1logo. \u201cAqui \u00e9 uma uni\u00e3o de esfor\u00e7os, de boas ideias. Espero que n\u00e3o apenas o eixo do GT social, mas todos tenham suas demandas acolhidas nas esferas federal, estadual e municipal. \u00c9 juntos que vamos garantir mais justi\u00e7a social para as mulheres\u201d, disse.<\/p>\n<p data-start=\"2306\" data-end=\"2699\">Para Eunice Pereira, que atua na gest\u00e3o de a\u00e7\u00f5es educativas da Defesa Civil de Salvador, a prioridade \u00e9 pensar pol\u00edticas de assist\u00eancia para mulheres que vivem em \u00e1reas de risco. \u201cMeu interesse \u00e9 refor\u00e7ar a proposta de assist\u00eancia psicossocial para mulheres v\u00edtimas de desastres, uma das demandas do meu trabalho. Quero lev\u00e1-la para aprova\u00e7\u00e3o nas confer\u00eancias estadual e nacional\u201d, explicou.<\/p>\n<div>\n<div class=\"trv-player-container\">\n<div class=\"trv-wrapper\">\n<div id=\"br_video_player_b1ed869f085f93b57206d20d82df509dc3c659f9\" class=\"trvd_video_player trvdinstream\">\n<div class=\"media-player\">\n<div class=\"trv-video\">At\u00e9 sexta-feira (15), ainda acontecer\u00e3o confer\u00eancias em Paulo Afonso, Jacobina, Brumado, Valen\u00e7a, Juazeiro, Valente, C\u00edcero Dantas, Vit\u00f3ria da Conquista, Alagoinhas, Feira de Santana, Ipir\u00e1, Itabuna, Amargosa, Irec\u00ea e Governador Mangabeira. Nessas etapas, tamb\u00e9m ser\u00e3o eleitas as delegadas que representar\u00e3o seus territ\u00f3rios na Confer\u00eancia Estadual, marcada para 27 a 29 de agosto, e na Confer\u00eancia Nacional de Pol\u00edticas para as Mulheres, que ocorrer\u00e1 em setembro, no Distrito Federal.<\/div>\n<\/div>\n<\/div>\n<\/div>\n<\/div>\n<\/div>\n<\/div>\n<\/div>\n","protected":false},"excerpt":{"rendered":"<p>Representantes de \u00f3rg\u00e3os p\u00fablicos, movimentos de mulheres, coletivos feministas e integrantes da sociedade civil de Salvador e da Regi\u00e3o Metropolitana se reuniram, nesta segunda-feira (11), no Instituto An\u00edsio Teixeira, na capital baiana, para a 5\u00aa Confer\u00eancia Territorial de Pol\u00edticas para as Mulheres. O encontro, promovido pela Secretaria de Pol\u00edticas para as Mulheres da Bahia (SPM), [&hellip;]<\/p>\n","protected":false},"author":1,"featured_media":13590,"comment_status":"open","ping_status":"closed","sticky":false,"template":"","format":"standard","meta":{"jnews-multi-image_gallery":[],"jnews_single_post":[],"jnews_primary_category":[],"footnotes":""},"categories":[85],"tags":[],"class_list":["post-13588","post","type-post","status-publish","format-standard","has-post-thumbnail","hentry","category-noticias"],"_links":{"self":[{"href":"https:\/\/cidadebaixaonline.com.br\/index.php\/wp-json\/wp\/v2\/posts\/13588","targetHints":{"allow":["GET"]}}],"collection":[{"href":"https:\/\/cidadebaixaonline.com.br\/index.php\/wp-json\/wp\/v2\/posts"}],"about":[{"href":"https:\/\/cidadebaixaonline.com.br\/index.php\/wp-json\/wp\/v2\/types\/post"}],"author":[{"embeddable":true,"href":"https:\/\/cidadebaixaonline.com.br\/index.php\/wp-json\/wp\/v2\/users\/1"}],"replies":[{"embeddable":true,"href":"https:\/\/cidadebaixaonline.com.br\/index.php\/wp-json\/wp\/v2\/comments?post=13588"}],"version-history":[{"count":1,"href":"https:\/\/cidadebaixaonline.com.br\/index.php\/wp-json\/wp\/v2\/posts\/13588\/revisions"}],"predecessor-version":[{"id":13589,"href":"https:\/\/cidadebaixaonline.com.br\/index.php\/wp-json\/wp\/v2\/posts\/13588\/revisions\/13589"}],"wp:featuredmedia":[{"embeddable":true,"href":"https:\/\/cidadebaixaonline.com.br\/index.php\/wp-json\/wp\/v2\/media\/13590"}],"wp:attachment":[{"href":"https:\/\/cidadebaixaonline.com.br\/index.php\/wp-json\/wp\/v2\/media?parent=13588"}],"wp:term":[{"taxonomy":"category","embeddable":true,"href":"https:\/\/cidadebaixaonline.com.br\/index.php\/wp-json\/wp\/v2\/categories?post=13588"},{"taxonomy":"post_tag","embeddable":true,"href":"https:\/\/cidadebaixaonline.com.br\/index.php\/wp-json\/wp\/v2\/tags?post=13588"}],"curies":[{"name":"wp","href":"https:\/\/api.w.org\/{rel}","templated":true}]}}