{"id":13582,"date":"2025-08-11T10:06:41","date_gmt":"2025-08-11T13:06:41","guid":{"rendered":"https:\/\/cidadebaixaonline.com.br\/?p=13582"},"modified":"2025-08-11T10:06:42","modified_gmt":"2025-08-11T13:06:42","slug":"policia-civil-lanca-campanha-de-enfrentamento-e-prevencao-ao-feminicidio","status":"publish","type":"post","link":"https:\/\/cidadebaixaonline.com.br\/index.php\/2025\/08\/11\/policia-civil-lanca-campanha-de-enfrentamento-e-prevencao-ao-feminicidio\/","title":{"rendered":"Pol\u00edcia Civil lan\u00e7a campanha de enfrentamento e preven\u00e7\u00e3o ao feminic\u00eddio"},"content":{"rendered":"<p>Em alus\u00e3o ao Agosto Lil\u00e1s, m\u00eas de conscientiza\u00e7\u00e3o e combate \u00e0 viol\u00eancia contra a mulher, a Pol\u00edcia Civil da Bahia, por meio do Departamento de Prote\u00e7\u00e3o \u00e0 Mulher, Cidadania e Pessoas Vulner\u00e1veis (DPMCV), lan\u00e7a nesta segunda-feira (11) a campanha \u201cNenhuma a Menos\u201d. O objetivo \u00e9 unir a rede de preven\u00e7\u00e3o e enfrentamento \u00e0 viol\u00eancia contra a mulher e a sociedade contra o feminic\u00eddio na Bahia.<\/p>\n<p>Durante a campanha, que destaca o rompimento do ciclo da viol\u00eancia como forma de preven\u00e7\u00e3o ao feminic\u00eddio, diversas atividades de aproxima\u00e7\u00e3o com a sociedade ser\u00e3o realizadas na capital e no interior do estado at\u00e9 o dia 26 de agosto. A programa\u00e7\u00e3o j\u00e1 inicia nesta segunda-feira (11), com um culto ecum\u00eanico em mem\u00f3ria da delegada Patr\u00edcia Jackes.<\/p>\n<p>O ato religioso ser\u00e1 realizado \u00e0s 9 horas, na Delegacia Especial de Atendimento \u00e0 Mulher (Deam) da Casa da Mulher Brasileira. Representantes religiosos v\u00e3o participar da cerim\u00f4nia e trar\u00e3o mensagens a respeito da uni\u00e3o de todos pelo fim da viol\u00eancia contra a mulher. Na oportunidade, ser\u00e1 descerrada uma placa em homenagem \u00e0 delegada, e servidores de todas as Deams da Bahia far\u00e3o um minuto de sil\u00eancio simultaneamente.<\/p>\n<p>Caminhada Contra o Feminic\u00eddio<\/p>\n<p>&nbsp;<\/p>\n<p>No dia 17 de agosto, acontece uma grande mobiliza\u00e7\u00e3o com a \u201cCaminhada Contra o Feminic\u00eddio\u201d, do Clube Espanhol ao Farol da Barra, a partir das 7 horas da manh\u00e3. A a\u00e7\u00e3o, que tem como objetivo mobilizar a sociedade e os poderes p\u00fablicos para a quebra do ciclo da viol\u00eancia contra a mulher, envolve todos os \u00f3rg\u00e3os que pertencem \u00e0 rede de preven\u00e7\u00e3o e enfrentamento \u00e0 viol\u00eancia contra as mulheres, al\u00e9m de entidades de defesa da causa e da popula\u00e7\u00e3o.<\/p>\n<p>Durante a caminhada, est\u00e3o previstos atendimentos multidisciplinares, com atividades f\u00edsicas e de bem-estar, assist\u00eancia social e de sa\u00fade, acompanhamento das medidas protetivas e do andamento processual, al\u00e9m de uma unidade m\u00f3vel com atendimento para casos de racismo e intoler\u00e2ncia religiosa. A Delegacia M\u00f3vel da Pol\u00edcia Civil tamb\u00e9m estar\u00e1 de prontid\u00e3o para atender o p\u00fablico.<\/p>\n<p>A Caminhada Contra o Feminic\u00eddio ter\u00e1 a participa\u00e7\u00e3o e o apoio do Tribunal de Justi\u00e7a da Bahia (TJBA), das Secretarias de Pol\u00edticas para Mulheres (SPM), de Promo\u00e7\u00e3o da Igualdade Racial e dos Povos e Comunidades Tradicionais (Sepromi), de Assist\u00eancia e Desenvolvimento Social (Seades), da Procuradoria-Geral do Estado (PGE), da Procuradoria Especial da Mulher da Assembleia Legislativa da Bahia, da Comiss\u00e3o de Prote\u00e7\u00e3o aos Direitos das Mulheres da Ordem dos Advogados do Brasil &#8211; Bahia (OAB-BA), da Secretaria de Pol\u00edticas para Mulheres, Inf\u00e2ncia e Juventude da Prefeitura de Salvador e da Rede Bahia\/TV Bahia.<\/p>\n<p>Deam Itinerante<\/p>\n<p>&nbsp;<\/p>\n<p>Nos dias 21 e 22 de agosto, ser\u00e3o realizados atendimentos e abordagens educativas pela Deam Itinerante na Esta\u00e7\u00e3o da Lapa, com a Delegacia M\u00f3vel e a equipe da unidade especializada. No dia 26, encerramento da campanha \u201cNenhuma a Menos\u201d, a Deam Itinerante levar\u00e1 os atendimentos para cidades do interior do estado que n\u00e3o disp\u00f5em de unidade especializada. Buscas ativas, monitoramento de medidas protetivas de urg\u00eancia e atendimentos multidisciplinares tamb\u00e9m ser\u00e3o realizados.<\/p>\n","protected":false},"excerpt":{"rendered":"<p>Em alus\u00e3o ao Agosto Lil\u00e1s, m\u00eas de conscientiza\u00e7\u00e3o e combate \u00e0 viol\u00eancia contra a mulher, a Pol\u00edcia Civil da Bahia, por meio do Departamento de Prote\u00e7\u00e3o \u00e0 Mulher, Cidadania e Pessoas Vulner\u00e1veis (DPMCV), lan\u00e7a nesta segunda-feira (11) a campanha \u201cNenhuma a Menos\u201d. O objetivo \u00e9 unir a rede de preven\u00e7\u00e3o e enfrentamento \u00e0 viol\u00eancia contra [&hellip;]<\/p>\n","protected":false},"author":1,"featured_media":13584,"comment_status":"open","ping_status":"closed","sticky":false,"template":"","format":"standard","meta":{"jnews-multi-image_gallery":[],"jnews_single_post":[],"jnews_primary_category":[],"footnotes":""},"categories":[202],"tags":[],"class_list":["post-13582","post","type-post","status-publish","format-standard","has-post-thumbnail","hentry","category-policia-civil"],"_links":{"self":[{"href":"https:\/\/cidadebaixaonline.com.br\/index.php\/wp-json\/wp\/v2\/posts\/13582","targetHints":{"allow":["GET"]}}],"collection":[{"href":"https:\/\/cidadebaixaonline.com.br\/index.php\/wp-json\/wp\/v2\/posts"}],"about":[{"href":"https:\/\/cidadebaixaonline.com.br\/index.php\/wp-json\/wp\/v2\/types\/post"}],"author":[{"embeddable":true,"href":"https:\/\/cidadebaixaonline.com.br\/index.php\/wp-json\/wp\/v2\/users\/1"}],"replies":[{"embeddable":true,"href":"https:\/\/cidadebaixaonline.com.br\/index.php\/wp-json\/wp\/v2\/comments?post=13582"}],"version-history":[{"count":1,"href":"https:\/\/cidadebaixaonline.com.br\/index.php\/wp-json\/wp\/v2\/posts\/13582\/revisions"}],"predecessor-version":[{"id":13583,"href":"https:\/\/cidadebaixaonline.com.br\/index.php\/wp-json\/wp\/v2\/posts\/13582\/revisions\/13583"}],"wp:featuredmedia":[{"embeddable":true,"href":"https:\/\/cidadebaixaonline.com.br\/index.php\/wp-json\/wp\/v2\/media\/13584"}],"wp:attachment":[{"href":"https:\/\/cidadebaixaonline.com.br\/index.php\/wp-json\/wp\/v2\/media?parent=13582"}],"wp:term":[{"taxonomy":"category","embeddable":true,"href":"https:\/\/cidadebaixaonline.com.br\/index.php\/wp-json\/wp\/v2\/categories?post=13582"},{"taxonomy":"post_tag","embeddable":true,"href":"https:\/\/cidadebaixaonline.com.br\/index.php\/wp-json\/wp\/v2\/tags?post=13582"}],"curies":[{"name":"wp","href":"https:\/\/api.w.org\/{rel}","templated":true}]}}