{"id":13563,"date":"2025-08-07T17:11:31","date_gmt":"2025-08-07T20:11:31","guid":{"rendered":"https:\/\/cidadebaixaonline.com.br\/?p=13563"},"modified":"2025-08-07T17:11:32","modified_gmt":"2025-08-07T20:11:32","slug":"programa-bahia-alfabetizada-governo-fortalece-educacao-no-ensino-fundamental","status":"publish","type":"post","link":"https:\/\/cidadebaixaonline.com.br\/index.php\/2025\/08\/07\/programa-bahia-alfabetizada-governo-fortalece-educacao-no-ensino-fundamental\/","title":{"rendered":"Programa Bahia Alfabetizada: Governo fortalece educa\u00e7\u00e3o no ensino fundamental"},"content":{"rendered":"<div id=\"divHeader\">\n<header>\n<div class=\"container\">\n<nav class=\"nav-row\">\n<div class=\"ui top left pointing dropdown icon blue basic menuHeader\" tabindex=\"0\">O Governo da Bahia sancionou, na manh\u00e3 desta quinta-feira (7), a Lei n\u00ba 25.668\/2025, que estabelece o Programa Bahia Alfabetizada. O ato \u00e9 mais uma a\u00e7\u00e3o para fortalecer o regime de colabora\u00e7\u00e3o entre o Estado e os 417 munic\u00edpios baianos em uma uni\u00e3o de esfor\u00e7os na busca pela alfabetiza\u00e7\u00e3o das crian\u00e7as na idade adequada e de refor\u00e7o no combate ao analfabetismo.<\/div>\n<\/nav>\n<\/div>\n<\/header>\n<\/div>\n<p><main><\/p>\n<div class=\"container\">\n<div class=\"main-interno \">\n<div class=\"grid-base-int\">\n<div class=\"materia-conteudo\">\n<div class=\"materia\">\n<div class=\"conteudo_post\">\n<p>Entre as a\u00e7\u00f5es do programa, a Secretaria Estadual de Educa\u00e7\u00e3o elaborou um plano de 10 semanas voltado para aplica\u00e7\u00e3o das secretarias municipais de educa\u00e7\u00e3o e apresentou a\u00e7\u00f5es para melhoria das aprendizagens com \u00eanfase no 1\u00ba e 2\u00ba ano do ensino fundamental e de recomposi\u00e7\u00e3o do 3\u00ba ao 5\u00ba ano.<\/p>\n<p>A destina\u00e7\u00e3o de recursos, a concess\u00e3o de material did\u00e1tico, a forma\u00e7\u00e3o e o fortalecimento de iniciativas de colabora\u00e7\u00e3o entre Estado e munic\u00edpios tamb\u00e9m fazem parte da estrat\u00e9gia.<\/p>\n<p>A assinatura da lei ocorreu durante o evento, \u201cBahia Alfabetizada: um pacto colaborativo pela alfabetiza\u00e7\u00e3o na Bahia\u201d, reuni\u00e3o interinstitucional com a participa\u00e7\u00e3o do governador Jer\u00f4nimo Rodrigues, da secret\u00e1ria de Educa\u00e7\u00e3o (SEC), Rowenna Brito, da secret\u00e1ria Nacional de Educa\u00e7\u00e3o B\u00e1sica do MEC, K\u00e1tia Schweickartdt, de representantes dos principais atores no cen\u00e1rio da Educa\u00e7\u00e3o, do desenvolvimento social e dos \u00f3rg\u00e3os de controle.<\/p>\n<p>O ato foi realizado no Centro de Opera\u00e7\u00f5es e Intelig\u00eancia, no Centro Administrativo da Bahia. \u201cUma agenda bastante positiva e emergencial, pois temos em torno de dois meses e meio para a pr\u00f3xima avalia\u00e7\u00e3o. Portanto, a alfabetiza\u00e7\u00e3o \u00e9 a base de toda a educa\u00e7\u00e3o e um compromisso com o futuro da nossa Bahia. E com essa lei, fortalecemos a coopera\u00e7\u00e3o entre Estado e munic\u00edpios para garantir que nenhuma crian\u00e7a fique para tr\u00e1s\u201d, afirmou o governador Jer\u00f4nimo Rodrigues durante a solenidade.<\/p>\n<p>Na ocasi\u00e3o, foram apresentados pela secret\u00e1ria de Educa\u00e7\u00e3o do Estado, Rowenna Brito, o panorama sobre a alfabetiza\u00e7\u00e3o nos munic\u00edpios baianos e as iniciativas estaduais j\u00e1 adotadas para o refor\u00e7o das aprendizagens nas escolas municipais, bem como as novas a\u00e7\u00f5es pensadas para a melhoria dos \u00edndices apresentados na \u00faltima avalia\u00e7\u00e3o realizada pelo Minist\u00e9rio da Educa\u00e7\u00e3o.<\/p>\n<p>O objetivo \u00e9 oferecer ainda mais suporte \u00e0 gest\u00e3o dos munic\u00edpios, para garantir a alfabetiza\u00e7\u00e3o na idade certa. Segundo a secret\u00e1ria, um calend\u00e1rio de atividades foi estabelecido, visando a\u00e7\u00f5es priorit\u00e1rias nas cidades com \u00edndices mais sens\u00edveis.<\/p>\n<p>No entanto, h\u00e1 iniciativas previstas para todo o estado. \u201cEstou saindo daqui hoje muito feliz com o compromisso de cada um aqui com a garantia do direito da aprendizagem dos nossos estudantes. \u00c9 disso que n\u00f3s estamos falando, do investimento no presente, mas da constru\u00e7\u00e3o de futuro dessa Bahia que a gente acredita e da perman\u00eancia e da constru\u00e7\u00e3o desse projeto, da continuidade que a gente defende e que constr\u00f3i, de Bahia e de Brasil. E que em cada munic\u00edpio a gente tenha ali um prefeito e uma prefeita que se responsabilize por essa pauta assim como o governador Jer\u00f4nimo tem se responsabilizado pela pauta da educa\u00e7\u00e3o. Essa pauta n\u00e3o pode ser uma pauta s\u00f3 do Governo do Estado, essa pauta da educa\u00e7\u00e3o tem que ser uma pauta da sociedade baiana e brasileira\u201d, ressaltou a secret\u00e1ria.<\/p>\n<p>\u201cA Bahia \u00e9 um estado muito importante para o Brasil, por muitos motivos. primeiro porque voc\u00eas s\u00e3o hoje, com certeza, um estado que simboliza muito a constru\u00e7\u00e3o da democracia brasileira. Ent\u00e3o n\u00f3s n\u00e3o tratamos aqui s\u00f3 de resultado, a gente tratou da verdade, do futuro desse pa\u00eds. Ser\u00e1 um compromisso conjunto n\u00e3o s\u00f3 pela Bahia, mas pelo Brasil,\u201d pontuou a representante do MEC, K\u00e1tia Schweickartdt.<\/p>\n<p>Principais a\u00e7\u00f5es<\/p>\n<p>Entre as principais a\u00e7\u00f5es est\u00e3o a oferta de capacita\u00e7\u00e3o para professores da rede municipal, por meio das universidades estaduais, e a disponibiliza\u00e7\u00e3o de material did\u00e1tico para os anos da alfabetiza\u00e7\u00e3o voltado para o refor\u00e7o da aprendizagem, al\u00e9m da cria\u00e7\u00e3o do Comit\u00ea de Monitoramento e Avalia\u00e7\u00e3o do Programa Bahia Alfabetizada, que visa o engajamento dos setores da sociedade civil no acompanhamento da execu\u00e7\u00e3o das a\u00e7\u00f5es voltadas para a melhoria da alfabetiza\u00e7\u00e3o.<\/p>\n<p>A reuni\u00e3o tamb\u00e9m refor\u00e7ou a atua\u00e7\u00e3o articulada entre os diversos agentes institucionais envolvidos, entre eles: UNDIME, UPB, Minist\u00e9rio da Educa\u00e7\u00e3o (MEC), Uni\u00e3o Nacional dos Conselhos Municipais de Educa\u00e7\u00e3o (UNCME), Conselho Estadual de Educa\u00e7\u00e3o (CEE), Federa\u00e7\u00e3o dos Cons\u00f3rcios P\u00fablicos do Estado da Bahia (FECBAHIA), F\u00f3rum dos Reitores, TCE, TCM, Minist\u00e9rio P\u00fablico, Defensoria P\u00fablica, Comiss\u00e3o de Educa\u00e7\u00e3o da Alba, F\u00f3rum Estadual de Educa\u00e7\u00e3o da Bahia (FEEBA) e APLB.<\/p>\n<\/div>\n<\/div>\n<\/div>\n<\/div>\n<\/div>\n<\/div>\n<p><\/main><\/p>\n","protected":false},"excerpt":{"rendered":"<p>O Governo da Bahia sancionou, na manh\u00e3 desta quinta-feira (7), a Lei n\u00ba 25.668\/2025, que estabelece o Programa Bahia Alfabetizada. O ato \u00e9 mais uma a\u00e7\u00e3o para fortalecer o regime de colabora\u00e7\u00e3o entre o Estado e os 417 munic\u00edpios baianos em uma uni\u00e3o de esfor\u00e7os na busca pela alfabetiza\u00e7\u00e3o das crian\u00e7as na idade adequada e [&hellip;]<\/p>\n","protected":false},"author":1,"featured_media":13565,"comment_status":"open","ping_status":"closed","sticky":false,"template":"","format":"standard","meta":{"jnews-multi-image_gallery":[],"jnews_single_post":[],"jnews_primary_category":[],"footnotes":""},"categories":[227],"tags":[],"class_list":["post-13563","post","type-post","status-publish","format-standard","has-post-thumbnail","hentry","category-programa-bahia-alfabetizada"],"_links":{"self":[{"href":"https:\/\/cidadebaixaonline.com.br\/index.php\/wp-json\/wp\/v2\/posts\/13563","targetHints":{"allow":["GET"]}}],"collection":[{"href":"https:\/\/cidadebaixaonline.com.br\/index.php\/wp-json\/wp\/v2\/posts"}],"about":[{"href":"https:\/\/cidadebaixaonline.com.br\/index.php\/wp-json\/wp\/v2\/types\/post"}],"author":[{"embeddable":true,"href":"https:\/\/cidadebaixaonline.com.br\/index.php\/wp-json\/wp\/v2\/users\/1"}],"replies":[{"embeddable":true,"href":"https:\/\/cidadebaixaonline.com.br\/index.php\/wp-json\/wp\/v2\/comments?post=13563"}],"version-history":[{"count":1,"href":"https:\/\/cidadebaixaonline.com.br\/index.php\/wp-json\/wp\/v2\/posts\/13563\/revisions"}],"predecessor-version":[{"id":13564,"href":"https:\/\/cidadebaixaonline.com.br\/index.php\/wp-json\/wp\/v2\/posts\/13563\/revisions\/13564"}],"wp:featuredmedia":[{"embeddable":true,"href":"https:\/\/cidadebaixaonline.com.br\/index.php\/wp-json\/wp\/v2\/media\/13565"}],"wp:attachment":[{"href":"https:\/\/cidadebaixaonline.com.br\/index.php\/wp-json\/wp\/v2\/media?parent=13563"}],"wp:term":[{"taxonomy":"category","embeddable":true,"href":"https:\/\/cidadebaixaonline.com.br\/index.php\/wp-json\/wp\/v2\/categories?post=13563"},{"taxonomy":"post_tag","embeddable":true,"href":"https:\/\/cidadebaixaonline.com.br\/index.php\/wp-json\/wp\/v2\/tags?post=13563"}],"curies":[{"name":"wp","href":"https:\/\/api.w.org\/{rel}","templated":true}]}}