{"id":13555,"date":"2025-08-06T16:42:14","date_gmt":"2025-08-06T19:42:14","guid":{"rendered":"https:\/\/cidadebaixaonline.com.br\/?p=13555"},"modified":"2025-08-06T16:42:14","modified_gmt":"2025-08-06T19:42:14","slug":"homem-e-encontrado-morto-com-maos-e-pes-amarrados-no-comercio","status":"publish","type":"post","link":"https:\/\/cidadebaixaonline.com.br\/index.php\/2025\/08\/06\/homem-e-encontrado-morto-com-maos-e-pes-amarrados-no-comercio\/","title":{"rendered":"Homem \u00e9 encontrado morto com m\u00e3os e p\u00e9s amarrados no Com\u00e9rcio"},"content":{"rendered":"<p>Um homem ainda n\u00e3o identificado foi encontrado morto na noite de ter\u00e7a-feira, 5, no bairro do\u00a0Com\u00e9rcio, em Salvador. A v\u00edtima apresentava marcas de tiros e estava com as m\u00e3os e os p\u00e9s amarrados.<\/p>\n<p>Segundo a Pol\u00edcia Militar, agentes da 16\u00aa CIPM foram acionados por populares e, ao chegarem ao local, isolaram a \u00e1rea at\u00e9 a realiza\u00e7\u00e3o da per\u00edcia pelo Departamento de Pol\u00edcia T\u00e9cnica (DPT).<\/p>\n<p>De acordo com a Pol\u00edcia Civil, foram expedidas guias para per\u00edcia e necropsia. A investiga\u00e7\u00e3o est\u00e1 a cargo de uma unidade especializada, que realiza dilig\u00eancias para identificar os respons\u00e1veis e esclarecer a motiva\u00e7\u00e3o do crime.<\/p>\n<p>As circunst\u00e2ncias e a motiva\u00e7\u00e3o do crime ainda n\u00e3o foram esclarecidas.<\/p>\n","protected":false},"excerpt":{"rendered":"<p>Um homem ainda n\u00e3o identificado foi encontrado morto na noite de ter\u00e7a-feira, 5, no bairro do\u00a0Com\u00e9rcio, em Salvador. A v\u00edtima apresentava marcas de tiros e estava com as m\u00e3os e os p\u00e9s amarrados. Segundo a Pol\u00edcia Militar, agentes da 16\u00aa CIPM foram acionados por populares e, ao chegarem ao local, isolaram a \u00e1rea at\u00e9 a [&hellip;]<\/p>\n","protected":false},"author":1,"featured_media":13557,"comment_status":"open","ping_status":"closed","sticky":false,"template":"","format":"standard","meta":{"jnews-multi-image_gallery":[],"jnews_single_post":[],"jnews_primary_category":[],"footnotes":""},"categories":[85],"tags":[],"class_list":["post-13555","post","type-post","status-publish","format-standard","has-post-thumbnail","hentry","category-noticias"],"_links":{"self":[{"href":"https:\/\/cidadebaixaonline.com.br\/index.php\/wp-json\/wp\/v2\/posts\/13555","targetHints":{"allow":["GET"]}}],"collection":[{"href":"https:\/\/cidadebaixaonline.com.br\/index.php\/wp-json\/wp\/v2\/posts"}],"about":[{"href":"https:\/\/cidadebaixaonline.com.br\/index.php\/wp-json\/wp\/v2\/types\/post"}],"author":[{"embeddable":true,"href":"https:\/\/cidadebaixaonline.com.br\/index.php\/wp-json\/wp\/v2\/users\/1"}],"replies":[{"embeddable":true,"href":"https:\/\/cidadebaixaonline.com.br\/index.php\/wp-json\/wp\/v2\/comments?post=13555"}],"version-history":[{"count":1,"href":"https:\/\/cidadebaixaonline.com.br\/index.php\/wp-json\/wp\/v2\/posts\/13555\/revisions"}],"predecessor-version":[{"id":13556,"href":"https:\/\/cidadebaixaonline.com.br\/index.php\/wp-json\/wp\/v2\/posts\/13555\/revisions\/13556"}],"wp:featuredmedia":[{"embeddable":true,"href":"https:\/\/cidadebaixaonline.com.br\/index.php\/wp-json\/wp\/v2\/media\/13557"}],"wp:attachment":[{"href":"https:\/\/cidadebaixaonline.com.br\/index.php\/wp-json\/wp\/v2\/media?parent=13555"}],"wp:term":[{"taxonomy":"category","embeddable":true,"href":"https:\/\/cidadebaixaonline.com.br\/index.php\/wp-json\/wp\/v2\/categories?post=13555"},{"taxonomy":"post_tag","embeddable":true,"href":"https:\/\/cidadebaixaonline.com.br\/index.php\/wp-json\/wp\/v2\/tags?post=13555"}],"curies":[{"name":"wp","href":"https:\/\/api.w.org\/{rel}","templated":true}]}}