{"id":13552,"date":"2025-08-06T16:20:55","date_gmt":"2025-08-06T19:20:55","guid":{"rendered":"https:\/\/cidadebaixaonline.com.br\/?p=13552"},"modified":"2025-08-06T16:20:55","modified_gmt":"2025-08-06T19:20:55","slug":"arquidiocese-de-salvador-nomeia-tres-novos-conegos-para-cabido-metropolitano","status":"publish","type":"post","link":"https:\/\/cidadebaixaonline.com.br\/index.php\/2025\/08\/06\/arquidiocese-de-salvador-nomeia-tres-novos-conegos-para-cabido-metropolitano\/","title":{"rendered":"Arquidiocese de Salvador nomeia tr\u00eas novos c\u00f4negos para Cabido Metropolitano"},"content":{"rendered":"<div class=\"flex flex-col w-full font-normal text-[18px] leading-[30px] text-tw-theme-text-default\">\n<p id=\"paragrafo-7jtwf9h5bj\">Os padres Adilton Pinto Lopes, Ed\u00edlson Bispo e Lu\u00eds Sim\u00f5es tomaram posse como c\u00f4negos do Cabido Metropolitano de Salvador nesta quarta-feira (6). O ritual aconteceu durante a Festa da Transfigura\u00e7\u00e3o do Senhor e a Festa do Sant\u00edssimo Salvador, na Catedral do Sant\u00edssimo Salvador, no Centro Hist\u00f3rico. A celebra\u00e7\u00e3o foi presidida pelo arcebispo de S\u00e3o Salvador da Bahia, primaz do Brasil, cardeal Dom S\u00e9rgio da Rocha.<\/p>\n<\/div>\n<div class=\"article_mrec_destaque sticky\">\n<div id=\"internas_336x280_01\" data-google-query-id=\"CM-a8Ovy9o4DFUxc3QId82YyFA\">\n<div id=\"google_ads_iframe_\/44585206\/m_c24h_internas_336x280_0__container__\">Os c\u00f4negos s\u00e3o padres que vivem sob uma regra que os obriga a realizar as fun\u00e7\u00f5es lit\u00fargicas mais solenes na igreja catedral ou em um colegiado. O conjunto dos c\u00f4negos forma um cabido. \u201cOs tr\u00eas c\u00f4negos passam a integrar um cabido que completou 473 anos no dia 7 de julho, o mais antigo em atividade. A antiguidade do Cabido em S\u00e3o Salvador da Bahia \u00e9 motivo de louvor, de gratid\u00e3o, de a\u00e7\u00e3o de gra\u00e7as a Deus\u201d, disse Dom S\u00e9rgio da Rocha durante a homilia.<\/div>\n<\/div>\n<\/div>\n<div class=\"flex flex-col w-full font-normal text-[18px] leading-[30px] text-tw-theme-text-default\">\n<p id=\"paragrafo-4zsyj1yh1a\">O cabido \u00e9 um col\u00e9gio de sacerdotes que auxilia o arcebispo em determinadas quest\u00f5es lit\u00fargicas e administrativas. Al\u00e9m de garantir a dignidade do culto na Catedral, o cabido tem ra\u00edzes hist\u00f3ricas profundas, remontando \u00e0 funda\u00e7\u00e3o da arquidiocese, e sua presen\u00e7a \u00e9 sinal da continuidade da miss\u00e3o apost\u00f3lica da Igreja.<\/p>\n<\/div>\n<div class=\"flex flex-col w-full font-normal text-[18px] leading-[30px] text-tw-theme-text-default\">\n<p id=\"paragrafo-vg0wz4anwf\">Historicamente, a fun\u00e7\u00e3o do cabido de c\u00f4negos \u00e9 a de assegurar o servi\u00e7o religioso da catedral, colegiado ou igreja a que pertence. Tal servi\u00e7o inclui n\u00e3o somente a celebra\u00e7\u00e3o da Missa, mas tamb\u00e9m e principalmente a Liturgia das Horas, ora\u00e7\u00e3o p\u00fablica e comunit\u00e1ria oficial da Igreja Cat\u00f3lica.<\/p>\n<\/div>\n<div class=\"flex flex-col w-full font-normal text-[18px] leading-[30px] text-tw-theme-text-default\">\n<p id=\"paragrafo-56tkwskp8w\">Emocionado, o padre Adilton n\u00e3o segurou as l\u00e1grimas ao receber a nomea\u00e7\u00e3o. \u201c\u00c9 uma honra nobre participar desse cabido para estar mais pr\u00f3ximo do cardeal, para ajudar na evangeliza\u00e7\u00e3o e, sobretudo, na vida de ora\u00e7\u00e3o\u201d, disse. Para ele, participar desse grupo seleto \u00e9 uma honra. \u201cAmar mais, para servir mais. \u00c9 uma grande gra\u00e7a. S\u00e3o poucos que t\u00eam a gra\u00e7a de fazer parte do Cabido. Eu quero honrar essa gra\u00e7a\u201d, pontuou. Adilton \u00e9 reitor da Bas\u00edlica Santu\u00e1rio Nossa Senhora da Concei\u00e7\u00e3o da Praia.<\/p>\n<\/div>\n<div class=\"flex flex-col w-full font-normal text-[18px] leading-[30px] text-tw-theme-text-default\">\n<p id=\"paragrafo-3r8jubv3lu\">O c\u00f4nego Edilson, p\u00e1roco da Par\u00f3quia Nossa Senhora da Penha de Fran\u00e7a, tamb\u00e9m estava comovido. \u201cAgrade\u00e7o a Deus e \u00e0 Igreja por esta nomea\u00e7\u00e3o e renovo meu compromisso de servir com dedica\u00e7\u00e3o e zelo ao povo de Deus\u201d, disse. A reportagem n\u00e3o conseguiu falar com o padre Lu\u00eds Sim\u00f5es, que \u00e9 p\u00e1roco da Par\u00f3quia Nossa Senhora da Vit\u00f3ria.<\/p>\n<\/div>\n<div class=\"flex flex-col w-full font-normal text-[18px] leading-[30px] text-tw-theme-text-default\">\n<p id=\"paragrafo-65ib2gmvk5\">Presente na celebra\u00e7\u00e3o, o ex-prefeito de Salvador e vice-presidente nacional do Uni\u00e3o Brasil, ACM Neto, ressaltou a import\u00e2ncia da nomea\u00e7\u00e3o dos c\u00f4negos. \u201cS\u00e3o tr\u00eas refer\u00eancias da religiosidade baiana para a posi\u00e7\u00e3o de c\u00f4negos. Aqui estou, como cat\u00f3lico e cidad\u00e3o, para trazer o meu abra\u00e7o e, claro, esse compromisso com a f\u00e9 e com o trabalho que \u00e9 feito pela Igreja na nossa cidade\u201d, disse. Neto acompanhou a cerim\u00f4nia ao lado da m\u00e3e, Ros\u00e1rio Magalh\u00e3es, e do prefeito da capital baiana, Bruno Reis.<\/p>\n<\/div>\n<div class=\"flex flex-col w-full font-normal text-[18px] leading-[30px] text-tw-theme-text-default\">\n<p id=\"paragrafo-yaathqg68r\">\u201cComo homem de muita f\u00e9, como crist\u00e3o, acompanho todo o Clero da nossa cidade. Hoje, tr\u00eas importantes padres assumem uma nova miss\u00e3o como c\u00f4negos, aumentando as suas atribui\u00e7\u00f5es para pregar a palavra da f\u00e9 para os cidad\u00e3os soteropolitanos\u201d, disse Bruno Reis.<\/p>\n<\/div>\n<div class=\"flex flex-col w-full font-normal text-[18px] leading-[30px] text-tw-theme-text-default\">\n<p id=\"paragrafo-coyaespbbu\">ACM Neto ainda participou da prociss\u00e3o das ofertas, tamb\u00e9m chamada de rito do ofert\u00f3rio. \u00c9 um momento da missa onde os fi\u00e9is apresentam ao altar p\u00e3o e vinho, simbolizando a oferta de suas vidas e trabalhos a Deus, que ser\u00e3o consagrados antes da Eucaristia. O ritual faz parte da Liturgia Eucar\u00edstica e \u00e9 acompanhado por cantos e ora\u00e7\u00f5es.<\/p>\n<\/div>\n<div class=\"flex flex-col w-full\">\n<div id=\"galeria-simples-pssbr5i1dj\" class=\"component--galeria simples\">\n<div class=\"wrapper\">\n<div class=\"gallery-header\">\n<p>Arquidiocese de Salvador nomeia tr\u00eas novos c\u00f4negos para Cabido Metropolitano<\/p>\n<\/div>\n<div class=\"gallery-slider\">\n<div class=\"galeria-indice\"><\/div>\n<\/div>\n<\/div>\n<\/div>\n<\/div>\n","protected":false},"excerpt":{"rendered":"<p>Os padres Adilton Pinto Lopes, Ed\u00edlson Bispo e Lu\u00eds Sim\u00f5es tomaram posse como c\u00f4negos do Cabido Metropolitano de Salvador nesta quarta-feira (6). O ritual aconteceu durante a Festa da Transfigura\u00e7\u00e3o do Senhor e a Festa do Sant\u00edssimo Salvador, na Catedral do Sant\u00edssimo Salvador, no Centro Hist\u00f3rico. A celebra\u00e7\u00e3o foi presidida pelo arcebispo de S\u00e3o Salvador [&hellip;]<\/p>\n","protected":false},"author":1,"featured_media":13554,"comment_status":"open","ping_status":"closed","sticky":false,"template":"","format":"standard","meta":{"jnews-multi-image_gallery":[],"jnews_single_post":[],"jnews_primary_category":[],"footnotes":""},"categories":[226],"tags":[],"class_list":["post-13552","post","type-post","status-publish","format-standard","has-post-thumbnail","hentry","category-igreja"],"_links":{"self":[{"href":"https:\/\/cidadebaixaonline.com.br\/index.php\/wp-json\/wp\/v2\/posts\/13552","targetHints":{"allow":["GET"]}}],"collection":[{"href":"https:\/\/cidadebaixaonline.com.br\/index.php\/wp-json\/wp\/v2\/posts"}],"about":[{"href":"https:\/\/cidadebaixaonline.com.br\/index.php\/wp-json\/wp\/v2\/types\/post"}],"author":[{"embeddable":true,"href":"https:\/\/cidadebaixaonline.com.br\/index.php\/wp-json\/wp\/v2\/users\/1"}],"replies":[{"embeddable":true,"href":"https:\/\/cidadebaixaonline.com.br\/index.php\/wp-json\/wp\/v2\/comments?post=13552"}],"version-history":[{"count":1,"href":"https:\/\/cidadebaixaonline.com.br\/index.php\/wp-json\/wp\/v2\/posts\/13552\/revisions"}],"predecessor-version":[{"id":13553,"href":"https:\/\/cidadebaixaonline.com.br\/index.php\/wp-json\/wp\/v2\/posts\/13552\/revisions\/13553"}],"wp:featuredmedia":[{"embeddable":true,"href":"https:\/\/cidadebaixaonline.com.br\/index.php\/wp-json\/wp\/v2\/media\/13554"}],"wp:attachment":[{"href":"https:\/\/cidadebaixaonline.com.br\/index.php\/wp-json\/wp\/v2\/media?parent=13552"}],"wp:term":[{"taxonomy":"category","embeddable":true,"href":"https:\/\/cidadebaixaonline.com.br\/index.php\/wp-json\/wp\/v2\/categories?post=13552"},{"taxonomy":"post_tag","embeddable":true,"href":"https:\/\/cidadebaixaonline.com.br\/index.php\/wp-json\/wp\/v2\/tags?post=13552"}],"curies":[{"name":"wp","href":"https:\/\/api.w.org\/{rel}","templated":true}]}}