{"id":13546,"date":"2025-08-06T16:02:04","date_gmt":"2025-08-06T19:02:04","guid":{"rendered":"https:\/\/cidadebaixaonline.com.br\/?p=13546"},"modified":"2025-08-06T16:02:05","modified_gmt":"2025-08-06T19:02:05","slug":"flipelo-2025-tem-inicio-nesta-quarta-6-veja-a-programacao-completa","status":"publish","type":"post","link":"https:\/\/cidadebaixaonline.com.br\/index.php\/2025\/08\/06\/flipelo-2025-tem-inicio-nesta-quarta-6-veja-a-programacao-completa\/","title":{"rendered":"Flipel\u00f4 2025 tem in\u00edcio nesta quarta (6); veja a programa\u00e7\u00e3o completa"},"content":{"rendered":"<div class=\"filtros-resultado-busca\">A Festa Liter\u00e1ria Internacional do Pelourinho (Flipel\u00f4) tem in\u00edcio nesta quarta-feira (6), com a abertura oficial \u00e0s 19h, no Palco Flipel\u00f4, no Largo do Pelourinho, com o espet\u00e1culo teatral <strong data-start=\"282\" data-end=\"306\">\u201c<\/strong>Os Dias Bem-Amados<strong data-start=\"282\" data-end=\"306\">\u201d<\/strong>. At\u00e9 o pr\u00f3ximo domingo (10), uma rica programa\u00e7\u00e3o cultural toma conta dos principais pontos do Centro Hist\u00f3rico de Salvador.<\/div>\n<div class=\"grid-base-int\">\n<div class=\"materia-conteudo\">\n<div class=\"materia\">\n<div class=\"conteudo_post\">\n<div id=\"chunk-5shnp\">\n<div class=\"mc-column content-text active-extra-styles\" data-block-type=\"raw\" data-block-weight=\"7\" data-block-id=\"10\">\n<div class=\"content-intertitle\">\n<p data-start=\"85\" data-end=\"291\">Este ano, o evento homenageia o escritor e dramaturgo baiano Dias Gomes e contar\u00e1 com a participa\u00e7\u00e3o do ator L\u00e1zaro Ramos, al\u00e9m dos escritores Rafael Montes, Rosane Svartman, El\u00edsio Lopes Jr., entre outros.<\/p>\n<p data-start=\"293\" data-end=\"533\">Ao todo, mais de onze espa\u00e7os ser\u00e3o ocupados pela Flipel\u00f4 no Pelourinho. As atividades acontecer\u00e3o em locais como o Largo do Pelourinho, onde estar\u00e1 o Palco Flipel\u00f4; o Largo Tereza Batista, com a Vila Liter\u00e1ria; e a Pra\u00e7a Terreiro de Jesus.<\/p>\n<p data-start=\"433\" data-end=\"728\">A CCR Metr\u00f4, concession\u00e1ria respons\u00e1vel pelo sistema metrovi\u00e1rio de Salvador, ir\u00e1 oferecer transporte especial durante os dias da festa. Vans credenciadas realizar\u00e3o o transporte gratuito dos visitantes entre a Esta\u00e7\u00e3o Campo da P\u00f3lvora e o Pelourinho. O servi\u00e7o funcionar\u00e1 em hor\u00e1rios especiais:\u00a0Na quarta-feira (6), as vans circular\u00e3o entre 16h e 22h; de quinta-feira (7) a domingo (10), o transporte funcionar\u00e1 das 9h \u00e0s 22h.<\/p>\n<div id=\"chunk-5cnh7\">\n<div class=\"mc-column content-text active-extra-styles \" data-block-type=\"unstyled\" data-block-weight=\"7\" data-block-id=\"15\">\n<p class=\" content-text__container \" data-track-category=\"Link no Texto\" data-track-links=\"\" data-mrf-recirculation=\"Mat\u00e9ria - Links no Texto\">\u00a0<strong>PALCO FLIPEL\u00d4 \u2013 LARGO DO PELOURINHO<\/strong><\/p>\n<\/div>\n<\/div>\n<div id=\"chunk-3rubo\">\n<div class=\"mc-column content-text active-extra-styles \" data-block-type=\"unstyled\" data-block-weight=\"4\" data-block-id=\"16\">\n<p class=\" content-text__container \" data-track-category=\"Link no Texto\" data-track-links=\"\" data-mrf-recirculation=\"Mat\u00e9ria - Links no Texto\"><strong>\ufe0f 06\/08 (quarta-feira)<\/strong><\/p>\n<\/div>\n<\/div>\n<div id=\"chunk-8qfjc\">\n<div class=\"mc-column content-text active-extra-styles \" data-block-type=\"unstyled\" data-block-weight=\"10\" data-block-id=\"17\">\n<p class=\" content-text__container \" data-track-category=\"Link no Texto\" data-track-links=\"\" data-mrf-recirculation=\"Mat\u00e9ria - Links no Texto\">19h \u2013 Abertura oficial: Espet\u00e1culo teatral \u201cOs dias bem-amados\u201d<\/p>\n<\/div>\n<\/div>\n<div id=\"chunk-13p1i\">\n<div class=\"mc-column content-text active-extra-styles \" data-block-type=\"unstyled\" data-block-weight=\"3\" data-block-id=\"18\">\n<p class=\" content-text__container \" data-track-category=\"Link no Texto\" data-track-links=\"\" data-mrf-recirculation=\"Mat\u00e9ria - Links no Texto\"><strong>\ufe0f 07\/08 (quinta-feira)<\/strong><\/p>\n<\/div>\n<\/div>\n<div id=\"chunk-fu0m4\">\n<div class=\"mc-column content-text active-extra-styles \" data-block-type=\"unstyled\" data-block-weight=\"16\" data-block-id=\"19\">\n<p class=\" content-text__container \" data-track-category=\"Link no Texto\" data-track-links=\"\" data-mrf-recirculation=\"Mat\u00e9ria - Links no Texto\">19h \u2013 Atra\u00e7\u00e3o musical: \u201cVale a pena ouvir de novo\u201d \u2013 Z\u00e9 de Tonha (BA)<\/p>\n<\/div>\n<\/div>\n<div id=\"chunk-4ssg0\">\n<div class=\"mc-column content-text active-extra-styles \" data-block-type=\"unstyled\" data-block-weight=\"3\" data-block-id=\"20\">\n<p class=\" content-text__container \" data-track-category=\"Link no Texto\" data-track-links=\"\" data-mrf-recirculation=\"Mat\u00e9ria - Links no Texto\"><strong>\ufe0f 08\/08 (sexta-feira)<\/strong><\/p>\n<\/div>\n<\/div>\n<div id=\"chunk-jkkb\">\n<div class=\"mc-column content-text active-extra-styles \" data-block-type=\"unstyled\" data-block-weight=\"16\" data-block-id=\"21\">\n<p class=\" content-text__container \" data-track-category=\"Link no Texto\" data-track-links=\"\" data-mrf-recirculation=\"Mat\u00e9ria - Links no Texto\">18h \u2013 Bate-papo: Literatura que d\u00e1 samba \u2013 Luiz Ant\u00f4nio Simas (RJ), Henrique Rodrigues (RJ)<\/p>\n<\/div>\n<\/div>\n<div id=\"chunk-486v3\">\n<div class=\"mc-column content-text active-extra-styles \" data-block-type=\"unstyled\" data-block-weight=\"14\" data-block-id=\"22\">\n<p class=\" content-text__container \" data-track-category=\"Link no Texto\" data-track-links=\"\" data-mrf-recirculation=\"Mat\u00e9ria - Links no Texto\">20h \u2013 Apresenta\u00e7\u00e3o musical: No terreiro das letras \u2013 Samba de farofa (BA)<\/p>\n<\/div>\n<\/div>\n<div id=\"chunk-201sa\">\n<div class=\"mc-column content-text active-extra-styles \" data-block-type=\"unstyled\" data-block-weight=\"3\" data-block-id=\"23\">\n<p class=\" content-text__container \" data-track-category=\"Link no Texto\" data-track-links=\"\" data-mrf-recirculation=\"Mat\u00e9ria - Links no Texto\">\ufe0f\u00a0<strong>09\/08 (s\u00e1bado)<\/strong><\/p>\n<\/div>\n<\/div>\n<div id=\"chunk-cob92\">\n<div class=\"mc-column content-text active-extra-styles \" data-block-type=\"unstyled\" data-block-weight=\"13\" data-block-id=\"24\">\n<p class=\" content-text__container \" data-track-category=\"Link no Texto\" data-track-links=\"\" data-mrf-recirculation=\"Mat\u00e9ria - Links no Texto\">18h \u2013 Bate-papo: Tramas, tretas, letras e mist\u00e9rio \u2013 Raphael Montes (RJ)<\/p>\n<\/div>\n<\/div>\n<div id=\"chunk-3mj14\">\n<div class=\"mc-column content-text active-extra-styles \" data-block-type=\"unstyled\" data-block-weight=\"16\" data-block-id=\"25\">\n<p class=\" content-text__container \" data-track-category=\"Link no Texto\" data-track-links=\"\" data-mrf-recirculation=\"Mat\u00e9ria - Links no Texto\">20h \u2013 Apresenta\u00e7\u00e3o musical: Na trilha dos personagens \u2013 Ger\u00f4nimo Santana e Banda Monte Serrat<\/p>\n<\/div>\n<\/div>\n<div id=\"chunk-c2i3\">\n<div class=\"mc-column content-text active-extra-styles \" data-block-type=\"unstyled\" data-block-weight=\"3\" data-block-id=\"26\">\n<p class=\" content-text__container \" data-track-category=\"Link no Texto\" data-track-links=\"\" data-mrf-recirculation=\"Mat\u00e9ria - Links no Texto\"><strong>\ufe0f 10\/08 (domingo)<\/strong><\/p>\n<\/div>\n<\/div>\n<div id=\"chunk-4s8tb\">\n<div class=\"mc-column content-text active-extra-styles \" data-block-type=\"unstyled\" data-block-weight=\"11\" data-block-id=\"27\">\n<p class=\" content-text__container \" data-track-category=\"Link no Texto\" data-track-links=\"\" data-mrf-recirculation=\"Mat\u00e9ria - Links no Texto\">18h \u2013 Encerramento: O tom da ancestralidade \u2013 Orquestra Afrosinf\u00f4nica<\/p>\n<\/div>\n<\/div>\n<div id=\"chunk-2l4h5\">\n<div class=\"mc-column content-text active-extra-styles \" data-block-type=\"unstyled\" data-block-weight=\"6\" data-block-id=\"28\">\n<p class=\" content-text__container \" data-track-category=\"Link no Texto\" data-track-links=\"\" data-mrf-recirculation=\"Mat\u00e9ria - Links no Texto\">\u00a0<strong>FUNDA\u00c7\u00c3O CASA DE JORGE AMADO<\/strong><\/p>\n<\/div>\n<\/div>\n<div id=\"chunk-dsjv9\">\n<div class=\"mc-column content-text active-extra-styles \" data-block-type=\"unstyled\" data-block-weight=\"5\" data-block-id=\"29\">\n<p class=\" content-text__container \" data-track-category=\"Link no Texto\" data-track-links=\"\" data-mrf-recirculation=\"Mat\u00e9ria - Links no Texto\"><strong>CAF\u00c9 TEATRO Z\u00c9LIA GATTAI<\/strong><\/p>\n<\/div>\n<\/div>\n<div id=\"chunk-6p3um\">\n<div class=\"mc-column content-text active-extra-styles \" data-block-type=\"unstyled\" data-block-weight=\"4\" data-block-id=\"30\">\n<p class=\" content-text__container \" data-track-category=\"Link no Texto\" data-track-links=\"\" data-mrf-recirculation=\"Mat\u00e9ria - Links no Texto\"><strong>\ufe0f 07\/08 (quinta-feira)<\/strong><\/p>\n<\/div>\n<\/div>\n<div id=\"chunk-bnnvc\">\n<div class=\"mc-column content-text active-extra-styles \" data-block-type=\"unstyled\" data-block-weight=\"17\" data-block-id=\"31\">\n<p class=\" content-text__container \" data-track-category=\"Link no Texto\" data-track-links=\"\" data-mrf-recirculation=\"Mat\u00e9ria - Links no Texto\">11h \u2013 Painel: Angola e Brasil: Pontes Liter\u00e1rias e Hist\u00f3ricas \u2013 Luandino Luis Alves Carvalho (Angola)<\/p>\n<\/div>\n<\/div>\n<div id=\"chunk-8a9ju\">\n<div class=\"mc-column content-text active-extra-styles \" data-block-type=\"unstyled\" data-block-weight=\"24\" data-block-id=\"32\">\n<p class=\" content-text__container \" data-track-category=\"Link no Texto\" data-track-links=\"\" data-mrf-recirculation=\"Mat\u00e9ria - Links no Texto\">14h \u2013 Bate-papo: O que quer, o que pode a curadoria liter\u00e1ria? \u2013 Ester Figueiredo (BA), Inez Carvalho (BA). Media\u00e7\u00e3o: Breno Fernandes (BA)<\/p>\n<\/div>\n<\/div>\n<div id=\"chunk-elvd9\">\n<div class=\"mc-column content-text active-extra-styles \" data-block-type=\"unstyled\" data-block-weight=\"21\" data-block-id=\"33\">\n<p class=\" content-text__container \" data-track-category=\"Link no Texto\" data-track-links=\"\" data-mrf-recirculation=\"Mat\u00e9ria - Links no Texto\">16h e 17h \u2013 Terreiro de Poesia \u2013 Apresenta\u00e7\u00f5es com diversos poetas e media\u00e7\u00e3o de Jos\u00e9 In\u00e1cio Vieira de Melo<\/p>\n<\/div>\n<\/div>\n<div id=\"chunk-6ikr8\">\n<div class=\"mc-column content-text active-extra-styles \" data-block-type=\"unstyled\" data-block-weight=\"3\" data-block-id=\"34\">\n<p class=\" content-text__container \" data-track-category=\"Link no Texto\" data-track-links=\"\" data-mrf-recirculation=\"Mat\u00e9ria - Links no Texto\"><strong>\ufe0f 08\/08 (sexta-feira)<\/strong><\/p>\n<\/div>\n<\/div>\n<div id=\"chunk-fn8eo\">\n<div class=\"content-ads content-ads--reveal\" data-block-type=\"ads\" data-block-id=\"35\">\n<div id=\"banner_materia__ab9224fb-fe19-4dff-b51a-3243729541fd\" class=\"tag-manager-publicidade-container tag-manager-publicidade-banner_materia__ab9224fb-fe19-4dff-b51a-3243729541fd tag-manager-publicidade-container--carregado tag-manager-publicidade-container--visivel\" data-google-query-id=\"CNmVvPnF9o4DFQ2uYQYdkDgNMg\">\n<div id=\"google_ads_iframe_\/95377733\/tvg_G1\/Sua_Regiao&gt;Nordeste&gt;Bahia_5__container__\"><\/div>\n<\/div>\n<\/div>\n<\/div>\n<div id=\"chunk-dehdj\">\n<div class=\"mc-column content-text active-extra-styles \" data-block-type=\"unstyled\" data-block-weight=\"15\" data-block-id=\"36\">\n<p class=\" content-text__container \" data-track-category=\"Link no Texto\" data-track-links=\"\" data-mrf-recirculation=\"Mat\u00e9ria - Links no Texto\">11h \u2013 Bate-papo: Escrever \u00e9 Herdar \u2013 Luciana Targino (CE), Paloma Jorge Amado (BA)<\/p>\n<\/div>\n<\/div>\n<div id=\"chunk-8uppu\">\n<div class=\"mc-column content-text active-extra-styles \" data-block-type=\"unstyled\" data-block-weight=\"13\" data-block-id=\"37\">\n<p class=\" content-text__container \" data-track-category=\"Link no Texto\" data-track-links=\"\" data-mrf-recirculation=\"Mat\u00e9ria - Links no Texto\">14h \u2013 Bate-papo: Calasans e Conselheiro \u2013 Marcelo da Silva Ribeiro (BA)<\/p>\n<\/div>\n<\/div>\n<div id=\"chunk-62rbg\">\n<div class=\"mc-column content-text active-extra-styles \" data-block-type=\"unstyled\" data-block-weight=\"8\" data-block-id=\"38\">\n<p class=\" content-text__container \" data-track-category=\"Link no Texto\" data-track-links=\"\" data-mrf-recirculation=\"Mat\u00e9ria - Links no Texto\">16h e 17h \u2013 Terreiro de Poesia<\/p>\n<\/div>\n<\/div>\n<div id=\"chunk-9qquc\">\n<div class=\"mc-column content-text active-extra-styles \" data-block-type=\"unstyled\" data-block-weight=\"3\" data-block-id=\"39\">\n<p class=\" content-text__container \" data-track-category=\"Link no Texto\" data-track-links=\"\" data-mrf-recirculation=\"Mat\u00e9ria - Links no Texto\"><strong>\ufe0f 09\/08 (s\u00e1bado)<\/strong><\/p>\n<\/div>\n<\/div>\n<div id=\"chunk-eufrg\">\n<div class=\"mc-column content-text active-extra-styles \" data-block-type=\"unstyled\" data-block-weight=\"14\" data-block-id=\"40\">\n<p class=\" content-text__container \" data-track-category=\"Link no Texto\" data-track-links=\"\" data-mrf-recirculation=\"Mat\u00e9ria - Links no Texto\">11h \u2013 Bate-papo: Conversa amadiana \u2013 Evandro Neto (BA\/SP). Media\u00e7\u00e3o: Roberto Aguiar (PA\/BA)<\/p>\n<\/div>\n<\/div>\n<div id=\"chunk-3hf0t\">\n<div class=\"mc-column content-text active-extra-styles \" data-block-type=\"unstyled\" data-block-weight=\"8\" data-block-id=\"41\">\n<p class=\" content-text__container \" data-track-category=\"Link no Texto\" data-track-links=\"\" data-mrf-recirculation=\"Mat\u00e9ria - Links no Texto\">16h e 17h \u2013 Terreiro de Poesia<\/p>\n<\/div>\n<\/div>\n<div id=\"chunk-evrec\">\n<div class=\"mc-column content-text active-extra-styles \" data-block-type=\"unstyled\" data-block-weight=\"3\" data-block-id=\"42\">\n<p class=\" content-text__container \" data-track-category=\"Link no Texto\" data-track-links=\"\" data-mrf-recirculation=\"Mat\u00e9ria - Links no Texto\"><strong>\ufe0f 10\/08 (Domingo)<\/strong><\/p>\n<\/div>\n<\/div>\n<div id=\"chunk-96q1i\">\n<div class=\"mc-column content-text active-extra-styles \" data-block-type=\"unstyled\" data-block-weight=\"15\" data-block-id=\"43\">\n<p class=\" content-text__container \" data-track-category=\"Link no Texto\" data-track-links=\"\" data-mrf-recirculation=\"Mat\u00e9ria - Links no Texto\">11h \u2013 Bate-papo: Artesanias do livro \u2013 Yara Fers (BA), Paloma Jorge Amado (BA)<\/p>\n<\/div>\n<\/div>\n<div id=\"chunk-fkpuc\">\n<div class=\"mc-column content-text active-extra-styles \" data-block-type=\"unstyled\" data-block-weight=\"11\" data-block-id=\"44\">\n<p class=\" content-text__container \" data-track-category=\"Link no Texto\" data-track-links=\"\" data-mrf-recirculation=\"Mat\u00e9ria - Links no Texto\">16h \u2013 Sarau: Amadas de Jorge \u2013 Movimento Exploesia (BA)<\/p>\n<\/div>\n<\/div>\n<div id=\"chunk-2uj1\">\n<div class=\"mc-column content-text active-extra-styles \" data-block-type=\"unstyled\" data-block-weight=\"4\" data-block-id=\"45\">\n<p class=\" content-text__container \" data-track-category=\"Link no Texto\" data-track-links=\"\" data-mrf-recirculation=\"Mat\u00e9ria - Links no Texto\"><strong>SALA JAMES AMADO<\/strong><\/p>\n<\/div>\n<\/div>\n<div id=\"chunk-7mh19\">\n<div class=\"mc-column content-text active-extra-styles \" data-block-type=\"unstyled\" data-block-weight=\"4\" data-block-id=\"46\">\n<p class=\" content-text__container \" data-track-category=\"Link no Texto\" data-track-links=\"\" data-mrf-recirculation=\"Mat\u00e9ria - Links no Texto\"><strong>\ufe0f 07\/08 (quinta-feira)<\/strong><\/p>\n<\/div>\n<\/div>\n<div id=\"chunk-4dakn\">\n<div class=\"mc-column content-text active-extra-styles \" data-block-type=\"unstyled\" data-block-weight=\"16\" data-block-id=\"47\">\n<p class=\" content-text__container \" data-track-category=\"Link no Texto\" data-track-links=\"\" data-mrf-recirculation=\"Mat\u00e9ria - Links no Texto\">14h \u00e0s 16h \u2013 Mini oficina liter\u00e1ria: A audiodescri\u00e7\u00e3o nas artes \u2013 Sandra Rosa (BA)<\/p>\n<\/div>\n<\/div>\n<div id=\"chunk-a9jnk\">\n<div class=\"mc-column content-text active-extra-styles \" data-block-type=\"unstyled\" data-block-weight=\"3\" data-block-id=\"48\">\n<p class=\" content-text__container \" data-track-category=\"Link no Texto\" data-track-links=\"\" data-mrf-recirculation=\"Mat\u00e9ria - Links no Texto\"><strong>\ufe0f 08\/08 (sexta-feira)<\/strong><\/p>\n<\/div>\n<\/div>\n<div id=\"chunk-ohc9\">\n<div class=\"mc-column content-text active-extra-styles \" data-block-type=\"unstyled\" data-block-weight=\"16\" data-block-id=\"49\">\n<p class=\" content-text__container \" data-track-category=\"Link no Texto\" data-track-links=\"\" data-mrf-recirculation=\"Mat\u00e9ria - Links no Texto\">10h \u00e0s 12h \u2013 Conta\u00e7\u00e3o de hist\u00f3rias acess\u00edveis em libras \u2013 Projeto D\u00ea um sinal<\/p>\n<\/div>\n<\/div>\n<div id=\"chunk-50dra\">\n<div class=\"mc-column content-text active-extra-styles \" data-block-type=\"unstyled\" data-block-weight=\"12\" data-block-id=\"50\">\n<p class=\" content-text__container \" data-track-category=\"Link no Texto\" data-track-links=\"\" data-mrf-recirculation=\"Mat\u00e9ria - Links no Texto\">14h \u00e0s 16h \u2013 Oficina de libras \u2013 Divanildo Oliveira (BA)<\/p>\n<\/div>\n<\/div>\n<div id=\"chunk-5524e\">\n<div class=\"mc-column content-text active-extra-styles \" data-block-type=\"unstyled\" data-block-weight=\"3\" data-block-id=\"51\">\n<p class=\" content-text__container \" data-track-category=\"Link no Texto\" data-track-links=\"\" data-mrf-recirculation=\"Mat\u00e9ria - Links no Texto\"><strong>\ufe0f 09\/08 (s\u00e1bado)<\/strong><\/p>\n<\/div>\n<\/div>\n<div id=\"chunk-f49qt\">\n<div class=\"mc-column content-text active-extra-styles \" data-block-type=\"unstyled\" data-block-weight=\"13\" data-block-id=\"52\">\n<p class=\" content-text__container \" data-track-category=\"Link no Texto\" data-track-links=\"\" data-mrf-recirculation=\"Mat\u00e9ria - Links no Texto\"><strong>\u00a0<\/strong>10h \u00e0s 12h \u2013 Oficina de cria\u00e7\u00e3o liter\u00e1ria \u2013 M\u00e1rcia Moreira (BA)<\/p>\n<\/div>\n<\/div>\n<div id=\"chunk-8uboh\">\n<div class=\"mc-column content-text active-extra-styles \" data-block-type=\"unstyled\" data-block-weight=\"14\" data-block-id=\"53\">\n<p class=\" content-text__container \" data-track-category=\"Link no Texto\" data-track-links=\"\" data-mrf-recirculation=\"Mat\u00e9ria - Links no Texto\">14h30 \u00e0s 16h \u2013 Oficina de roteiro: Dramaturgia viva \u2013 Edvard Passos (BA)<\/p>\n<\/div>\n<\/div>\n<div id=\"chunk-6s66a\">\n<div class=\"mc-column content-text active-extra-styles \" data-block-type=\"unstyled\" data-block-weight=\"6\" data-block-id=\"54\">\n<p class=\" content-text__container \" data-track-category=\"Link no Texto\" data-track-links=\"\" data-mrf-recirculation=\"Mat\u00e9ria - Links no Texto\"><strong>VILA LITER\u00c1RIA \u2013 Largo Tereza Batista<\/strong><\/p>\n<\/div>\n<\/div>\n<div id=\"chunk-6as5o\">\n<div class=\"mc-column content-text active-extra-styles \" data-block-type=\"unstyled\" data-block-weight=\"4\" data-block-id=\"55\">\n<p class=\" content-text__container \" data-track-category=\"Link no Texto\" data-track-links=\"\" data-mrf-recirculation=\"Mat\u00e9ria - Links no Texto\"><strong>\ufe0f 07\/08 (quinta-feira)<\/strong><\/p>\n<\/div>\n<\/div>\n<div id=\"chunk-1p9t0\">\n<div class=\"mc-column content-text active-extra-styles \" data-block-type=\"unstyled\" data-block-weight=\"11\" data-block-id=\"56\">\n<p class=\" content-text__container \" data-track-category=\"Link no Texto\" data-track-links=\"\" data-mrf-recirculation=\"Mat\u00e9ria - Links no Texto\">09h30 \u2013 Lan\u00e7amento: Ox\u00f3ssi 3 \u2013 Chao Gizan, Pedro Ribeiro<\/p>\n<\/div>\n<\/div>\n<div id=\"chunk-6q14m\">\n<div class=\"mc-column content-text active-extra-styles \" data-block-type=\"unstyled\" data-block-weight=\"10\" data-block-id=\"57\">\n<p class=\" content-text__container \" data-track-category=\"Link no Texto\" data-track-links=\"\" data-mrf-recirculation=\"Mat\u00e9ria - Links no Texto\">10h \u2013 Bate-papo: A fic\u00e7\u00e3o e os imagin\u00e1rios fant\u00e1sticos<\/p>\n<\/div>\n<\/div>\n<div id=\"chunk-7c0q6\">\n<div class=\"content-ads content-ads--reveal\" data-block-type=\"ads\" data-block-id=\"58\">\n<div id=\"banner_materia__9c27f67e-3682-4786-895d-d15e220ead8a\" class=\"tag-manager-publicidade-container tag-manager-publicidade-banner_materia__9c27f67e-3682-4786-895d-d15e220ead8a tag-manager-publicidade-container--carregado tag-manager-publicidade-container--visivel\" data-google-query-id=\"CJbe8fnF9o4DFTVQuAQdZvMQ1g\">\n<div id=\"google_ads_iframe_\/95377733\/tvg_G1\/Sua_Regiao&gt;Nordeste&gt;Bahia_6__container__\"><\/div>\n<\/div>\n<\/div>\n<\/div>\n<div id=\"chunk-7v8ba\">\n<div class=\"mc-column content-text active-extra-styles \" data-block-type=\"unstyled\" data-block-weight=\"8\" data-block-id=\"59\">\n<p class=\" content-text__container \" data-track-category=\"Link no Texto\" data-track-links=\"\" data-mrf-recirculation=\"Mat\u00e9ria - Links no Texto\"><strong>\u00a0<\/strong>11h \u2013 Bate-papo KDP: Publica essa fanfic<\/p>\n<\/div>\n<\/div>\n<div id=\"chunk-7rpi8\">\n<div class=\"mc-column content-text active-extra-styles \" data-block-type=\"unstyled\" data-block-weight=\"11\" data-block-id=\"60\">\n<p class=\" content-text__container \" data-track-category=\"Link no Texto\" data-track-links=\"\" data-mrf-recirculation=\"Mat\u00e9ria - Links no Texto\">14h \u2013 Bate-papo: O que h\u00e1 por tr\u00e1s das telas<\/p>\n<\/div>\n<\/div>\n<div id=\"chunk-78c1o\">\n<div class=\"mc-column content-text active-extra-styles \" data-block-type=\"unstyled\" data-block-weight=\"12\" data-block-id=\"61\">\n<p class=\" content-text__container \" data-track-category=\"Link no Texto\" data-track-links=\"\" data-mrf-recirculation=\"Mat\u00e9ria - Links no Texto\">15h \u2013 Lan\u00e7amento: No dia que matei meu pai fazia sol<\/p>\n<\/div>\n<\/div>\n<div id=\"chunk-oqj4\">\n<div class=\"mc-column content-text active-extra-styles \" data-block-type=\"unstyled\" data-block-weight=\"9\" data-block-id=\"62\">\n<p class=\" content-text__container \" data-track-category=\"Link no Texto\" data-track-links=\"\" data-mrf-recirculation=\"Mat\u00e9ria - Links no Texto\">16h \u2013 Bate-papo: Adaptando ao que me vejo<\/p>\n<\/div>\n<\/div>\n<div id=\"chunk-c8i0l\">\n<div class=\"mc-column content-text active-extra-styles \" data-block-type=\"unstyled\" data-block-weight=\"5\" data-block-id=\"63\">\n<p class=\" content-text__container \" data-track-category=\"Link no Texto\" data-track-links=\"\" data-mrf-recirculation=\"Mat\u00e9ria - Links no Texto\">17h \u2013 Microfone aberto<\/p>\n<\/div>\n<\/div>\n<div id=\"chunk-e3k96\">\n<div class=\"mc-column content-text active-extra-styles \" data-block-type=\"unstyled\" data-block-weight=\"5\" data-block-id=\"64\">\n<p class=\" content-text__container \" data-track-category=\"Link no Texto\" data-track-links=\"\" data-mrf-recirculation=\"Mat\u00e9ria - Links no Texto\">18h30 \u2013 Desfile Cosplay<\/p>\n<\/div>\n<\/div>\n<div id=\"chunk-16r1k\">\n<div class=\"mc-column content-text active-extra-styles \" data-block-type=\"unstyled\" data-block-weight=\"3\" data-block-id=\"65\">\n<p class=\" content-text__container \" data-track-category=\"Link no Texto\" data-track-links=\"\" data-mrf-recirculation=\"Mat\u00e9ria - Links no Texto\">\ufe0f<strong>\u00a008\/08 (sexta-feira)<\/strong><\/p>\n<\/div>\n<\/div>\n<div id=\"chunk-8m5as\">\n<div class=\"mc-column content-text active-extra-styles \" data-block-type=\"unstyled\" data-block-weight=\"7\" data-block-id=\"66\">\n<p class=\" content-text__container \" data-track-category=\"Link no Texto\" data-track-links=\"\" data-mrf-recirculation=\"Mat\u00e9ria - Links no Texto\">09h30 \u2013 Lan\u00e7amento: Oferenda ao Mar<\/p>\n<\/div>\n<\/div>\n<div id=\"chunk-25l6i\">\n<div class=\"mc-column content-text active-extra-styles \" data-block-type=\"unstyled\" data-block-weight=\"7\" data-block-id=\"67\">\n<p class=\" content-text__container \" data-track-category=\"Link no Texto\" data-track-links=\"\" data-mrf-recirculation=\"Mat\u00e9ria - Links no Texto\">10h \u2013 Bate-papo KDP: Pr\u00eamios Liter\u00e1rios<\/p>\n<\/div>\n<\/div>\n<div id=\"chunk-a5gfg\">\n<div class=\"mc-column content-text active-extra-styles \" data-block-type=\"unstyled\" data-block-weight=\"9\" data-block-id=\"68\">\n<p class=\" content-text__container \" data-track-category=\"Link no Texto\" data-track-links=\"\" data-mrf-recirculation=\"Mat\u00e9ria - Links no Texto\">11h \u2013 Bate-papo: Esse romance \u00e9 uma com\u00e9dia<\/p>\n<\/div>\n<\/div>\n<div id=\"chunk-7n2jc\">\n<div class=\"mc-column content-text active-extra-styles \" data-block-type=\"unstyled\" data-block-weight=\"8\" data-block-id=\"69\">\n<p class=\" content-text__container \" data-track-category=\"Link no Texto\" data-track-links=\"\" data-mrf-recirculation=\"Mat\u00e9ria - Links no Texto\">14h \u2013 Bate-papo: Da literatura aos palcos<\/p>\n<\/div>\n<\/div>\n<div id=\"chunk-8mieq\">\n<div class=\"mc-column content-text active-extra-styles \" data-block-type=\"unstyled\" data-block-weight=\"8\" data-block-id=\"70\">\n<p class=\" content-text__container \" data-track-category=\"Link no Texto\" data-track-links=\"\" data-mrf-recirculation=\"Mat\u00e9ria - Links no Texto\">16h \u2013 Bate-papo: Literatura, s\u00e9ries e filmes<\/p>\n<\/div>\n<\/div>\n<div id=\"chunk-8vfqk\">\n<div class=\"mc-column content-text active-extra-styles \" data-block-type=\"unstyled\" data-block-weight=\"8\" data-block-id=\"71\">\n<p class=\" content-text__container \" data-track-category=\"Link no Texto\" data-track-links=\"\" data-mrf-recirculation=\"Mat\u00e9ria - Links no Texto\">18h30 \u2013 Atra\u00e7\u00e3o musical: Banda Rosa Ch\u00e1<\/p>\n<\/div>\n<\/div>\n<div id=\"chunk-iumm\">\n<div class=\"mc-column content-text active-extra-styles \" data-block-type=\"unstyled\" data-block-weight=\"4\" data-block-id=\"72\">\n<p class=\" content-text__container \" data-track-category=\"Link no Texto\" data-track-links=\"\" data-mrf-recirculation=\"Mat\u00e9ria - Links no Texto\">\ufe0f<strong>\u00a009\/08 (s\u00e1bado)<\/strong><\/p>\n<\/div>\n<\/div>\n<div id=\"chunk-npnf\">\n<div class=\"mc-column content-text active-extra-styles \" data-block-type=\"unstyled\" data-block-weight=\"7\" data-block-id=\"73\">\n<p class=\" content-text__container \" data-track-category=\"Link no Texto\" data-track-links=\"\" data-mrf-recirculation=\"Mat\u00e9ria - Links no Texto\">10h \u2013 Bate-papo: A poesia falada<\/p>\n<\/div>\n<\/div>\n<div id=\"chunk-8q9qu\">\n<div class=\"mc-column content-text active-extra-styles \" data-block-type=\"unstyled\" data-block-weight=\"10\" data-block-id=\"74\">\n<p class=\" content-text__container \" data-track-category=\"Link no Texto\" data-track-links=\"\" data-mrf-recirculation=\"Mat\u00e9ria - Links no Texto\">11h \u2013 Bate-papo: Da cria\u00e7\u00e3o de conte\u00fado \u00e0 autoria<\/p>\n<\/div>\n<\/div>\n<div id=\"chunk-bale2\">\n<div class=\"mc-column content-text active-extra-styles \" data-block-type=\"unstyled\" data-block-weight=\"8\" data-block-id=\"75\">\n<p class=\" content-text__container \" data-track-category=\"Link no Texto\" data-track-links=\"\" data-mrf-recirculation=\"Mat\u00e9ria - Links no Texto\">14h \u2013 Bate-papo: Das tirinhas \u00e0 autopublica\u00e7\u00e3o<\/p>\n<\/div>\n<\/div>\n<div id=\"chunk-9ln8p\">\n<div class=\"mc-column content-text active-extra-styles \" data-block-type=\"unstyled\" data-block-weight=\"11\" data-block-id=\"76\">\n<p class=\" content-text__container \" data-track-category=\"Link no Texto\" data-track-links=\"\" data-mrf-recirculation=\"Mat\u00e9ria - Links no Texto\">15h \u2013 Bate-papo: E se fosse adaptado\u2026? \u2013 L\u00e1zaro Ramos<\/p>\n<\/div>\n<\/div>\n<div id=\"chunk-6sapm\">\n<div class=\"mc-column content-text active-extra-styles \" data-block-type=\"unstyled\" data-block-weight=\"6\" data-block-id=\"77\">\n<p class=\" content-text__container \" data-track-category=\"Link no Texto\" data-track-links=\"\" data-mrf-recirculation=\"Mat\u00e9ria - Links no Texto\">17h30 \u2013 Batalha de desenho<\/p>\n<\/div>\n<\/div>\n<div id=\"chunk-s3vp\">\n<div class=\"mc-column content-text active-extra-styles \" data-block-type=\"unstyled\" data-block-weight=\"8\" data-block-id=\"78\">\n<p class=\" content-text__container \" data-track-category=\"Link no Texto\" data-track-links=\"\" data-mrf-recirculation=\"Mat\u00e9ria - Links no Texto\">18h30 \u2013 Atra\u00e7\u00e3o musical: Banda Samba Onn<\/p>\n<\/div>\n<\/div>\n<div id=\"chunk-ar5kf\">\n<div class=\"mc-column content-text active-extra-styles \" data-block-type=\"unstyled\" data-block-weight=\"4\" data-block-id=\"79\">\n<p class=\" content-text__container \" data-track-category=\"Link no Texto\" data-track-links=\"\" data-mrf-recirculation=\"Mat\u00e9ria - Links no Texto\">\ufe0f\u00a0<strong>10\/08 (domingo)<\/strong><\/p>\n<\/div>\n<\/div>\n<div id=\"chunk-7s4om\">\n<div class=\"mc-column content-text active-extra-styles \" data-block-type=\"unstyled\" data-block-weight=\"8\" data-block-id=\"80\">\n<p class=\" content-text__container \" data-track-category=\"Link no Texto\" data-track-links=\"\" data-mrf-recirculation=\"Mat\u00e9ria - Links no Texto\">10h \u2013 Bate-papo KDP: Lugares de fala<\/p>\n<\/div>\n<\/div>\n<div id=\"chunk-fljvk\">\n<div class=\"mc-column content-text active-extra-styles \" data-block-type=\"unstyled\" data-block-weight=\"8\" data-block-id=\"81\">\n<p class=\" content-text__container \" data-track-category=\"Link no Texto\" data-track-links=\"\" data-mrf-recirculation=\"Mat\u00e9ria - Links no Texto\">11h \u2013 Bate-papo KDP: Livro em cena<\/p>\n<\/div>\n<\/div>\n<div id=\"chunk-2771j\">\n<div class=\"mc-column content-text active-extra-styles \" data-block-type=\"unstyled\" data-block-weight=\"10\" data-block-id=\"82\">\n<p class=\" content-text__container \" data-track-category=\"Link no Texto\" data-track-links=\"\" data-mrf-recirculation=\"Mat\u00e9ria - Links no Texto\">14h \u2013 Bate-papo: A palavra e o seu poder<\/p>\n<\/div>\n<\/div>\n<div id=\"chunk-fgnii\">\n<div class=\"mc-column content-text active-extra-styles \" data-block-type=\"unstyled\" data-block-weight=\"8\" data-block-id=\"83\">\n<p class=\" content-text__container \" data-track-category=\"Link no Texto\" data-track-links=\"\" data-mrf-recirculation=\"Mat\u00e9ria - Links no Texto\">17h \u2013 Atra\u00e7\u00e3o musical: Banda Yay\u00e1 Massemba<\/p>\n<\/div>\n<\/div>\n<div id=\"chunk-8gd2o\">\n<div class=\"mc-column content-text active-extra-styles \" data-block-type=\"unstyled\" data-block-weight=\"6\" data-block-id=\"84\">\n<p class=\" content-text__container \" data-track-category=\"Link no Texto\" data-track-links=\"\" data-mrf-recirculation=\"Mat\u00e9ria - Links no Texto\">\u00a0<strong>SESC-SENAC PELOURINHO (Teatro e Arena)<\/strong><\/p>\n<\/div>\n<\/div>\n<div id=\"chunk-8s428\">\n<div class=\"mc-column content-text active-extra-styles \" data-block-type=\"unstyled\" data-block-weight=\"4\" data-block-id=\"85\">\n<p class=\" content-text__container \" data-track-category=\"Link no Texto\" data-track-links=\"\" data-mrf-recirculation=\"Mat\u00e9ria - Links no Texto\">\ufe0f\u00a0<strong>07\/08 (quinta-feira)<\/strong><\/p>\n<\/div>\n<\/div>\n<div id=\"chunk-5mf4o\">\n<div class=\"mc-column content-text active-extra-styles \" data-block-type=\"unstyled\" data-block-weight=\"10\" data-block-id=\"87\">\n<p class=\" content-text__container \" data-track-category=\"Link no Texto\" data-track-links=\"\" data-mrf-recirculation=\"Mat\u00e9ria - Links no Texto\">9h \u2013 Espet\u00e1culo infantil \u2013 Hist\u00f3rias do mund\u00e3o, com<\/p>\n<\/div>\n<\/div>\n<div id=\"chunk-akhmd\">\n<div class=\"mc-column content-text active-extra-styles\" data-block-type=\"raw\" data-block-weight=\"4\" data-block-id=\"88\">\n<ul class=\"content-unordered-list\">\n<li>Chegan\u00e7a Atelier Cultural (BA)<\/li>\n<\/ul>\n<\/div>\n<\/div>\n<div id=\"chunk-8a8eh\">\n<div class=\"mc-column content-text active-extra-styles \" data-block-type=\"unstyled\" data-block-weight=\"14\" data-block-id=\"89\">\n<p class=\" content-text__container \" data-track-category=\"Link no Texto\" data-track-links=\"\" data-mrf-recirculation=\"Mat\u00e9ria - Links no Texto\">11h \u2013 Mesa \u2013 Larga o doce: trocando ideias sobre leituras, com:<\/p>\n<\/div>\n<\/div>\n<div id=\"chunk-c6geq\">\n<div class=\"mc-column content-text active-extra-styles\" data-block-type=\"raw\" data-block-weight=\"17\" data-block-id=\"90\">\n<ul class=\"content-unordered-list\">\n<li>Luiza Meireles (BA)<\/li>\n<li>Pretinhas Leitoras, com: Eduarda Ferreira (RJ) e Helena Ferreira (RJ)<\/li>\n<li>Media\u00e7\u00e3o: Ananda Luz (BA)<\/li>\n<\/ul>\n<\/div>\n<\/div>\n<div id=\"chunk-8nd7o\">\n<div class=\"mc-column content-text active-extra-styles \" data-block-type=\"unstyled\" data-block-weight=\"9\" data-block-id=\"91\">\n<p class=\" content-text__container \" data-track-category=\"Link no Texto\" data-track-links=\"\" data-mrf-recirculation=\"Mat\u00e9ria - Links no Texto\">13h \u2013 Mesa \u2013 Pelourinho em cena, com:<\/p>\n<\/div>\n<\/div>\n<div id=\"chunk-1kpen\">\n<div class=\"mc-column content-text active-extra-styles\" data-block-type=\"raw\" data-block-weight=\"13\" data-block-id=\"92\">\n<ul class=\"content-unordered-list\">\n<li>Poeta com P de preto (BA)<\/li>\n<li>Viviam Caroline (BA)<\/li>\n<li>Media\u00e7\u00e3o: M\u00f4nica Santana (BA<\/li>\n<\/ul>\n<\/div>\n<\/div>\n<div id=\"chunk-erpmn\">\n<div class=\"mc-column content-text active-extra-styles \" data-block-type=\"unstyled\" data-block-weight=\"17\" data-block-id=\"93\">\n<p class=\" content-text__container \" data-track-category=\"Link no Texto\" data-track-links=\"\" data-mrf-recirculation=\"Mat\u00e9ria - Links no Texto\">14h30 \u2013 Mesa \u2013 Construindo cidadania pela leitura: pr\u00e1ticas em escolas, bibliotecas e espa\u00e7os culturais, com:<\/p>\n<\/div>\n<\/div>\n<div id=\"chunk-8c3p8\">\n<div class=\"mc-column content-text active-extra-styles\" data-block-type=\"raw\" data-block-weight=\"15\" data-block-id=\"94\">\n<ul class=\"content-unordered-list\">\n<li>Luc\u00edlia Soares (RJ)<\/li>\n<li>Elisabete Veras (RJ<\/li>\n<li>Maria da Concei\u00e7\u00e3o Silva (BA)<\/li>\n<li>Media\u00e7\u00e3o: Diogo Borges (RJ)<\/li>\n<\/ul>\n<\/div>\n<\/div>\n<div id=\"chunk-4gb83\">\n<div class=\"mc-column content-text active-extra-styles \" data-block-type=\"unstyled\" data-block-weight=\"9\" data-block-id=\"95\">\n<p class=\" content-text__container \" data-track-category=\"Link no Texto\" data-track-links=\"\" data-mrf-recirculation=\"Mat\u00e9ria - Links no Texto\">17h \u2013 Mesa \u2013 Direito \u00e0 literatura, com:<\/p>\n<\/div>\n<\/div>\n<div id=\"chunk-8k3nu\">\n<div class=\"mc-column content-text active-extra-styles\" data-block-type=\"raw\" data-block-weight=\"10\" data-block-id=\"96\">\n<ul class=\"content-unordered-list\">\n<li>Em\u00edlia Nu\u00f1ez (BA)<\/li>\n<li>Alex Brito (PE\/BA)<\/li>\n<li>Media\u00e7\u00e3o: Silvana Oliveira (BA)<\/li>\n<\/ul>\n<\/div>\n<\/div>\n<div id=\"chunk-els5s\">\n<div class=\"mc-column content-text active-extra-styles \" data-block-type=\"unstyled\" data-block-weight=\"16\" data-block-id=\"97\">\n<p class=\" content-text__container \" data-track-category=\"Link no Texto\" data-track-links=\"\" data-mrf-recirculation=\"Mat\u00e9ria - Links no Texto\">19h \u2013 Mesa \u2013 Vozes que Emergem: os Novos poetas do Pr\u00eamio Myriam Fraga, com:<\/p>\n<\/div>\n<\/div>\n<div id=\"chunk-9vb12\">\n<div class=\"mc-column content-text active-extra-styles\" data-block-type=\"raw\" data-block-weight=\"20\" data-block-id=\"98\">\n<ul class=\"content-unordered-list\">\n<li>Micheliny Verunschk (PE)<\/li>\n<li>Rodrigo Casarin (SP)<\/li>\n<li>Alan Rezende (RJ)<\/li>\n<li>Mariana Lima (BA)<\/li>\n<li>Francisco Pedrosa (PE)<\/li>\n<li>Media\u00e7\u00e3o: Marcus Vin\u00edcius Rodrigues (BA)<\/li>\n<\/ul>\n<\/div>\n<\/div>\n<div id=\"chunk-3dut5\">\n<div class=\"mc-column content-text active-extra-styles \" data-block-type=\"unstyled\" data-block-weight=\"3\" data-block-id=\"99\">\n<p class=\" content-text__container \" data-track-category=\"Link no Texto\" data-track-links=\"\" data-mrf-recirculation=\"Mat\u00e9ria - Links no Texto\"><strong>\ufe0f 08.08 (sexta-feira)<\/strong><\/p>\n<\/div>\n<\/div>\n<div id=\"chunk-5isc6\">\n<div class=\"mc-column content-text active-extra-styles \" data-block-type=\"unstyled\" data-block-weight=\"14\" data-block-id=\"100\">\n<p class=\" content-text__container \" data-track-category=\"Link no Texto\" data-track-links=\"\" data-mrf-recirculation=\"Mat\u00e9ria - Links no Texto\">9h \u2013 Conta\u00e7\u00e3o de hist\u00f3ria infantil \u2013 Katend\u00ea e o novo Rei, com:<\/p>\n<\/div>\n<\/div>\n<div id=\"chunk-20kna\">\n<div class=\"mc-column content-text active-extra-styles\" data-block-type=\"raw\" data-block-weight=\"6\" data-block-id=\"101\">\n<ul class=\"content-unordered-list\">\n<li>M\u00e1rio Omar (BA)<\/li>\n<li>Rick Carvalho (BA)<\/li>\n<\/ul>\n<\/div>\n<\/div>\n<div id=\"chunk-d64t4\">\n<div class=\"mc-column content-text active-extra-styles \" data-block-type=\"unstyled\" data-block-weight=\"11\" data-block-id=\"102\">\n<p class=\" content-text__container \" data-track-category=\"Link no Texto\" data-track-links=\"\" data-mrf-recirculation=\"Mat\u00e9ria - Links no Texto\">11h \u2013 Mesa \u2013 \u201cA quem pertence nossas palavras?\u201d, com:<\/p>\n<\/div>\n<\/div>\n<div id=\"chunk-10jc6\">\n<div class=\"mc-column content-text active-extra-styles\" data-block-type=\"raw\" data-block-weight=\"10\" data-block-id=\"103\">\n<ul class=\"content-unordered-list\">\n<li>Ju\u00e3o Nyn (RN)<\/li>\n<li>Adriana Pesca (BA)<\/li>\n<li>Media\u00e7\u00e3o: Nardele Gomes (BA)<\/li>\n<\/ul>\n<\/div>\n<\/div>\n<div id=\"chunk-2g1ts\">\n<div class=\"mc-column content-text active-extra-styles \" data-block-type=\"unstyled\" data-block-weight=\"11\" data-block-id=\"104\">\n<p class=\" content-text__container \" data-track-category=\"Link no Texto\" data-track-links=\"\" data-mrf-recirculation=\"Mat\u00e9ria - Links no Texto\">13h \u2013 Mesa \u2013 Caminhos da cr\u00f4nica: olhares cotidianos, com:<\/p>\n<\/div>\n<\/div>\n<div id=\"chunk-6k51d\">\n<div class=\"mc-column content-text active-extra-styles\" data-block-type=\"raw\" data-block-weight=\"11\" data-block-id=\"106\">\n<ul class=\"content-unordered-list\">\n<li>Clarindo Silva (BA)<\/li>\n<li>Ana Elisa Ribeiro (MG)<\/li>\n<li>Media\u00e7\u00e3o: Silvana Oliveira (BA)<\/li>\n<\/ul>\n<\/div>\n<\/div>\n<div id=\"chunk-4apg8\">\n<div class=\"mc-column content-text active-extra-styles \" data-block-type=\"unstyled\" data-block-weight=\"12\" data-block-id=\"107\">\n<p class=\" content-text__container \" data-track-category=\"Link no Texto\" data-track-links=\"\" data-mrf-recirculation=\"Mat\u00e9ria - Links no Texto\">17h \u2013 Mesa \u2013 Narrativas migrantes: da letra pra cena, com:<\/p>\n<\/div>\n<\/div>\n<div id=\"chunk-ap7gt\">\n<div class=\"mc-column content-text active-extra-styles\" data-block-type=\"raw\" data-block-weight=\"14\" data-block-id=\"108\">\n<ul class=\"content-unordered-list\">\n<li>El\u00edsio Lopes Jr. (BA)<\/li>\n<li>Edyr Augusto (PA)<\/li>\n<li>M\u00f4nica Santana (BA)<\/li>\n<li>Media\u00e7\u00e3o: Silvana Oliveira (BA)<\/li>\n<\/ul>\n<\/div>\n<\/div>\n<div id=\"chunk-f2m15\">\n<div class=\"mc-column content-text active-extra-styles \" data-block-type=\"unstyled\" data-block-weight=\"9\" data-block-id=\"109\">\n<p class=\" content-text__container \" data-track-category=\"Link no Texto\" data-track-links=\"\" data-mrf-recirculation=\"Mat\u00e9ria - Links no Texto\">19h \u2013 Mesa \u2013 Literatura como resist\u00eancia, com:<\/p>\n<\/div>\n<\/div>\n<div id=\"chunk-6jhsh\">\n<div class=\"mc-column content-text active-extra-styles\" data-block-type=\"raw\" data-block-weight=\"11\" data-block-id=\"110\">\n<ul class=\"content-unordered-list\">\n<li>Ricardo Maur\u00edcio Gonzaga (ES)<\/li>\n<li>Patr\u00edcia Lima (SP)<\/li>\n<li>Media\u00e7\u00e3o: Bruno Machado (BA)<\/li>\n<\/ul>\n<\/div>\n<\/div>\n<div id=\"chunk-4o5ir\">\n<div class=\"mc-column content-text active-extra-styles \" data-block-type=\"unstyled\" data-block-weight=\"3\" data-block-id=\"111\">\n<p class=\" content-text__container \" data-track-category=\"Link no Texto\" data-track-links=\"\" data-mrf-recirculation=\"Mat\u00e9ria - Links no Texto\"><strong>\ufe0f 09.08 (s\u00e1bado)<\/strong><\/p>\n<\/div>\n<\/div>\n<div id=\"chunk-9ccec\">\n<div class=\"mc-column content-text active-extra-styles \" data-block-type=\"unstyled\" data-block-weight=\"12\" data-block-id=\"112\">\n<p class=\" content-text__container \" data-track-category=\"Link no Texto\" data-track-links=\"\" data-mrf-recirculation=\"Mat\u00e9ria - Links no Texto\">9h \u2013 Mesa \u2013 Angu de grilo convida: L\u00e1zaro Ramos, com:<\/p>\n<\/div>\n<\/div>\n<div id=\"chunk-69jeh\">\n<div class=\"mc-column content-text active-extra-styles\" data-block-type=\"raw\" data-block-weight=\"9\" data-block-id=\"113\">\n<ul class=\"content-unordered-list\">\n<li>Fl\u00e1via Oliveira (RJ)<\/li>\n<li>Isabela Reis (RJ)<\/li>\n<li>L\u00e1zaro Ramos (BA)<\/li>\n<\/ul>\n<\/div>\n<\/div>\n<div id=\"chunk-bl8i8\">\n<div class=\"mc-column content-text active-extra-styles \" data-block-type=\"unstyled\" data-block-weight=\"12\" data-block-id=\"114\">\n<p class=\" content-text__container \" data-track-category=\"Link no Texto\" data-track-links=\"\" data-mrf-recirculation=\"Mat\u00e9ria - Links no Texto\">13h \u2013 Mesa \u2013 Realismo fant\u00e1stico: palavras criadoras de mundos, com:<\/p>\n<\/div>\n<\/div>\n<div id=\"chunk-7k8t6\">\n<div class=\"mc-column content-text active-extra-styles\" data-block-type=\"raw\" data-block-weight=\"10\" data-block-id=\"115\">\n<ul class=\"content-unordered-list\">\n<li>Isabor Quintiere (PB)<\/li>\n<li>Jo\u00e3o Mendes (BA)<\/li>\n<li>Media\u00e7\u00e3o: Bruno Machado (BA)<\/li>\n<\/ul>\n<\/div>\n<\/div>\n<div id=\"chunk-ai2c6\">\n<div class=\"mc-column content-text active-extra-styles \" data-block-type=\"unstyled\" data-block-weight=\"9\" data-block-id=\"116\">\n<p class=\" content-text__container \" data-track-category=\"Link no Texto\" data-track-links=\"\" data-mrf-recirculation=\"Mat\u00e9ria - Links no Texto\">17h \u2013 Mesa literomusical \u2013 Encontro Po\u00e9tico, com:<\/p>\n<\/div>\n<\/div>\n<div id=\"chunk-fckgh\">\n<div class=\"mc-column content-text active-extra-styles\" data-block-type=\"raw\" data-block-weight=\"14\" data-block-id=\"117\">\n<ul class=\"content-unordered-list\">\n<li>Elinilson Soares (BA) com Lucas Sol (BA)<\/li>\n<li>Luciene Nascimento (RJ) com C\u00edntia Santos (BA)<\/li>\n<\/ul>\n<\/div>\n<\/div>\n<div id=\"chunk-olr0\">\n<div class=\"mc-column content-text active-extra-styles \" data-block-type=\"unstyled\" data-block-weight=\"10\" data-block-id=\"118\">\n<p class=\" content-text__container \" data-track-category=\"Link no Texto\" data-track-links=\"\" data-mrf-recirculation=\"Mat\u00e9ria - Links no Texto\">10h \u2013 Conta\u00e7\u00e3o de hist\u00f3rias infantis \u2013 Iroko, por:<\/p>\n<\/div>\n<\/div>\n<div id=\"chunk-dr54u\">\n<div class=\"mc-column content-text active-extra-styles\" data-block-type=\"raw\" data-block-weight=\"6\" data-block-id=\"119\">\n<ul class=\"content-unordered-list\">\n<li>Anderson Barreto (RJ)<\/li>\n<li>Raphael Pippa (RJ)<\/li>\n<\/ul>\n<\/div>\n<\/div>\n<div id=\"chunk-fp40\">\n<div class=\"mc-column content-text active-extra-styles \" data-block-type=\"unstyled\" data-block-weight=\"12\" data-block-id=\"120\">\n<p class=\" content-text__container \" data-track-category=\"Link no Texto\" data-track-links=\"\" data-mrf-recirculation=\"Mat\u00e9ria - Links no Texto\">14h \u2013 Mesa \u2013 A fic\u00e7\u00e3o como narrativa do pertencimento, com:<\/p>\n<\/div>\n<\/div>\n<div id=\"chunk-596ck\">\n<div class=\"mc-column content-text active-extra-styles\" data-block-type=\"raw\" data-block-weight=\"10\" data-block-id=\"121\">\n<ul class=\"content-unordered-list\">\n<li>Micheliny Verunschk (PE)<\/li>\n<li>Franklin Carvalho (BA)<\/li>\n<li>Media\u00e7\u00e3o: Nardele Gomes (BA)<\/li>\n<\/ul>\n<\/div>\n<\/div>\n<div id=\"chunk-3anl7\">\n<div class=\"mc-column content-text active-extra-styles \" data-block-type=\"unstyled\" data-block-weight=\"13\" data-block-id=\"122\">\n<p class=\" content-text__container \" data-track-category=\"Link no Texto\" data-track-links=\"\" data-mrf-recirculation=\"Mat\u00e9ria - Links no Texto\">16h \u2013 Aula \u2013 Imagens da branquitude: a presen\u00e7a da aus\u00eancia, com:<\/p>\n<\/div>\n<\/div>\n<div id=\"chunk-fr9ij\">\n<div class=\"mc-column content-text active-extra-styles\" data-block-type=\"raw\" data-block-weight=\"3\" data-block-id=\"123\">\n<ul class=\"content-unordered-list\">\n<li>Lilia Schwarcz (SP)<\/li>\n<\/ul>\n<\/div>\n<\/div>\n<div id=\"chunk-e1ff3\">\n<div class=\"mc-column content-text active-extra-styles \" data-block-type=\"unstyled\" data-block-weight=\"5\" data-block-id=\"124\">\n<p class=\" content-text__container \" data-track-category=\"Link no Texto\" data-track-links=\"\" data-mrf-recirculation=\"Mat\u00e9ria - Links no Texto\"><strong>\u00a0Museu Eug\u00eanio Teixeira Leal<\/strong><\/p>\n<\/div>\n<\/div>\n<div id=\"chunk-c1p08\">\n<div class=\"mc-column content-text active-extra-styles \" data-block-type=\"unstyled\" data-block-weight=\"3\" data-block-id=\"125\">\n<p class=\" content-text__container \" data-track-category=\"Link no Texto\" data-track-links=\"\" data-mrf-recirculation=\"Mat\u00e9ria - Links no Texto\"><strong>\ufe0f 07\/08 (quinta-feira)<\/strong><\/p>\n<\/div>\n<\/div>\n<div id=\"chunk-2c2mp\">\n<div class=\"mc-column content-text active-extra-styles \" data-block-type=\"unstyled\" data-block-weight=\"19\" data-block-id=\"126\">\n<p class=\" content-text__container \" data-track-category=\"Link no Texto\" data-track-links=\"\" data-mrf-recirculation=\"Mat\u00e9ria - Links no Texto\">11h \u2013 Bate-papo \u2013 Clube de Leitura \u2013 Myriam Fraga \u2013 Minha Myriam: afetos e perman\u00eancia po\u00e9tica, com:<\/p>\n<\/div>\n<\/div>\n<div id=\"chunk-3dh7c\">\n<div class=\"mc-column content-text active-extra-styles\" data-block-type=\"raw\" data-block-weight=\"6\" data-block-id=\"128\">\n<ul class=\"content-unordered-list\">\n<li>Marjorie Marques (BA),<\/li>\n<li>Murilo Pereira (BA)<\/li>\n<\/ul>\n<\/div>\n<\/div>\n<div id=\"chunk-dt171\">\n<div class=\"mc-column content-text active-extra-styles \" data-block-type=\"unstyled\" data-block-weight=\"14\" data-block-id=\"129\">\n<p class=\" content-text__container \" data-track-category=\"Link no Texto\" data-track-links=\"\" data-mrf-recirculation=\"Mat\u00e9ria - Links no Texto\">16h \u2013 Com a palavra o escritor \u2013 Poesia, ex\u00edlio e mem\u00f3ria, com:<\/p>\n<\/div>\n<\/div>\n<div id=\"chunk-br444\">\n<div class=\"mc-column content-text active-extra-styles\" data-block-type=\"raw\" data-block-weight=\"10\" data-block-id=\"130\">\n<ul class=\"content-unordered-list\">\n<li>Leopoldo Castilla (Argentina)<\/li>\n<li>Media\u00e7\u00e3o: Jo\u00e3o Vanderlei de Moraes Filho (BA)<\/li>\n<\/ul>\n<\/div>\n<\/div>\n<div id=\"chunk-9h1nq\">\n<div class=\"mc-column content-text active-extra-styles \" data-block-type=\"unstyled\" data-block-weight=\"15\" data-block-id=\"131\">\n<p class=\" content-text__container \" data-track-category=\"Link no Texto\" data-track-links=\"\" data-mrf-recirculation=\"Mat\u00e9ria - Links no Texto\">18h \u2013 Com a palavra o escritor \u2013 Duas poetas \u2013 Dois continentes, com:<\/p>\n<\/div>\n<\/div>\n<div id=\"chunk-dlng4\">\n<div class=\"mc-column content-text active-extra-styles\" data-block-type=\"raw\" data-block-weight=\"12\" data-block-id=\"132\">\n<ul class=\"content-unordered-list\">\n<li>Tracy K. Smith (Estados Unidos),<\/li>\n<li>Shelly Bhoil (\u00cdndia)<\/li>\n<li>Media\u00e7\u00e3o\/Tradu\u00e7\u00e3o: Stephanie Borges (RJ)<\/li>\n<\/ul>\n<\/div>\n<\/div>\n<div id=\"chunk-endor\">\n<div class=\"mc-column content-text active-extra-styles \" data-block-type=\"unstyled\" data-block-weight=\"3\" data-block-id=\"133\">\n<p class=\" content-text__container \" data-track-category=\"Link no Texto\" data-track-links=\"\" data-mrf-recirculation=\"Mat\u00e9ria - Links no Texto\"><strong>\ufe0f 08\/08 (sexta-feira)<\/strong><\/p>\n<\/div>\n<\/div>\n<div id=\"chunk-9g4c\">\n<div class=\"mc-column content-text active-extra-styles \" data-block-type=\"unstyled\" data-block-weight=\"12\" data-block-id=\"134\">\n<p class=\" content-text__container \" data-track-category=\"Link no Texto\" data-track-links=\"\" data-mrf-recirculation=\"Mat\u00e9ria - Links no Texto\">11h \u2013 Com a palavra o escritor \u2013 Falas org\u00e2nicas, com:<\/p>\n<\/div>\n<\/div>\n<div id=\"chunk-5c17u\">\n<div class=\"mc-column content-text active-extra-styles\" data-block-type=\"raw\" data-block-weight=\"9\" data-block-id=\"135\">\n<ul class=\"content-unordered-list\">\n<li>Anabela Mota Ribeiro (Portugal)<\/li>\n<li>Media\u00e7\u00e3o: Ewerton Ulysses Cardoso (BA)<\/li>\n<\/ul>\n<\/div>\n<\/div>\n<div id=\"chunk-fm34i\">\n<div class=\"mc-column content-text active-extra-styles \" data-block-type=\"unstyled\" data-block-weight=\"16\" data-block-id=\"136\">\n<p class=\" content-text__container \" data-track-category=\"Link no Texto\" data-track-links=\"\" data-mrf-recirculation=\"Mat\u00e9ria - Links no Texto\">14h \u2013 Bate-papo \u2013 A palavra que resiste \u2013 literatura e mem\u00f3ria do trauma, com:<\/p>\n<\/div>\n<\/div>\n<div id=\"chunk-b8mn3\">\n<div class=\"mc-column content-text active-extra-styles\" data-block-type=\"raw\" data-block-weight=\"7\" data-block-id=\"137\">\n<ul class=\"content-unordered-list\">\n<li>Andrea Jeftanovic (Chile)<\/li>\n<li>Media\u00e7\u00e3o: Rodrigo Casarin (SP)<\/li>\n<\/ul>\n<\/div>\n<\/div>\n<div id=\"chunk-emu96\">\n<div class=\"mc-column content-text active-extra-styles \" data-block-type=\"unstyled\" data-block-weight=\"19\" data-block-id=\"138\">\n<p class=\" content-text__container \" data-track-category=\"Link no Texto\" data-track-links=\"\" data-mrf-recirculation=\"Mat\u00e9ria - Links no Texto\">16h \u2013 Com a palavra o escritor \u2013 De que terra voc\u00ea \u00e9? Eu sou da literatura, com:<\/p>\n<\/div>\n<\/div>\n<div id=\"chunk-8seje\">\n<div class=\"mc-column content-text active-extra-styles\" data-block-type=\"raw\" data-block-weight=\"12\" data-block-id=\"139\">\n<ul class=\"content-unordered-list\">\n<li>D\u00eanisson Padilha Filho (BA),<\/li>\n<li>Lulih Rojanski (AP)<\/li>\n<li>Media\u00e7\u00e3o: Luisa S\u00e1 Lassere (BA)<\/li>\n<\/ul>\n<\/div>\n<\/div>\n<div id=\"chunk-e74uk\">\n<div class=\"mc-column content-text active-extra-styles \" data-block-type=\"unstyled\" data-block-weight=\"15\" data-block-id=\"140\">\n<p class=\" content-text__container \" data-track-category=\"Link no Texto\" data-track-links=\"\" data-mrf-recirculation=\"Mat\u00e9ria - Links no Texto\">18h \u2013 Roda de conversa \u2013 Para ouvir quem faz: ensaio, teatro, literatura, com:<\/p>\n<\/div>\n<\/div>\n<div id=\"chunk-87fta\">\n<div class=\"mc-column content-text active-extra-styles\" data-block-type=\"raw\" data-block-weight=\"14\" data-block-id=\"141\">\n<ul class=\"content-unordered-list\">\n<li>Edilene Matos (BA),<\/li>\n<li>Cleise Mendes (BA),<\/li>\n<li>D\u00e9cio Torres Cruz (RJ\/BA)<\/li>\n<li>Coordena\u00e7\u00e3o: Aleilton Fonseca (BA)<\/li>\n<\/ul>\n<\/div>\n<\/div>\n<div id=\"chunk-ennlb\">\n<div class=\"mc-column content-text active-extra-styles \" data-block-type=\"unstyled\" data-block-weight=\"3\" data-block-id=\"142\">\n<p class=\" content-text__container \" data-track-category=\"Link no Texto\" data-track-links=\"\" data-mrf-recirculation=\"Mat\u00e9ria - Links no Texto\">\ufe0f\u00a0<strong>09\/08 (s\u00e1bado)<\/strong><\/p>\n<\/div>\n<\/div>\n<div id=\"chunk-4u07s\">\n<div class=\"mc-column content-text active-extra-styles \" data-block-type=\"unstyled\" data-block-weight=\"20\" data-block-id=\"143\">\n<p class=\" content-text__container \" data-track-category=\"Link no Texto\" data-track-links=\"\" data-mrf-recirculation=\"Mat\u00e9ria - Links no Texto\">11h \u2013 Com a palavra o escritor \u2013 Fotobiografia: Nan\u00e1 Vasconcelos e Sonia Braga em fatos e fotos, com:<\/p>\n<\/div>\n<\/div>\n<div id=\"chunk-3r7iu\">\n<div class=\"mc-column content-text active-extra-styles\" data-block-type=\"raw\" data-block-weight=\"11\" data-block-id=\"144\">\n<ul class=\"content-unordered-list\">\n<li>Augusto Lins Soares (PE),<\/li>\n<li>Arlete Soares (BA)<\/li>\n<li>Media\u00e7\u00e3o: Rodrigo Casarin (SP)<\/li>\n<\/ul>\n<\/div>\n<\/div>\n<div id=\"chunk-f9sql\">\n<div class=\"mc-column content-text active-extra-styles \" data-block-type=\"unstyled\" data-block-weight=\"21\" data-block-id=\"145\">\n<p class=\" content-text__container \" data-track-category=\"Link no Texto\" data-track-links=\"\" data-mrf-recirculation=\"Mat\u00e9ria - Links no Texto\">14h \u2013 Bate-papo \u2013 Uma conversa sobre os livros \u2013 \u00f3culos de cor e enciclop\u00e9dia negra para jovens leitores, com:<\/p>\n<\/div>\n<\/div>\n<div id=\"chunk-9ftgm\">\n<div class=\"mc-column content-text active-extra-styles\" data-block-type=\"raw\" data-block-weight=\"6\" data-block-id=\"147\">\n<ul class=\"content-unordered-list\">\n<li>Lilia Schwarcz (SP),<\/li>\n<li>Suzane Lopes (BA)<\/li>\n<\/ul>\n<\/div>\n<\/div>\n<div id=\"chunk-6mc62\">\n<div class=\"mc-column content-text active-extra-styles \" data-block-type=\"unstyled\" data-block-weight=\"13\" data-block-id=\"148\">\n<p class=\" content-text__container \" data-track-category=\"Link no Texto\" data-track-links=\"\" data-mrf-recirculation=\"Mat\u00e9ria - Links no Texto\">16h \u2013 Roda de conversa \u2013 Escrever para adiar a morte, com:<\/p>\n<\/div>\n<\/div>\n<div id=\"chunk-auol1\">\n<div class=\"mc-column content-text active-extra-styles\" data-block-type=\"raw\" data-block-weight=\"10\" data-block-id=\"149\">\n<ul class=\"content-unordered-list\">\n<li>Di\u00f3genes Moura (SP),<\/li>\n<li>Tiago Ferro (SP)<\/li>\n<li>Media\u00e7\u00e3o: Rodrigo Casarin (SP)<\/li>\n<\/ul>\n<\/div>\n<\/div>\n<div id=\"chunk-1kdlj\">\n<div class=\"mc-column content-text active-extra-styles \" data-block-type=\"unstyled\" data-block-weight=\"15\" data-block-id=\"150\">\n<p class=\" content-text__container \" data-track-category=\"Link no Texto\" data-track-links=\"\" data-mrf-recirculation=\"Mat\u00e9ria - Links no Texto\">18h30 \u2013 Com a palavra o escritor \u2013 O instante eterno da poesia, com:<\/p>\n<\/div>\n<\/div>\n<div id=\"chunk-f5lc3\">\n<div class=\"mc-column content-text active-extra-styles\" data-block-type=\"raw\" data-block-weight=\"13\" data-block-id=\"151\">\n<ul class=\"content-unordered-list\">\n<li>Claudia Roquette-Pinto (RJ),<\/li>\n<li>Mariana Ianelli (SP)<\/li>\n<li>Media\u00e7\u00e3o: Jos\u00e9 In\u00e1cio Vieira de Melo (BA)<\/li>\n<\/ul>\n<\/div>\n<\/div>\n<div id=\"chunk-1a99m\">\n<div class=\"mc-column content-text active-extra-styles \" data-block-type=\"unstyled\" data-block-weight=\"3\" data-block-id=\"152\">\n<p class=\" content-text__container \" data-track-category=\"Link no Texto\" data-track-links=\"\" data-mrf-recirculation=\"Mat\u00e9ria - Links no Texto\">\ufe0f\u00a0<strong>10\/08 (domingo)<\/strong><\/p>\n<\/div>\n<\/div>\n<div id=\"chunk-eiukb\">\n<div class=\"mc-column content-text active-extra-styles \" data-block-type=\"unstyled\" data-block-weight=\"8\" data-block-id=\"153\">\n<p class=\" content-text__container \" data-track-category=\"Link no Texto\" data-track-links=\"\" data-mrf-recirculation=\"Mat\u00e9ria - Links no Texto\">11h \u2013 Apresenta\u00e7\u00e3o de dan\u00e7a: As Habibas<\/p>\n<\/div>\n<\/div>\n<div id=\"chunk-dg74a\">\n<div class=\"mc-column content-text active-extra-styles \" data-block-type=\"unstyled\" data-block-weight=\"12\" data-block-id=\"154\">\n<p class=\" content-text__container \" data-track-category=\"Link no Texto\" data-track-links=\"\" data-mrf-recirculation=\"Mat\u00e9ria - Links no Texto\">15h \u2013 Bate-papo \u2013 Desafios da parentalidade no mundo atual, com:<\/p>\n<\/div>\n<\/div>\n<div id=\"chunk-7eu45\">\n<div class=\"mc-column content-text active-extra-styles\" data-block-type=\"raw\" data-block-weight=\"11\" data-block-id=\"155\">\n<ul class=\"content-unordered-list\">\n<li>Elsa de Mattos (BA),<\/li>\n<li>Alessandro Marimpietri (BA)<\/li>\n<li>Media\u00e7\u00e3o: Lorena Reis (BA)<\/li>\n<\/ul>\n<\/div>\n<\/div>\n<div id=\"chunk-5983d\">\n<div class=\"mc-column content-text active-extra-styles \" data-block-type=\"unstyled\" data-block-weight=\"5\" data-block-id=\"156\">\n<p class=\" content-text__container \" data-track-category=\"Link no Texto\" data-track-links=\"\" data-mrf-recirculation=\"Mat\u00e9ria - Links no Texto\">\u00a0<strong>Casa das Editoras Baianas<\/strong><\/p>\n<\/div>\n<\/div>\n<div id=\"chunk-48b3m\">\n<div class=\"mc-column content-text active-extra-styles \" data-block-type=\"unstyled\" data-block-weight=\"4\" data-block-id=\"157\">\n<p class=\" content-text__container \" data-track-category=\"Link no Texto\" data-track-links=\"\" data-mrf-recirculation=\"Mat\u00e9ria - Links no Texto\"><strong>\ufe0f 07\/08 (quinta-feira)<\/strong><\/p>\n<\/div>\n<\/div>\n<div id=\"chunk-bq4s0\">\n<div class=\"mc-column content-text active-extra-styles \" data-block-type=\"unstyled\" data-block-weight=\"14\" data-block-id=\"158\">\n<p class=\" content-text__container \" data-track-category=\"Link no Texto\" data-track-links=\"\" data-mrf-recirculation=\"Mat\u00e9ria - Links no Texto\">11h \u2013 Mesa coletiva: Editar para Existir: o papel das editoras baianas, com:<\/p>\n<\/div>\n<\/div>\n<div id=\"chunk-4ee7b\">\n<div class=\"mc-column content-text active-extra-styles\" data-block-type=\"raw\" data-block-weight=\"27\" data-block-id=\"159\">\n<ul class=\"content-unordered-list\">\n<li>Fernanda Santiago (Segundo Selo),<\/li>\n<li>Val\u00e9ria Pergentino (Solisluna),<\/li>\n<li>Fernando Oberlaender (Caramur\u00ea),<\/li>\n<li>Yara Fers (Arpillera),<\/li>\n<li>Andr\u00e9 Portugal (P55),<\/li>\n<li>Gustavo Felic\u00edssimo (Mondrongo),<\/li>\n<li>Sarah Rebecca Kersley (Paralelo13S),<\/li>\n<li>Fabiana Arag\u00e3o (Futuca Cuca)<\/li>\n<\/ul>\n<p>&nbsp;<\/p>\n<\/div>\n<\/div>\n<div id=\"chunk-18gh6\">\n<div class=\"mc-column content-text active-extra-styles \" data-block-type=\"unstyled\" data-block-weight=\"10\" data-block-id=\"160\">\n<p class=\" content-text__container \" data-track-category=\"Link no Texto\" data-track-links=\"\" data-mrf-recirculation=\"Mat\u00e9ria - Links no Texto\">14h \u2013 Apresenta\u00e7\u00e3o musical: Camerata da OSBA \u2018Quarteto Novo\u2019<\/p>\n<\/div>\n<\/div>\n<div id=\"chunk-30jim\">\n<div class=\"mc-column content-text active-extra-styles \" data-block-type=\"unstyled\" data-block-weight=\"17\" data-block-id=\"161\">\n<p class=\" content-text__container \" data-track-category=\"Link no Texto\" data-track-links=\"\" data-mrf-recirculation=\"Mat\u00e9ria - Links no Texto\">15h \u2013 Mesa coletiva: Frestas do mundo \u2013 narrativas de solid\u00e3o, dor e cotidiano, com:<\/p>\n<\/div>\n<\/div>\n<div id=\"chunk-c0tan\">\n<div class=\"mc-column content-text active-extra-styles\" data-block-type=\"raw\" data-block-weight=\"14\" data-block-id=\"162\">\n<ul class=\"content-unordered-list\">\n<li>S\u00e9fora Oliveira (Arpillera),<\/li>\n<li>Rita Santana (Villa Ol\u00edvia),<\/li>\n<li>Lita Passos (Mondrongo)<\/li>\n<li>Media\u00e7\u00e3o: Gustavo Felic\u00edssimo (Mondrongo)<\/li>\n<\/ul>\n<p>&nbsp;<\/p>\n<\/div>\n<\/div>\n<div id=\"chunk-ceisi\">\n<div class=\"mc-column content-text active-extra-styles \" data-block-type=\"unstyled\" data-block-weight=\"18\" data-block-id=\"163\">\n<p class=\" content-text__container \" data-track-category=\"Link no Texto\" data-track-links=\"\" data-mrf-recirculation=\"Mat\u00e9ria - Links no Texto\">17h \u2013 Mesa: Editora Arpillera \u2013 Deslembrar: a mem\u00f3ria como mat\u00e9ria liter\u00e1ria, com:<\/p>\n<\/div>\n<\/div>\n<div id=\"chunk-8qvr6\">\n<div class=\"content-ads content-ads--reveal\" data-block-type=\"ads\" data-block-id=\"164\">\n<div id=\"banner_materia__0ff9bd12-a5cf-449a-b62f-5f703e322a09\" class=\"tag-manager-publicidade-container tag-manager-publicidade-banner_materia__0ff9bd12-a5cf-449a-b62f-5f703e322a09 tag-manager-publicidade-container--carregado tag-manager-publicidade-container--visivel\" data-google-query-id=\"CMDAsPzF9o4DFTZcuAQdM80kPg\">\n<div id=\"google_ads_iframe_\/95377733\/tvg_G1\/Sua_Regiao&gt;Nordeste&gt;Bahia_11__container__\"><\/div>\n<\/div>\n<\/div>\n<\/div>\n<div id=\"chunk-13af4\">\n<div class=\"mc-column content-text active-extra-styles\" data-block-type=\"raw\" data-block-weight=\"13\" data-block-id=\"165\">\n<ul class=\"content-unordered-list\">\n<li>Samuel de Carvalho Lima,<\/li>\n<li>Leila Rosa,<\/li>\n<li>Nathalya Cavalcante,<\/li>\n<li>Hasu Mei<\/li>\n<li>Media\u00e7\u00e3o: Yara Fers<\/li>\n<\/ul>\n<p>&nbsp;<\/p>\n<\/div>\n<\/div>\n<div id=\"chunk-95ckn\">\n<div class=\"mc-column content-text active-extra-styles \" data-block-type=\"unstyled\" data-block-weight=\"28\" data-block-id=\"166\">\n<p class=\" content-text__container \" data-track-category=\"Link no Texto\" data-track-links=\"\" data-mrf-recirculation=\"Mat\u00e9ria - Links no Texto\">19h \u2013 Mesa: Editora P55 \u2013 Umidades: desejo, escrita e descoberta \u2013 Inclui lan\u00e7amento do livro \u201cUmidades\u201d da escritora uruguaia Claudia Mera, com:<\/p>\n<\/div>\n<\/div>\n<div id=\"chunk-5sb09\">\n<div class=\"mc-column content-text active-extra-styles\" data-block-type=\"raw\" data-block-weight=\"7\" data-block-id=\"167\">\n<ul class=\"content-unordered-list\">\n<li>K\u00e1tia Borges,<\/li>\n<li>Mariana Paim<\/li>\n<li>Media\u00e7\u00e3o: Matheus Peleteiro<\/li>\n<\/ul>\n<p>&nbsp;<\/p>\n<\/div>\n<\/div>\n<div id=\"chunk-16h95\">\n<div class=\"mc-column content-text active-extra-styles \" data-block-type=\"unstyled\" data-block-weight=\"4\" data-block-id=\"168\">\n<p class=\" content-text__container \" data-track-category=\"Link no Texto\" data-track-links=\"\" data-mrf-recirculation=\"Mat\u00e9ria - Links no Texto\"><strong>\ufe0f 08\/08 (sexta-feira)<\/strong><\/p>\n<\/div>\n<\/div>\n<div id=\"chunk-her0\">\n<div class=\"mc-column content-text active-extra-styles \" data-block-type=\"unstyled\" data-block-weight=\"16\" data-block-id=\"169\">\n<p class=\" content-text__container \" data-track-category=\"Link no Texto\" data-track-links=\"\" data-mrf-recirculation=\"Mat\u00e9ria - Links no Texto\">11h \u2013 Mesa coletiva: A Palavra que canta \u2013 letras, ritmos e literatura, com:<\/p>\n<\/div>\n<\/div>\n<div id=\"chunk-51abs\">\n<div class=\"mc-column content-text active-extra-styles\" data-block-type=\"raw\" data-block-weight=\"17\" data-block-id=\"170\">\n<ul class=\"content-unordered-list\">\n<li>Tom Alves (Futuca Cuca),<\/li>\n<li>Jo\u00e3o Am\u00e9rico (Solisluna),<\/li>\n<li>Claudio Schuster (Mondrongo),<\/li>\n<li>Alex Sim\u00f5es (Paralelo13S)<\/li>\n<li>Media\u00e7\u00e3o: Val\u00e9ria Pergentino (Solisluna)<\/li>\n<\/ul>\n<p>&nbsp;<\/p>\n<\/div>\n<\/div>\n<div id=\"chunk-62rbd\">\n<div class=\"mc-column content-text active-extra-styles \" data-block-type=\"unstyled\" data-block-weight=\"26\" data-block-id=\"171\">\n<p class=\" content-text__container \" data-track-category=\"Link no Texto\" data-track-links=\"\" data-mrf-recirculation=\"Mat\u00e9ria - Links no Texto\">15h \u2013 Mesa: Solisluna Editora \u2013 Roda, mem\u00f3ria, ritmo e tradi\u00e7\u00e3o \u2013 Lan\u00e7amento: Pastinha, o menino que virou mestre de capoeira, com:<\/p>\n<\/div>\n<\/div>\n<div id=\"chunk-bsdqs\">\n<div class=\"mc-column content-text active-extra-styles\" data-block-type=\"raw\" data-block-weight=\"9\" data-block-id=\"172\">\n<ul class=\"content-unordered-list\">\n<li>Jos\u00e9 de Jesus Barreto,<\/li>\n<li>Cau Gomez<\/li>\n<li>Media\u00e7\u00e3o: Val\u00e9ria Pergentino<\/li>\n<\/ul>\n<p>&nbsp;<\/p>\n<\/div>\n<\/div>\n<div id=\"chunk-830fk\">\n<div class=\"mc-column content-text active-extra-styles \" data-block-type=\"unstyled\" data-block-weight=\"17\" data-block-id=\"173\">\n<p class=\" content-text__container \" data-track-category=\"Link no Texto\" data-track-links=\"\" data-mrf-recirculation=\"Mat\u00e9ria - Links no Texto\">17h \u2013 Mesa: Editora Vila Ol\u00edvia \u2013 Poesia como estrat\u00e9gia de resist\u00eancia, com:<\/p>\n<\/div>\n<\/div>\n<div id=\"chunk-26sei\">\n<div class=\"mc-column content-text active-extra-styles\" data-block-type=\"raw\" data-block-weight=\"7\" data-block-id=\"174\">\n<ul class=\"content-unordered-list\">\n<li>Ordep Serra,<\/li>\n<li>Sandro Ornellas<\/li>\n<li>Media\u00e7\u00e3o: M\u00f4nica Menezes<\/li>\n<\/ul>\n<p>&nbsp;<\/p>\n<\/div>\n<\/div>\n<div id=\"chunk-22qn8\">\n<div class=\"mc-column content-text active-extra-styles \" data-block-type=\"unstyled\" data-block-weight=\"20\" data-block-id=\"175\">\n<p class=\" content-text__container \" data-track-category=\"Link no Texto\" data-track-links=\"\" data-mrf-recirculation=\"Mat\u00e9ria - Links no Texto\">19h \u2013 Mesa: Editora Segundo Selo \u2013 Ci\u00eancia do cuscuz: escritores nordestinos e suas diversas lentes, com:<\/p>\n<\/div>\n<\/div>\n<div id=\"chunk-4pcu0\">\n<div class=\"mc-column content-text active-extra-styles\" data-block-type=\"raw\" data-block-weight=\"10\" data-block-id=\"176\">\n<ul class=\"content-unordered-list\">\n<li>Darllan da Rocha,<\/li>\n<li>Bruna Tupiniquim,<\/li>\n<li>Paulo Souza<\/li>\n<li>Media\u00e7\u00e3o: Fernanda Santiago<\/li>\n<\/ul>\n<p>&nbsp;<\/p>\n<\/div>\n<\/div>\n<div id=\"chunk-c4t46\">\n<div class=\"mc-column content-text active-extra-styles \" data-block-type=\"unstyled\" data-block-weight=\"4\" data-block-id=\"177\">\n<p class=\" content-text__container \" data-track-category=\"Link no Texto\" data-track-links=\"\" data-mrf-recirculation=\"Mat\u00e9ria - Links no Texto\">\ufe0f<strong>\u00a009\/08 (s\u00e1bado)<\/strong><\/p>\n<\/div>\n<\/div>\n<div id=\"chunk-amlgl\">\n<div class=\"mc-column content-text active-extra-styles \" data-block-type=\"unstyled\" data-block-weight=\"21\" data-block-id=\"178\">\n<p class=\" content-text__container \" data-track-category=\"Link no Texto\" data-track-links=\"\" data-mrf-recirculation=\"Mat\u00e9ria - Links no Texto\">11h \u2013 Mesa: Editora Futuca Cuca \u2013 Experi\u00eancia ampliada de leitura e os autores que voam, com:<\/p>\n<\/div>\n<\/div>\n<div id=\"chunk-d764h\">\n<div class=\"mc-column content-text active-extra-styles\" data-block-type=\"raw\" data-block-weight=\"7\" data-block-id=\"179\">\n<ul class=\"content-unordered-list\">\n<li>Vit\u00f3rio Tibiri\u00e7\u00e1,<\/li>\n<li>Tom Alves<\/li>\n<li>Media\u00e7\u00e3o: Fabiana Arag\u00e3o<\/li>\n<\/ul>\n<p>&nbsp;<\/p>\n<\/div>\n<\/div>\n<div id=\"chunk-ahq76\">\n<div class=\"content-ads content-ads--reveal\" data-block-type=\"ads\" data-block-id=\"180\">\n<div id=\"banner_materia__e80736ab-e2cf-4c6d-95cf-0bf81ac1f25f\" class=\"tag-manager-publicidade-container tag-manager-publicidade-banner_materia__e80736ab-e2cf-4c6d-95cf-0bf81ac1f25f tag-manager-publicidade-container--carregado tag-manager-publicidade-container--visivel\" data-google-query-id=\"CJ_S4_zF9o4DFTcBuQYdvYAfKg\">\n<div id=\"google_ads_iframe_\/95377733\/tvg_G1\/Sua_Regiao&gt;Nordeste&gt;Bahia_12__container__\"><iframe loading=\"lazy\" id=\"google_ads_iframe_\/95377733\/tvg_G1\/Sua_Regiao&gt;Nordeste&gt;Bahia_12\" tabindex=\"0\" title=\"3rd party ad content\" src=\"https:\/\/ba4fbf12597b9462decc74c08473241c.safeframe.googlesyndication.com\/safeframe\/1-0-45\/html\/container.html\" name=\"\" width=\"1\" height=\"1\" frameborder=\"0\" marginwidth=\"0\" marginheight=\"0\" scrolling=\"no\" sandbox=\"allow-forms allow-popups allow-popups-to-escape-sandbox allow-same-origin allow-scripts allow-top-navigation-by-user-activation\" data-is-safeframe=\"true\" aria-label=\"Advertisement\" data-google-container-id=\"d\" data-load-complete=\"true\" data-mce-fragment=\"1\"><\/iframe><\/div>\n<\/div>\n<\/div>\n<\/div>\n<div id=\"chunk-6821f\">\n<div class=\"mc-column content-text active-extra-styles \" data-block-type=\"unstyled\" data-block-weight=\"25\" data-block-id=\"181\">\n<p class=\" content-text__container \" data-track-category=\"Link no Texto\" data-track-links=\"\" data-mrf-recirculation=\"Mat\u00e9ria - Links no Texto\">15h \u2013 Mesa: Editora Paralelo13S \u2013 No rastro de Estela \u2013 Lan\u00e7amento e bate-papo com Amanda Julieta, Hild\u00e1lia Fernandes, Fabiana Carneiro da Silva<\/p>\n<\/div>\n<\/div>\n<div id=\"chunk-48r9t\">\n<div class=\"mc-column content-text active-extra-styles \" data-block-type=\"unstyled\" data-block-weight=\"34\" data-block-id=\"182\">\n<p class=\" content-text__container \" data-track-category=\"Link no Texto\" data-track-links=\"\" data-mrf-recirculation=\"Mat\u00e9ria - Links no Texto\">17h \u2013 Mesa: Editora Caramur\u00ea \u2013 Luz do Querer \u2013 \u201cReleituras e narrativas inspiradas nas can\u00e7\u00f5es de Jos\u00e9 Carlos Capinan \u2013 com acompanhamento musical de Rita Tavarez e participa\u00e7\u00e3o de:<\/p>\n<\/div>\n<\/div>\n<div id=\"chunk-es8mn\">\n<div class=\"mc-column content-text active-extra-styles\" data-block-type=\"raw\" data-block-weight=\"7\" data-block-id=\"183\">\n<ul class=\"content-unordered-list\">\n<li>Cleise Mendes,<\/li>\n<li>Anderson Shon<\/li>\n<li>Media\u00e7\u00e3o: Fernando Oberlaender<\/li>\n<\/ul>\n<p>&nbsp;<\/p>\n<\/div>\n<\/div>\n<div id=\"chunk-dcb7e\">\n<div class=\"mc-column content-text active-extra-styles \" data-block-type=\"unstyled\" data-block-weight=\"16\" data-block-id=\"184\">\n<p class=\" content-text__container \" data-track-category=\"Link no Texto\" data-track-links=\"\" data-mrf-recirculation=\"Mat\u00e9ria - Links no Texto\">19h \u2013 Mesa: Editora Mondrongo \u2013 Fazer literatura Lan\u00e7amentos e bate-papo com autores:<\/p>\n<\/div>\n<\/div>\n<div id=\"chunk-2atnj\">\n<div class=\"mc-column content-text active-extra-styles\" data-block-type=\"raw\" data-block-weight=\"10\" data-block-id=\"185\">\n<ul class=\"content-unordered-list\">\n<li>Carlos Yeshua,<\/li>\n<li>Mario de Lima,<\/li>\n<li>Vladimir Queiroz,<\/li>\n<li>Media\u00e7\u00e3o: Gustavo Felic\u00edssimo<\/li>\n<\/ul>\n<p>&nbsp;<\/p>\n<\/div>\n<\/div>\n<div id=\"chunk-a71g5\">\n<div class=\"mc-column content-text active-extra-styles \" data-block-type=\"unstyled\" data-block-weight=\"4\" data-block-id=\"186\">\n<p class=\" content-text__container \" data-track-category=\"Link no Texto\" data-track-links=\"\" data-mrf-recirculation=\"Mat\u00e9ria - Links no Texto\">\ufe0f\u00a0<strong>10\/08 (domingo)<\/strong><\/p>\n<\/div>\n<\/div>\n<div id=\"chunk-3kint\">\n<div class=\"mc-column content-text active-extra-styles \" data-block-type=\"unstyled\" data-block-weight=\"16\" data-block-id=\"187\">\n<p class=\" content-text__container \" data-track-category=\"Link no Texto\" data-track-links=\"\" data-mrf-recirculation=\"Mat\u00e9ria - Links no Texto\">11h \u2013 Mesa coletiva: Mem\u00f3ria e Territ\u00f3rio \u2013 a cidade como personagem, com:<\/p>\n<\/div>\n<\/div>\n<div id=\"chunk-c6art\">\n<div class=\"mc-column content-text active-extra-styles\" data-block-type=\"raw\" data-block-weight=\"18\" data-block-id=\"188\">\n<ul class=\"content-unordered-list\">\n<li>Gilmara Freitas (Arpillera),<\/li>\n<li>Vit\u00f3rio Tibiri\u00e7\u00e1 (Futuca Cuca),<\/li>\n<li>Silvana Ribas (Segundo Selo),<\/li>\n<li>Let\u00edcia Carvalho (Paralelo13S)<\/li>\n<li>Media\u00e7\u00e3o: Lorena Grisi (Paralelo13S)<\/li>\n<\/ul>\n<p>&nbsp;<\/p>\n<\/div>\n<\/div>\n<div id=\"chunk-fkoij\">\n<div class=\"mc-column content-text active-extra-styles \" data-block-type=\"unstyled\" data-block-weight=\"12\" data-block-id=\"189\">\n<p class=\" content-text__container \" data-track-category=\"Link no Texto\" data-track-links=\"\" data-mrf-recirculation=\"Mat\u00e9ria - Links no Texto\">14h \u2013 Mesa coletiva: Vozes Negras, narrativas contempor\u00e2neas, com:<\/p>\n<\/div>\n<\/div>\n<div id=\"chunk-73qhh\">\n<div class=\"mc-column content-text active-extra-styles\" data-block-type=\"raw\" data-block-weight=\"15\" data-block-id=\"190\">\n<ul class=\"content-unordered-list\">\n<li>V\u00e2nia Melo (Segundo Selo),<\/li>\n<li>L\u00edvia Nat\u00e1lia (Caramur\u00ea),<\/li>\n<li>Lilian Almeida (Caramur\u00ea)<\/li>\n<li>Media\u00e7\u00e3o: Camila Carmo (Segundo Selo)<\/li>\n<\/ul>\n<p>&nbsp;<\/p>\n<\/div>\n<\/div>\n<div id=\"chunk-e2g4e\">\n<div class=\"mc-column content-text active-extra-styles \" data-block-type=\"unstyled\" data-block-weight=\"14\" data-block-id=\"191\">\n<p class=\" content-text__container \" data-track-category=\"Link no Texto\" data-track-links=\"\" data-mrf-recirculation=\"Mat\u00e9ria - Links no Texto\">16h \u2013 Mesa coletiva: Bahia Fant\u00e1stica \u2013 mitos, magia e literatura, com:<\/p>\n<\/div>\n<\/div>\n<div id=\"chunk-4omr6\">\n<div class=\"mc-column content-text active-extra-styles\" data-block-type=\"raw\" data-block-weight=\"13\" data-block-id=\"192\">\n<ul class=\"content-unordered-list\">\n<li>Franklin Carvalho (Villa Ol\u00edvia),<\/li>\n<li>Vera Sp\u00ednola (Caramur\u00ea),<\/li>\n<li>Edsoleda Santos (Solisluna)<\/li>\n<li>Media\u00e7\u00e3o: D\u00e9cio Torres<\/li>\n<\/ul>\n<p>&nbsp;<\/p>\n<\/div>\n<\/div>\n<div id=\"chunk-9j41s\">\n<div class=\"mc-column content-text active-extra-styles \" data-block-type=\"unstyled\" data-block-weight=\"11\" data-block-id=\"193\">\n<p class=\" content-text__container \" data-track-category=\"Link no Texto\" data-track-links=\"\" data-mrf-recirculation=\"Mat\u00e9ria - Links no Texto\">18h \u2013 Sarau: Poesia nossa de cada dia, com:<\/p>\n<\/div>\n<\/div>\n<div id=\"chunk-4pfn8\">\n<div class=\"mc-column content-text active-extra-styles\" data-block-type=\"raw\" data-block-weight=\"24\" data-block-id=\"194\">\n<ul class=\"content-unordered-list\">\n<li>Thiago Gatti (Arpillera),<\/li>\n<li>N\u00edlson Galv\u00e3o (Villa Ol\u00edvia),<\/li>\n<li>Anajara Tavares (Segundo Selo),<\/li>\n<li>Gustavo Felic\u00edssimo (Mondrongo),<\/li>\n<li>Nat\u00e1lia Sim\u00f5es (Solisluna),<\/li>\n<li>Fabiana Arag\u00e3o (Futuca Cuca),<\/li>\n<li>Lorena Grisi (Paralelo13S)<\/li>\n<\/ul>\n<p>&nbsp;<\/p>\n<\/div>\n<\/div>\n<div id=\"chunk-akppu\">\n<div class=\"content-ads content-ads--reveal\" data-block-type=\"ads\" data-block-id=\"195\">\n<div id=\"banner_materia__7eda9e3a-e3b1-4512-ba46-bdc0c8610e0e\" class=\"tag-manager-publicidade-container tag-manager-publicidade-banner_materia__7eda9e3a-e3b1-4512-ba46-bdc0c8610e0e tag-manager-publicidade-container--carregado tag-manager-publicidade-container--visivel\" data-google-query-id=\"CNbMq_3F9o4DFTpK3QIdHTgm8g\">\n<div id=\"google_ads_iframe_\/95377733\/tvg_G1\/Sua_Regiao&gt;Nordeste&gt;Bahia_13__container__\"><\/div>\n<\/div>\n<\/div>\n<\/div>\n<div id=\"chunk-7fs2j\">\n<div class=\"mc-column content-text active-extra-styles \" data-block-type=\"unstyled\" data-block-weight=\"7\" data-block-id=\"196\">\n<p class=\" content-text__container \" data-track-category=\"Link no Texto\" data-track-links=\"\" data-mrf-recirculation=\"Mat\u00e9ria - Links no Texto\"><strong>\u00a0Espa\u00e7o CRIA \u2013 Coletivo Escreva Garota<\/strong><\/p>\n<\/div>\n<\/div>\n<div id=\"chunk-eeef2\">\n<div class=\"mc-column content-text active-extra-styles \" data-block-type=\"unstyled\" data-block-weight=\"7\" data-block-id=\"197\">\n<p class=\" content-text__container \" data-track-category=\"Link no Texto\" data-track-links=\"\" data-mrf-recirculation=\"Mat\u00e9ria - Links no Texto\">\ufe0f\u00a0<strong>06 a 09\/08 (quarta-feira a s\u00e1bado)<\/strong><\/p>\n<\/div>\n<\/div>\n<div id=\"chunk-40euk\">\n<div class=\"mc-column content-text active-extra-styles\" data-block-type=\"raw\" data-block-weight=\"14\" data-block-id=\"198\">\n<ul class=\"content-unordered-list\">\n<li>Exposi\u00e7\u00e3o: A Gosto do CRIA (Visita\u00e7\u00e3o durante o hor\u00e1rio de funcionamento do espa\u00e7o)<\/li>\n<\/ul>\n<p>&nbsp;<\/p>\n<\/div>\n<\/div>\n<div id=\"chunk-5mv39\">\n<div class=\"mc-column content-text active-extra-styles \" data-block-type=\"unstyled\" data-block-weight=\"3\" data-block-id=\"199\">\n<p class=\" content-text__container \" data-track-category=\"Link no Texto\" data-track-links=\"\" data-mrf-recirculation=\"Mat\u00e9ria - Links no Texto\">\ufe0f\u00a0<strong>07\/08 (Quinta-feira)<\/strong><\/p>\n<\/div>\n<\/div>\n<div id=\"chunk-1h77o\">\n<div class=\"mc-column content-text active-extra-styles \" data-block-type=\"unstyled\" data-block-weight=\"12\" data-block-id=\"200\">\n<p class=\" content-text__container \" data-track-category=\"Link no Texto\" data-track-links=\"\" data-mrf-recirculation=\"Mat\u00e9ria - Links no Texto\">10h30 \u00e0s 12h \u2013 Bate-papo: Coletivo Escreva Garota<\/p>\n<\/div>\n<\/div>\n<div id=\"chunk-2rrb7\">\n<div class=\"mc-column content-text active-extra-styles\" data-block-type=\"raw\" data-block-weight=\"20\" data-block-id=\"201\">\n<ul class=\"content-unordered-list\">\n<li>Tema: A mulher na literatura: quem conta as nossas hist\u00f3rias<\/li>\n<li>Participantes: Melina Ollandezos (BA), Patr\u00edcia Crepaldi (SP), Iv\u00e2nia Rocha (BA)<\/li>\n<\/ul>\n<p>&nbsp;<\/p>\n<\/div>\n<\/div>\n<div id=\"chunk-da532\">\n<div class=\"mc-column content-text active-extra-styles \" data-block-type=\"unstyled\" data-block-weight=\"11\" data-block-id=\"202\">\n<p class=\" content-text__container \" data-track-category=\"Link no Texto\" data-track-links=\"\" data-mrf-recirculation=\"Mat\u00e9ria - Links no Texto\">14h \u00e0s 15h30 \u2013 Bate-papo: Vozes Ancestrais<\/p>\n<\/div>\n<\/div>\n<div id=\"chunk-20vo5\">\n<div class=\"mc-column content-text active-extra-styles\" data-block-type=\"raw\" data-block-weight=\"10\" data-block-id=\"203\">\n<ul class=\"content-unordered-list\">\n<li>Tema: Heran\u00e7as, mem\u00f3rias e saberes que moldam a escrita contempor\u00e2nea<\/li>\n<\/ul>\n<p>&nbsp;<\/p>\n<\/div>\n<\/div>\n<div id=\"chunk-5qhbm\">\n<div class=\"mc-column content-text active-extra-styles \" data-block-type=\"unstyled\" data-block-weight=\"13\" data-block-id=\"204\">\n<p class=\" content-text__container \" data-track-category=\"Link no Texto\" data-track-links=\"\" data-mrf-recirculation=\"Mat\u00e9ria - Links no Texto\">16h \u00e0s 17h30 \u2013 Bate-papo: Fora do eixo<\/p>\n<\/div>\n<\/div>\n<div id=\"chunk-32ptb\">\n<div class=\"mc-column content-text active-extra-styles\" data-block-type=\"raw\" data-block-weight=\"15\" data-block-id=\"205\">\n<ul class=\"content-unordered-list\">\n<li>Tema: Mercado editorial, circula\u00e7\u00e3o, identidade regional e resist\u00eancia \u00e0 centraliza\u00e7\u00e3o do sudeste como \u201cepicentro\u201d liter\u00e1rio<\/li>\n<\/ul>\n<p>&nbsp;<\/p>\n<\/div>\n<\/div>\n<div id=\"chunk-1ka47\">\n<div class=\"mc-column content-text active-extra-styles \" data-block-type=\"unstyled\" data-block-weight=\"3\" data-block-id=\"206\">\n<p class=\" content-text__container \" data-track-category=\"Link no Texto\" data-track-links=\"\" data-mrf-recirculation=\"Mat\u00e9ria - Links no Texto\"><strong>\ufe0f 08\/08 (sexta-feira)<\/strong><\/p>\n<\/div>\n<\/div>\n<div id=\"chunk-fjs36\">\n<div class=\"mc-column content-text active-extra-styles \" data-block-type=\"unstyled\" data-block-weight=\"13\" data-block-id=\"207\">\n<p class=\" content-text__container \" data-track-category=\"Link no Texto\" data-track-links=\"\" data-mrf-recirculation=\"Mat\u00e9ria - Links no Texto\">10h \u00e0s 11h30 \u2013 Roda de conversa: Vozes que Versam<\/p>\n<\/div>\n<\/div>\n<div id=\"chunk-8607d\">\n<div class=\"mc-column content-text active-extra-styles\" data-block-type=\"raw\" data-block-weight=\"18\" data-block-id=\"208\">\n<ul class=\"content-unordered-list\">\n<li>Tema: A poesia como resist\u00eancia e express\u00e3o feminina<\/li>\n<li>Participantes: Antonia Maria (BA), Giovana Neves (SP), Tai Brito (BA)<\/li>\n<\/ul>\n<p>&nbsp;<\/p>\n<\/div>\n<\/div>\n<div id=\"chunk-ahg6l\">\n<div class=\"mc-column content-text active-extra-styles \" data-block-type=\"unstyled\" data-block-weight=\"16\" data-block-id=\"209\">\n<p class=\" content-text__container \" data-track-category=\"Link no Texto\" data-track-links=\"\" data-mrf-recirculation=\"Mat\u00e9ria - Links no Texto\">12h \u00e0s 13h30 \u2013 Roda de conversa: Elas escrevem o Mundo<\/p>\n<\/div>\n<\/div>\n<div id=\"chunk-6pg75\">\n<div class=\"mc-column content-text active-extra-styles\" data-block-type=\"raw\" data-block-weight=\"18\" data-block-id=\"210\">\n<ul class=\"content-unordered-list\">\n<li>Tema: A pot\u00eancia feminina na literatura contempor\u00e2nea<\/li>\n<li>Participantes: Iv\u00e2nia Rocha (BA), Ana Marice Ladeia (BA), Giovana Neves (SP)<\/li>\n<\/ul>\n<p>&nbsp;<\/p>\n<\/div>\n<\/div>\n<div id=\"chunk-aefgd\">\n<div class=\"mc-column content-text active-extra-styles \" data-block-type=\"unstyled\" data-block-weight=\"16\" data-block-id=\"211\">\n<p class=\" content-text__container \" data-track-category=\"Link no Texto\" data-track-links=\"\" data-mrf-recirculation=\"Mat\u00e9ria - Links no Texto\">14h \u00e0s 15h30 \u2013 Roda de conversa: Escrevendo com as ancestrais<\/p>\n<\/div>\n<\/div>\n<div id=\"chunk-1umjb\">\n<div class=\"mc-column content-text active-extra-styles\" data-block-type=\"raw\" data-block-weight=\"15\" data-block-id=\"212\">\n<ul class=\"content-unordered-list\">\n<li>Tema: Mem\u00f3ria, identidade e narrativa<\/li>\n<li>Participantes: Dagmar Santana (BA), Taiane Bastos (BA), Martha Sales (SE)<\/li>\n<\/ul>\n<p>&nbsp;<\/p>\n<\/div>\n<\/div>\n<div id=\"chunk-8p9g0\">\n<div class=\"content-ads content-ads--reveal\" data-block-type=\"ads\" data-block-id=\"213\">\n<div id=\"banner_materia__ecd6c92c-b3de-47db-83e7-1ad875c3a62a\" class=\"tag-manager-publicidade-container tag-manager-publicidade-banner_materia__ecd6c92c-b3de-47db-83e7-1ad875c3a62a tag-manager-publicidade-container--carregado tag-manager-publicidade-container--visivel\" data-google-query-id=\"CM6yrP3F9o4DFcxZuAQdp8MD2w\">\n<div id=\"google_ads_iframe_\/95377733\/tvg_G1\/Sua_Regiao&gt;Nordeste&gt;Bahia_14__container__\"><\/div>\n<\/div>\n<\/div>\n<\/div>\n<div id=\"chunk-dhl6n\">\n<div class=\"mc-column content-text active-extra-styles \" data-block-type=\"unstyled\" data-block-weight=\"12\" data-block-id=\"214\">\n<p class=\" content-text__container \" data-track-category=\"Link no Texto\" data-track-links=\"\" data-mrf-recirculation=\"Mat\u00e9ria - Links no Texto\">16h \u00e0s 17h30 \u2013 Roda de conversa: Amores Escritos<\/p>\n<\/div>\n<\/div>\n<div id=\"chunk-6kaar\">\n<div class=\"mc-column content-text active-extra-styles\" data-block-type=\"raw\" data-block-weight=\"9\" data-block-id=\"215\">\n<ul class=\"content-unordered-list\">\n<li>Tema: Vozes femininas que encantam cora\u00e7\u00f5es com literatura rom\u00e2ntica<\/li>\n<\/ul>\n<p>&nbsp;<\/p>\n<\/div>\n<\/div>\n<div id=\"chunk-61efc\">\n<div class=\"mc-column content-text active-extra-styles \" data-block-type=\"unstyled\" data-block-weight=\"3\" data-block-id=\"216\">\n<p class=\" content-text__container \" data-track-category=\"Link no Texto\" data-track-links=\"\" data-mrf-recirculation=\"Mat\u00e9ria - Links no Texto\">\ufe0f\u00a0<strong>09\/08 (s\u00e1bado)<\/strong><\/p>\n<\/div>\n<\/div>\n<div id=\"chunk-4hf89\">\n<div class=\"mc-column content-text active-extra-styles \" data-block-type=\"unstyled\" data-block-weight=\"14\" data-block-id=\"217\">\n<p class=\" content-text__container \" data-track-category=\"Link no Texto\" data-track-links=\"\" data-mrf-recirculation=\"Mat\u00e9ria - Links no Texto\">09h \u00e0s 12h \u2013 Oficina de Escrita para Mulheres Negras<\/p>\n<\/div>\n<\/div>\n<div id=\"chunk-10c51\">\n<div class=\"mc-column content-text active-extra-styles\" data-block-type=\"raw\" data-block-weight=\"17\" data-block-id=\"218\">\n<ul class=\"content-unordered-list\">\n<li>Tema: Pipoca e Papo: escreviv\u00eancias negras femininas<\/li>\n<li>Ministrantes: Joice Lorena do Santos Alves (BA), Jamile Santos (BA)<\/li>\n<\/ul>\n<p>&nbsp;<\/p>\n<\/div>\n<\/div>\n<div id=\"chunk-abvtc\">\n<div class=\"mc-column content-text active-extra-styles \" data-block-type=\"unstyled\" data-block-weight=\"18\" data-block-id=\"219\">\n<p class=\" content-text__container \" data-track-category=\"Link no Texto\" data-track-links=\"\" data-mrf-recirculation=\"Mat\u00e9ria - Links no Texto\">10h \u00e0s 11h30 \u2013 Oficina para crian\u00e7as: Voc\u00ea tamb\u00e9m pode ser um autor mirim<\/p>\n<\/div>\n<\/div>\n<div id=\"chunk-336m2\">\n<div class=\"mc-column content-text active-extra-styles\" data-block-type=\"raw\" data-block-weight=\"4\" data-block-id=\"220\">\n<ul class=\"content-unordered-list\">\n<li>Ministrante: Luiza Meireles (BA)<\/li>\n<\/ul>\n<p>&nbsp;<\/p>\n<\/div>\n<\/div>\n<div id=\"chunk-9l5ja\">\n<div class=\"mc-column content-text active-extra-styles \" data-block-type=\"unstyled\" data-block-weight=\"15\" data-block-id=\"221\">\n<p class=\" content-text__container \" data-track-category=\"Link no Texto\" data-track-links=\"\" data-mrf-recirculation=\"Mat\u00e9ria - Links no Texto\">11h30 \u00e0s 13h \u2013 Roda de conversa: A Literatura como brincadeira<\/p>\n<\/div>\n<\/div>\n<div id=\"chunk-me40\">\n<div class=\"mc-column content-text active-extra-styles\" data-block-type=\"raw\" data-block-weight=\"17\" data-block-id=\"222\">\n<ul class=\"content-unordered-list\">\n<li>Tema: Encantamento e forma\u00e7\u00e3o na inf\u00e2ncia<\/li>\n<li>Participantes: Juliana Medeiros (BA), Val\u00e9ria Nanc\u00ed (BA), Sueli de C\u00e1ssia (BA)<\/li>\n<\/ul>\n<p>&nbsp;<\/p>\n<\/div>\n<\/div>\n<div id=\"chunk-79jn3\">\n<div class=\"mc-column content-text active-extra-styles \" data-block-type=\"unstyled\" data-block-weight=\"14\" data-block-id=\"223\">\n<p class=\" content-text__container \" data-track-category=\"Link no Texto\" data-track-links=\"\" data-mrf-recirculation=\"Mat\u00e9ria - Links no Texto\">13h30 \u00e0s 15h \u2013 Roda de conversa: Palavras que Nutrem<\/p>\n<\/div>\n<\/div>\n<div id=\"chunk-bcd28\">\n<div class=\"mc-column content-text active-extra-styles\" data-block-type=\"raw\" data-block-weight=\"15\" data-block-id=\"224\">\n<ul class=\"content-unordered-list\">\n<li>Tema: A maternidade na escrita e na literatura<\/li>\n<li>Participantes: Analu Leite (BA), Luh Oliveira (BA)<\/li>\n<\/ul>\n<p>&nbsp;<\/p>\n<\/div>\n<\/div>\n<div id=\"chunk-6udmq\">\n<div class=\"mc-column content-text active-extra-styles \" data-block-type=\"unstyled\" data-block-weight=\"15\" data-block-id=\"225\">\n<p class=\" content-text__container \" data-track-category=\"Link no Texto\" data-track-links=\"\" data-mrf-recirculation=\"Mat\u00e9ria - Links no Texto\">15h30 \u00e0s 17h \u2013 Roda de conversa: A Palavra como Espelho<\/p>\n<\/div>\n<\/div>\n<div id=\"chunk-26rjn\">\n<div class=\"mc-column content-text active-extra-styles\" data-block-type=\"raw\" data-block-weight=\"15\" data-block-id=\"226\">\n<ul class=\"content-unordered-list\">\n<li>Tema: Escrita, autoconhecimento e transforma\u00e7\u00e3o<\/li>\n<li>Participantes: Luana Portella (BA), Nat\u00e1lia Dias (BA), Carolina Machado (BA)<\/li>\n<\/ul>\n<p>&nbsp;<\/p>\n<\/div>\n<\/div>\n<div id=\"chunk-dqv8k\">\n<div class=\"mc-column content-text active-extra-styles \" data-block-type=\"unstyled\" data-block-weight=\"9\" data-block-id=\"227\">\n<p class=\" content-text__container \" data-track-category=\"Link no Texto\" data-track-links=\"\" data-mrf-recirculation=\"Mat\u00e9ria - Links no Texto\"><strong>\u00a0Igreja de Nossa Senhora do Ros\u00e1rio dos Pretos<\/strong><\/p>\n<\/div>\n<\/div>\n<div id=\"chunk-7rtfj\">\n<div class=\"mc-column content-text active-extra-styles \" data-block-type=\"unstyled\" data-block-weight=\"7\" data-block-id=\"228\">\n<p class=\" content-text__container \" data-track-category=\"Link no Texto\" data-track-links=\"\" data-mrf-recirculation=\"Mat\u00e9ria - Links no Texto\"><strong>\ufe0f 07 a 09\/08 (quinta-feira a s\u00e1bado)<\/strong><\/p>\n<\/div>\n<\/div>\n<div id=\"chunk-8b5oj\">\n<div class=\"mc-column content-text active-extra-styles \" data-block-type=\"unstyled\" data-block-weight=\"6\" data-block-id=\"229\">\n<p class=\" content-text__container \" data-track-category=\"Link no Texto\" data-track-links=\"\" data-mrf-recirculation=\"Mat\u00e9ria - Links no Texto\">9h \u00e0s 17h \u2013 Exposi\u00e7\u00f5es:<\/p>\n<\/div>\n<\/div>\n<div id=\"chunk-dsco9\">\n<div class=\"mc-column content-text active-extra-styles\" data-block-type=\"raw\" data-block-weight=\"17\" data-block-id=\"230\">\n<ul class=\"content-unordered-list\">\n<li>\u201cDi\u00e1spora arte\u201d \u2013 Eliana Aquino (BA)<\/li>\n<li>\u201cResist\u00eancia de um povo negro\u201d \u2013 Irmandade dos Homens Pretos (BA)<\/li>\n<\/ul>\n<p>&nbsp;<\/p>\n<\/div>\n<\/div>\n<div id=\"chunk-hjup\">\n<div class=\"content-ads content-ads--reveal\" data-block-type=\"ads\" data-block-id=\"231\"><\/div>\n<\/div>\n<div id=\"chunk-br6mj\">\n<div class=\"mc-column content-text active-extra-styles \" data-block-type=\"unstyled\" data-block-weight=\"3\" data-block-id=\"232\">\n<p class=\" content-text__container \" data-track-category=\"Link no Texto\" data-track-links=\"\" data-mrf-recirculation=\"Mat\u00e9ria - Links no Texto\">\ufe0f\u00a0<strong>07\/08 (quinta-feira)<\/strong><\/p>\n<\/div>\n<\/div>\n<div id=\"chunk-94l8s\">\n<div class=\"mc-column content-text active-extra-styles \" data-block-type=\"unstyled\" data-block-weight=\"16\" data-block-id=\"233\">\n<p class=\" content-text__container \" data-track-category=\"Link no Texto\" data-track-links=\"\" data-mrf-recirculation=\"Mat\u00e9ria - Links no Texto\">13h \u2013 Roda de conversa: Gritos da Periferia \u2013 De volta \u00e0 senzala dos pretos, com:<\/p>\n<\/div>\n<\/div>\n<div id=\"chunk-vagl\">\n<div class=\"mc-column content-text active-extra-styles\" data-block-type=\"raw\" data-block-weight=\"6\" data-block-id=\"234\">\n<ul class=\"content-unordered-list\">\n<li>Negra Winnie (BA),<\/li>\n<li>Lucas Biigz (BA)<\/li>\n<\/ul>\n<p>&nbsp;<\/p>\n<\/div>\n<\/div>\n<div id=\"chunk-7irin\">\n<div class=\"mc-column content-text active-extra-styles \" data-block-type=\"unstyled\" data-block-weight=\"16\" data-block-id=\"235\">\n<p class=\" content-text__container \" data-track-category=\"Link no Texto\" data-track-links=\"\" data-mrf-recirculation=\"Mat\u00e9ria - Links no Texto\">15h \u2013 Apresenta\u00e7\u00e3o musical: Mulheres pretas \u2013 Nossa voz, nossa m\u00fasica, nossa hist\u00f3ria<\/p>\n<\/div>\n<\/div>\n<div id=\"chunk-83nkn\">\n<div class=\"mc-column content-text active-extra-styles\" data-block-type=\"raw\" data-block-weight=\"8\" data-block-id=\"236\">\n<ul class=\"content-unordered-list\">\n<li>Apresenta\u00e7\u00e3o: FESF-SUS \u2013 Funda\u00e7\u00e3o Estatal Sa\u00fade da Fam\u00edlia<\/li>\n<\/ul>\n<p>&nbsp;<\/p>\n<\/div>\n<\/div>\n<div id=\"chunk-1fhlk\">\n<div class=\"mc-column content-text active-extra-styles \" data-block-type=\"unstyled\" data-block-weight=\"15\" data-block-id=\"237\">\n<p class=\" content-text__container \" data-track-category=\"Link no Texto\" data-track-links=\"\" data-mrf-recirculation=\"Mat\u00e9ria - Links no Texto\">16h \u2013 Apresenta\u00e7\u00e3o musical: Harmonia e devo\u00e7\u00e3o \u2013 um canto de paz<\/p>\n<\/div>\n<\/div>\n<div id=\"chunk-1o6ln\">\n<div class=\"mc-column content-text active-extra-styles\" data-block-type=\"raw\" data-block-weight=\"7\" data-block-id=\"238\">\n<ul class=\"content-unordered-list\">\n<li>Apresenta\u00e7\u00e3o: Coral da Pol\u00edcia Militar da Bahia<\/li>\n<\/ul>\n<p>&nbsp;<\/p>\n<\/div>\n<\/div>\n<div id=\"chunk-4ll0c\">\n<div class=\"mc-column content-text active-extra-styles \" data-block-type=\"unstyled\" data-block-weight=\"3\" data-block-id=\"239\">\n<p class=\" content-text__container \" data-track-category=\"Link no Texto\" data-track-links=\"\" data-mrf-recirculation=\"Mat\u00e9ria - Links no Texto\"><strong>\ufe0f 08\/08 (sexta-feira)<\/strong><\/p>\n<\/div>\n<\/div>\n<div id=\"chunk-f3f6n\">\n<div class=\"mc-column content-text active-extra-styles \" data-block-type=\"unstyled\" data-block-weight=\"13\" data-block-id=\"240\">\n<p class=\" content-text__container \" data-track-category=\"Link no Texto\" data-track-links=\"\" data-mrf-recirculation=\"Mat\u00e9ria - Links no Texto\">14h \u2013 (Re) Lan\u00e7amento de livros por M\u00e1rio Jos\u00e9 Santana Vieira (BA):<\/p>\n<\/div>\n<\/div>\n<div id=\"chunk-epanm\">\n<div class=\"mc-column content-text active-extra-styles\" data-block-type=\"raw\" data-block-weight=\"25\" data-block-id=\"241\">\n<ul class=\"content-unordered-list\">\n<li>\u201cQuem n\u00e3o quer sofrer\u2026 sofre mais! A ironia do sofrimento\u201d (lan\u00e7amento)<\/li>\n<li>\u201cQue tal um dedinho de prosa? Reflex\u00f5es e viv\u00eancias em Educa\u00e7\u00e3o e Psicologia\u201d (relan\u00e7amento)<\/li>\n<\/ul>\n<p>&nbsp;<\/p>\n<\/div>\n<\/div>\n<div id=\"chunk-1jrbn\">\n<div class=\"mc-column content-text active-extra-styles \" data-block-type=\"unstyled\" data-block-weight=\"13\" data-block-id=\"242\">\n<p class=\" content-text__container \" data-track-category=\"Link no Texto\" data-track-links=\"\" data-mrf-recirculation=\"Mat\u00e9ria - Links no Texto\">15h \u2013 Roda de conversa: Escreviv\u00eancias presentes na educa\u00e7\u00e3o antirracista<\/p>\n<\/div>\n<\/div>\n<div id=\"chunk-5kgqk\">\n<div class=\"mc-column content-text active-extra-styles\" data-block-type=\"raw\" data-block-weight=\"5\" data-block-id=\"243\">\n<ul class=\"content-unordered-list\">\n<li>Participante: Lucineide Santos Vieira (BA)<\/li>\n<\/ul>\n<p>&nbsp;<\/p>\n<\/div>\n<\/div>\n<div id=\"chunk-7d0ue\">\n<div class=\"mc-column content-text active-extra-styles \" data-block-type=\"unstyled\" data-block-weight=\"14\" data-block-id=\"244\">\n<p class=\" content-text__container \" data-track-category=\"Link no Texto\" data-track-links=\"\" data-mrf-recirculation=\"Mat\u00e9ria - Links no Texto\">16h \u2013 Roda de conversa: Literatura e mulheres negras na Bahia<\/p>\n<\/div>\n<\/div>\n<div id=\"chunk-8qk7s\">\n<div class=\"mc-column content-text active-extra-styles\" data-block-type=\"raw\" data-block-weight=\"4\" data-block-id=\"245\">\n<ul class=\"content-unordered-list\">\n<li>Participante: Lara Nunes (BA)<\/li>\n<\/ul>\n<p>&nbsp;<\/p>\n<\/div>\n<\/div>\n<div id=\"chunk-221jo\">\n<div class=\"mc-column content-text active-extra-styles \" data-block-type=\"unstyled\" data-block-weight=\"14\" data-block-id=\"246\">\n<p class=\" content-text__container \" data-track-category=\"Link no Texto\" data-track-links=\"\" data-mrf-recirculation=\"Mat\u00e9ria - Links no Texto\">17h \u2013 Apresenta\u00e7\u00e3o musical: Banda de M\u00fasica da Guarda Civil Municipal de Salvador<\/p>\n<\/div>\n<\/div>\n<div id=\"chunk-d8j61\">\n<div class=\"mc-column content-text active-extra-styles \" data-block-type=\"unstyled\" data-block-weight=\"3\" data-block-id=\"247\">\n<p class=\" content-text__container \" data-track-category=\"Link no Texto\" data-track-links=\"\" data-mrf-recirculation=\"Mat\u00e9ria - Links no Texto\">\ufe0f\u00a0<strong>09\/08 (s\u00e1bado)<\/strong><\/p>\n<\/div>\n<\/div>\n<div id=\"chunk-2at5c\">\n<div class=\"mc-column content-text active-extra-styles \" data-block-type=\"unstyled\" data-block-weight=\"17\" data-block-id=\"248\">\n<p class=\" content-text__container \" data-track-category=\"Link no Texto\" data-track-links=\"\" data-mrf-recirculation=\"Mat\u00e9ria - Links no Texto\">15h \u2013 Apresenta\u00e7\u00e3o musical: MPB \u2013 Coral LACEN (Laborat\u00f3rio Central de Sa\u00fade P\u00fablica Prof\u00ba Gon\u00e7alo Moniz)<\/p>\n<\/div>\n<\/div>\n<div id=\"chunk-6f113\">\n<div class=\"mc-column content-text active-extra-styles \" data-block-type=\"unstyled\" data-block-weight=\"9\" data-block-id=\"249\">\n<p class=\" content-text__container \" data-track-category=\"Link no Texto\" data-track-links=\"\" data-mrf-recirculation=\"Mat\u00e9ria - Links no Texto\">16h \u2013 Apresenta\u00e7\u00e3o musical: Afrobrasileirando 2<\/p>\n<\/div>\n<\/div>\n<div id=\"chunk-nfvv\">\n<div class=\"mc-column content-text active-extra-styles\" data-block-type=\"raw\" data-block-weight=\"11\" data-block-id=\"250\">\n<ul class=\"content-unordered-list\">\n<li>Apresenta\u00e7\u00e3o: Orquestra Juvenil da EMUC (Escola de Ensino de M\u00fasica Cidad\u00e3)<\/li>\n<\/ul>\n<p>&nbsp;<\/p>\n<\/div>\n<\/div>\n<div id=\"chunk-a1783\">\n<div class=\"content-ads content-ads--reveal\" data-block-type=\"ads\" data-block-id=\"251\"><\/div>\n<\/div>\n<div id=\"chunk-d9mau\">\n<div class=\"mc-column content-text active-extra-styles \" data-block-type=\"unstyled\" data-block-weight=\"3\" data-block-id=\"252\">\n<p class=\" content-text__container \" data-track-category=\"Link no Texto\" data-track-links=\"\" data-mrf-recirculation=\"Mat\u00e9ria - Links no Texto\"><strong>\ufe0f 10\/08 (domingo)<\/strong><\/p>\n<\/div>\n<\/div>\n<div id=\"chunk-1jc0e\">\n<div class=\"mc-column content-text active-extra-styles \" data-block-type=\"unstyled\" data-block-weight=\"12\" data-block-id=\"253\">\n<p class=\" content-text__container \" data-track-category=\"Link no Texto\" data-track-links=\"\" data-mrf-recirculation=\"Mat\u00e9ria - Links no Texto\">9h \u2013 Missa: A\u00e7\u00e3o de gra\u00e7as \u2013 Encerramento oficial da FLIPEL\u00d4<\/p>\n<\/div>\n<\/div>\n<div id=\"chunk-82ajv\">\n<div class=\"mc-column content-text active-extra-styles \" data-block-type=\"unstyled\" data-block-weight=\"9\" data-block-id=\"254\">\n<p class=\" content-text__container \" data-track-category=\"Link no Texto\" data-track-links=\"\" data-mrf-recirculation=\"Mat\u00e9ria - Links no Texto\">11h \u2013 Apresenta\u00e7\u00e3o musical: Samba Junino Gira D\u2019Elas<\/p>\n<\/div>\n<\/div>\n<div id=\"chunk-fhrb9\">\n<div class=\"mc-column content-text active-extra-styles \" data-block-type=\"unstyled\" data-block-weight=\"12\" data-block-id=\"255\">\n<p class=\" content-text__container \" data-track-category=\"Link no Texto\" data-track-links=\"\" data-mrf-recirculation=\"Mat\u00e9ria - Links no Texto\"><strong>CASA MOTIVA \u2013 Vale do Dend\u00ea (Rua das Laranjeiras, 2 \u2013 Pelourinho)<\/strong><\/p>\n<\/div>\n<\/div>\n<div id=\"chunk-273fa\">\n<div class=\"mc-column content-text active-extra-styles \" data-block-type=\"unstyled\" data-block-weight=\"3\" data-block-id=\"256\">\n<p class=\" content-text__container \" data-track-category=\"Link no Texto\" data-track-links=\"\" data-mrf-recirculation=\"Mat\u00e9ria - Links no Texto\">\ufe0f<strong>\u00a007\/08 (quinta-feira)<\/strong><\/p>\n<\/div>\n<\/div>\n<div id=\"chunk-62jv8\">\n<div class=\"mc-column content-text active-extra-styles \" data-block-type=\"unstyled\" data-block-weight=\"8\" data-block-id=\"257\">\n<p class=\" content-text__container \" data-track-category=\"Link no Texto\" data-track-links=\"\" data-mrf-recirculation=\"Mat\u00e9ria - Links no Texto\">11h \u2013 Com a palavra o escritor<\/p>\n<\/div>\n<\/div>\n<div id=\"chunk-lo02\">\n<div class=\"mc-column content-text active-extra-styles\" data-block-type=\"raw\" data-block-weight=\"25\" data-block-id=\"258\">\n<ul class=\"content-unordered-list\">\n<li>Tema: A fic\u00e7\u00e3o e a poesia nossa de cada dia<\/li>\n<li>Participantes: Carlito Lima (AL), Antonia Torre\u00e3o Herrera (BA)<\/li>\n<li>Media\u00e7\u00e3o: Jos\u00e9 In\u00e1cio Vieira de Melo (BA)<\/li>\n<\/ul>\n<p>&nbsp;<\/p>\n<\/div>\n<\/div>\n<div id=\"chunk-9uf4c\">\n<div class=\"mc-column content-text active-extra-styles \" data-block-type=\"unstyled\" data-block-weight=\"4\" data-block-id=\"259\">\n<p class=\" content-text__container \" data-track-category=\"Link no Texto\" data-track-links=\"\" data-mrf-recirculation=\"Mat\u00e9ria - Links no Texto\">14h \u2013 Premia\u00e7\u00e3o<\/p>\n<\/div>\n<\/div>\n<div id=\"chunk-4ajhb\">\n<div class=\"mc-column content-text active-extra-styles\" data-block-type=\"raw\" data-block-weight=\"4\" data-block-id=\"260\">\n<ul class=\"content-unordered-list\">\n<li>Concurso de cr\u00f4nicas Motiva_Flipel\u00f4<\/li>\n<\/ul>\n<p>&nbsp;<\/p>\n<\/div>\n<\/div>\n<div id=\"chunk-2v6jc\">\n<div class=\"mc-column content-text active-extra-styles \" data-block-type=\"unstyled\" data-block-weight=\"6\" data-block-id=\"261\">\n<p class=\" content-text__container \" data-track-category=\"Link no Texto\" data-track-links=\"\" data-mrf-recirculation=\"Mat\u00e9ria - Links no Texto\">16h \u2013 Roda de conversa<\/p>\n<\/div>\n<\/div>\n<div id=\"chunk-7ia5e\">\n<div class=\"mc-column content-text active-extra-styles\" data-block-type=\"raw\" data-block-weight=\"20\" data-block-id=\"262\">\n<ul class=\"content-unordered-list\">\n<li>Tema: O Afrofuturismo e as narrativas de resist\u00eancia<\/li>\n<li>Participantes: Anderson Shon (BA), Ale Santos (PA)<\/li>\n<li>Media\u00e7\u00e3o: Paulo Rog\u00e9rio Nunes (BA)<\/li>\n<\/ul>\n<p>&nbsp;<\/p>\n<\/div>\n<\/div>\n<div id=\"chunk-7l2or\">\n<div class=\"mc-column content-text active-extra-styles \" data-block-type=\"unstyled\" data-block-weight=\"4\" data-block-id=\"263\">\n<p class=\" content-text__container \" data-track-category=\"Link no Texto\" data-track-links=\"\" data-mrf-recirculation=\"Mat\u00e9ria - Links no Texto\">17h30 \u2013 Sarau<\/p>\n<\/div>\n<\/div>\n<div id=\"chunk-fsigg\">\n<div class=\"mc-column content-text active-extra-styles\" data-block-type=\"raw\" data-block-weight=\"10\" data-block-id=\"264\">\n<ul class=\"content-unordered-list\">\n<li>Tema: Poesia e m\u00fasica<\/li>\n<li>Participa\u00e7\u00e3o: Clube dos Poetas da Bahia<\/li>\n<\/ul>\n<p>&nbsp;<\/p>\n<\/div>\n<\/div>\n<div id=\"chunk-4hhaq\">\n<div class=\"mc-column content-text active-extra-styles \" data-block-type=\"unstyled\" data-block-weight=\"3\" data-block-id=\"265\">\n<p class=\" content-text__container \" data-track-category=\"Link no Texto\" data-track-links=\"\" data-mrf-recirculation=\"Mat\u00e9ria - Links no Texto\">\ufe0f\u00a0<strong>08\/08 (sexta-feira)<\/strong><\/p>\n<\/div>\n<\/div>\n<div id=\"chunk-39oj8\">\n<div class=\"mc-column content-text active-extra-styles \" data-block-type=\"unstyled\" data-block-weight=\"8\" data-block-id=\"266\">\n<p class=\" content-text__container \" data-track-category=\"Link no Texto\" data-track-links=\"\" data-mrf-recirculation=\"Mat\u00e9ria - Links no Texto\">11h \u2013 Com a palavra o escritor<\/p>\n<\/div>\n<\/div>\n<div id=\"chunk-f3jip\">\n<div class=\"mc-column content-text active-extra-styles\" data-block-type=\"raw\" data-block-weight=\"11\" data-block-id=\"267\">\n<ul class=\"content-unordered-list\">\n<li>Tema: Conversas transatl\u00e2nticas<\/li>\n<li>Participante: Adelino Tim\u00f3teo (Mo\u00e7ambique)<\/li>\n<li>Media\u00e7\u00e3o: Iuri Barreto (BA)<\/li>\n<\/ul>\n<p>&nbsp;<\/p>\n<\/div>\n<\/div>\n<div id=\"chunk-26g1k\">\n<div class=\"mc-column content-text active-extra-styles \" data-block-type=\"unstyled\" data-block-weight=\"6\" data-block-id=\"268\">\n<p class=\" content-text__container \" data-track-category=\"Link no Texto\" data-track-links=\"\" data-mrf-recirculation=\"Mat\u00e9ria - Links no Texto\">14h \u2013 Terreiro de poesia<\/p>\n<\/div>\n<\/div>\n<div id=\"chunk-kmav\">\n<div class=\"mc-column content-text active-extra-styles\" data-block-type=\"raw\" data-block-weight=\"24\" data-block-id=\"269\">\n<ul class=\"content-unordered-list\">\n<li>Vencedores do Pr\u00eamio Myriam Fraga para autores in\u00e9ditos:<\/li>\n<li>Francisco Pedrosa (PE), Alan Rezende (RJ), Mariana Lima (BA)<\/li>\n<li>Apresenta\u00e7\u00e3o: Jos\u00e9 In\u00e1cio Vieira de Melo (BA)<\/li>\n<\/ul>\n<p>&nbsp;<\/p>\n<\/div>\n<\/div>\n<div id=\"chunk-6qhes\">\n<div class=\"mc-column content-text active-extra-styles \" data-block-type=\"unstyled\" data-block-weight=\"4\" data-block-id=\"270\">\n<p class=\" content-text__container \" data-track-category=\"Link no Texto\" data-track-links=\"\" data-mrf-recirculation=\"Mat\u00e9ria - Links no Texto\">16h \u2013 Bate-papo<\/p>\n<\/div>\n<\/div>\n<div id=\"chunk-2b6o4\">\n<div class=\"mc-column content-text active-extra-styles\" data-block-type=\"raw\" data-block-weight=\"22\" data-block-id=\"271\">\n<ul class=\"content-unordered-list\">\n<li>Tema: Era uma vez\u2026 inf\u00e2ncia e natureza, as conex\u00f5es que transformam<\/li>\n<li>Participantes: Paula Mendon\u00e7a (SP), Alexandre Coimbra Amaral (SP), Milly Lacombe (SP)<\/li>\n<\/ul>\n<p>&nbsp;<\/p>\n<\/div>\n<\/div>\n<div id=\"chunk-d1s88\">\n<div class=\"mc-column content-text active-extra-styles \" data-block-type=\"unstyled\" data-block-weight=\"5\" data-block-id=\"272\">\n<p class=\" content-text__container \" data-track-category=\"Link no Texto\" data-track-links=\"\" data-mrf-recirculation=\"Mat\u00e9ria - Links no Texto\">17h30 \u2013 Apresenta\u00e7\u00e3o musical<\/p>\n<\/div>\n<\/div>\n<div id=\"chunk-ddht7\">\n<div class=\"content-ads content-ads--reveal\" data-block-type=\"ads\" data-block-id=\"273\"><\/div>\n<\/div>\n<div id=\"chunk-3t5q5\">\n<div class=\"mc-column content-text active-extra-styles\" data-block-type=\"raw\" data-block-weight=\"8\" data-block-id=\"274\">\n<ul class=\"content-unordered-list\">\n<li>Grupo: Camerata da OSBA \u2013 Grupo Bahia Cordas<\/li>\n<\/ul>\n<p>&nbsp;<\/p>\n<\/div>\n<\/div>\n<div id=\"chunk-5dl14\">\n<div class=\"mc-column content-text active-extra-styles \" data-block-type=\"unstyled\" data-block-weight=\"3\" data-block-id=\"275\">\n<p class=\" content-text__container \" data-track-category=\"Link no Texto\" data-track-links=\"\" data-mrf-recirculation=\"Mat\u00e9ria - Links no Texto\">\ufe0f\u00a0<strong>09\/08 (s\u00e1bado)<\/strong><\/p>\n<\/div>\n<\/div>\n<div id=\"chunk-fqtht\">\n<div class=\"mc-column content-text active-extra-styles \" data-block-type=\"unstyled\" data-block-weight=\"6\" data-block-id=\"276\">\n<p class=\" content-text__container \" data-track-category=\"Link no Texto\" data-track-links=\"\" data-mrf-recirculation=\"Mat\u00e9ria - Links no Texto\">9h \u00e0s 11h \u2013 Oficina<\/p>\n<\/div>\n<\/div>\n<div id=\"chunk-3iqun\">\n<div class=\"mc-column content-text active-extra-styles\" data-block-type=\"raw\" data-block-weight=\"9\" data-block-id=\"277\">\n<ul class=\"content-unordered-list\">\n<li>Tema: Escrever para mover<\/li>\n<li>Realiza\u00e7\u00e3o: Coletivo Manas Escritas (SP)<\/li>\n<\/ul>\n<p>&nbsp;<\/p>\n<\/div>\n<\/div>\n<div id=\"chunk-1plro\">\n<div class=\"mc-column content-text active-extra-styles \" data-block-type=\"unstyled\" data-block-weight=\"8\" data-block-id=\"278\">\n<p class=\" content-text__container \" data-track-category=\"Link no Texto\" data-track-links=\"\" data-mrf-recirculation=\"Mat\u00e9ria - Links no Texto\">11h \u2013 Com a palavra o escritor<\/p>\n<\/div>\n<\/div>\n<div id=\"chunk-dfbbc\">\n<div class=\"mc-column content-text active-extra-styles\" data-block-type=\"raw\" data-block-weight=\"25\" data-block-id=\"279\">\n<ul class=\"content-unordered-list\">\n<li>Tema: De p\u00e9 t\u00e1 pago \u2013 migra\u00e7\u00e3o, margem e mem\u00f3ria<\/li>\n<li>Participante: GauZ\u2019 (Fran\u00e7a \/ Costa do Marfim)<\/li>\n<li>Media\u00e7\u00e3o e tradu\u00e7\u00e3o: Ana Rosa Neves Ramos (BA)<\/li>\n<\/ul>\n<p>&nbsp;<\/p>\n<\/div>\n<\/div>\n<div id=\"chunk-1b37i\">\n<div class=\"mc-column content-text active-extra-styles \" data-block-type=\"unstyled\" data-block-weight=\"8\" data-block-id=\"280\">\n<p class=\" content-text__container \" data-track-category=\"Link no Texto\" data-track-links=\"\" data-mrf-recirculation=\"Mat\u00e9ria - Links no Texto\">14h30 \u2013 Com a palavra o escritor<\/p>\n<\/div>\n<\/div>\n<div id=\"chunk-bmsu3\">\n<div class=\"mc-column content-text active-extra-styles\" data-block-type=\"raw\" data-block-weight=\"17\" data-block-id=\"281\">\n<ul class=\"content-unordered-list\">\n<li>Tema: Hist\u00f3rias de meninas e m\u00e3es<\/li>\n<li>Participantes: Izabella Cristo (PA\/SP), Mariana Paiva (BA)<\/li>\n<li>Media\u00e7\u00e3o: Henrique Rodrigues (RJ)<\/li>\n<\/ul>\n<p>&nbsp;<\/p>\n<\/div>\n<\/div>\n<div id=\"chunk-clec2\">\n<div class=\"mc-column content-text active-extra-styles \" data-block-type=\"unstyled\" data-block-weight=\"8\" data-block-id=\"282\">\n<p class=\" content-text__container \" data-track-category=\"Link no Texto\" data-track-links=\"\" data-mrf-recirculation=\"Mat\u00e9ria - Links no Texto\">16h \u2013 Com a palavra o escritor<\/p>\n<\/div>\n<\/div>\n<div id=\"chunk-51hj6\">\n<div class=\"mc-column content-text active-extra-styles\" data-block-type=\"raw\" data-block-weight=\"25\" data-block-id=\"283\">\n<ul class=\"content-unordered-list\">\n<li>Tema: Palavras que resistiram \u2013 imprensa, fic\u00e7\u00e3o e cultura popular contra a censura<\/li>\n<li>Participantes: Laura Mattos (SP), Lu\u00eds Pimentel (BA\/RJ)<\/li>\n<li>Media\u00e7\u00e3o: Gil Vicente Tavares (BA)<\/li>\n<\/ul>\n<p>&nbsp;<\/p>\n<\/div>\n<\/div>\n<div id=\"chunk-bpt6k\">\n<div class=\"mc-column content-text active-extra-styles \" data-block-type=\"unstyled\" data-block-weight=\"8\" data-block-id=\"284\">\n<p class=\" content-text__container \" data-track-category=\"Link no Texto\" data-track-links=\"\" data-mrf-recirculation=\"Mat\u00e9ria - Links no Texto\">17h30 \u2013 Apresenta\u00e7\u00e3o musical (voz e viol\u00e3o)<\/p>\n<\/div>\n<\/div>\n<div id=\"chunk-bjm90\">\n<div class=\"mc-column content-text active-extra-styles\" data-block-type=\"raw\" data-block-weight=\"13\" data-block-id=\"285\">\n<ul class=\"content-unordered-list\">\n<li>Tema: Nas trilhas das novelas<\/li>\n<li>Participantes: Tatiana Dias Gomes (RJ), L\u00e9o Martins (RJ)<\/li>\n<\/ul>\n<p>&nbsp;<\/p>\n<\/div>\n<\/div>\n<div id=\"chunk-ehp2j\">\n<div class=\"mc-column content-text active-extra-styles \" data-block-type=\"unstyled\" data-block-weight=\"3\" data-block-id=\"286\">\n<p class=\" content-text__container \" data-track-category=\"Link no Texto\" data-track-links=\"\" data-mrf-recirculation=\"Mat\u00e9ria - Links no Texto\">\ufe0f\u00a0<strong>10\/08 (domingo)<\/strong><\/p>\n<\/div>\n<\/div>\n<div id=\"chunk-am4dn\">\n<div class=\"mc-column content-text active-extra-styles \" data-block-type=\"unstyled\" data-block-weight=\"6\" data-block-id=\"287\">\n<p class=\" content-text__container \" data-track-category=\"Link no Texto\" data-track-links=\"\" data-mrf-recirculation=\"Mat\u00e9ria - Links no Texto\">11h \u2013 Oficina de Origami<\/p>\n<\/div>\n<\/div>\n<div id=\"chunk-3b738\">\n<div class=\"mc-column content-text active-extra-styles\" data-block-type=\"raw\" data-block-weight=\"8\" data-block-id=\"288\">\n<ul class=\"content-unordered-list\">\n<li>Tema: M\u00e3os \u00e0 dobra!<\/li>\n<li>Ministrante: L\u00e1zaro Borges (BA)<\/li>\n<\/ul>\n<p>&nbsp;<\/p>\n<\/div>\n<\/div>\n<div id=\"chunk-oi8\">\n<div class=\"mc-column content-text active-extra-styles \" data-block-type=\"unstyled\" data-block-weight=\"5\" data-block-id=\"289\">\n<p class=\" content-text__container \" data-track-category=\"Link no Texto\" data-track-links=\"\" data-mrf-recirculation=\"Mat\u00e9ria - Links no Texto\">12h \u2013 Apresenta\u00e7\u00e3o musical<\/p>\n<\/div>\n<\/div>\n<div id=\"chunk-ekjkp\">\n<div class=\"mc-column content-text active-extra-styles\" data-block-type=\"raw\" data-block-weight=\"5\" data-block-id=\"290\">\n<ul class=\"content-unordered-list\">\n<li>Grupo: Gente do Choro (BA)<\/li>\n<\/ul>\n<p>&nbsp;<\/p>\n<\/div>\n<\/div>\n<div id=\"chunk-b2tql\">\n<div class=\"mc-column content-text active-extra-styles \" data-block-type=\"unstyled\" data-block-weight=\"13\" data-block-id=\"291\">\n<p class=\" content-text__container \" data-track-category=\"Link no Texto\" data-track-links=\"\" data-mrf-recirculation=\"Mat\u00e9ria - Links no Texto\">Espa\u00e7o das Editoras Universit\u00e1rias (Largo Terreiro de Jesus, s\/n \u2013 Pelourinho | FAMED)<\/p>\n<\/div>\n<\/div>\n<div id=\"chunk-3lb3e\">\n<div class=\"mc-column content-text active-extra-styles \" data-block-type=\"unstyled\" data-block-weight=\"3\" data-block-id=\"292\">\n<p class=\" content-text__container \" data-track-category=\"Link no Texto\" data-track-links=\"\" data-mrf-recirculation=\"Mat\u00e9ria - Links no Texto\">\ufe0f\u00a0<strong>07\/08 (quinta-feira)<\/strong><\/p>\n<\/div>\n<\/div>\n<div id=\"chunk-eiat7\">\n<div class=\"mc-column content-text active-extra-styles \" data-block-type=\"unstyled\" data-block-weight=\"6\" data-block-id=\"293\">\n<p class=\" content-text__container \" data-track-category=\"Link no Texto\" data-track-links=\"\" data-mrf-recirculation=\"Mat\u00e9ria - Links no Texto\">15h \u2013 Roda de conversa<\/p>\n<\/div>\n<\/div>\n<div id=\"chunk-9vpja\">\n<div class=\"mc-column content-text active-extra-styles\" data-block-type=\"raw\" data-block-weight=\"24\" data-block-id=\"294\">\n<ul class=\"content-unordered-list\">\n<li>Tema: Forma\u00e7\u00e3o, interdisciplinaridade e pr\u00e1ticas pedag\u00f3gicas<\/li>\n<li>Participantes: Rosilda Arruda Ferreira (EdUFRB), Jeferson da Silva Moreira (Eduefs), Anderon Melhor Miranda (EdUFRB)<\/li>\n<li>Media\u00e7\u00e3o: Luiza Ramos (Edufba)<\/li>\n<\/ul>\n<p>&nbsp;<\/p>\n<\/div>\n<\/div>\n<div id=\"chunk-bkpo5\">\n<div class=\"content-ads content-ads--reveal\" data-block-type=\"ads\" data-block-id=\"295\"><\/div>\n<\/div>\n<div id=\"chunk-jri3\">\n<div class=\"mc-column content-text active-extra-styles \" data-block-type=\"unstyled\" data-block-weight=\"4\" data-block-id=\"296\">\n<p class=\" content-text__container \" data-track-category=\"Link no Texto\" data-track-links=\"\" data-mrf-recirculation=\"Mat\u00e9ria - Links no Texto\">18h \u2013 Mesa<\/p>\n<\/div>\n<\/div>\n<div id=\"chunk-c1gkc\">\n<div class=\"mc-column content-text active-extra-styles\" data-block-type=\"raw\" data-block-weight=\"20\" data-block-id=\"297\">\n<ul class=\"content-unordered-list\">\n<li>Tema: Editar mulheres: insubordina\u00e7\u00e3o e representatividade<\/li>\n<li>Participantes: Ana Elisa Ribeiro (CEFET-MG), Priscila Branco (UFRJ)<\/li>\n<li>Media\u00e7\u00e3o: Nancy Rita Ferreira Vieira (UFBA)<\/li>\n<\/ul>\n<p>&nbsp;<\/p>\n<\/div>\n<\/div>\n<div id=\"chunk-7tik9\">\n<div class=\"mc-column content-text active-extra-styles \" data-block-type=\"unstyled\" data-block-weight=\"9\" data-block-id=\"298\">\n<p class=\" content-text__container \" data-track-category=\"Link no Texto\" data-track-links=\"\" data-mrf-recirculation=\"Mat\u00e9ria - Links no Texto\">19h30 \u2013 Lan\u00e7amento coletivo e sess\u00e3o de aut\u00f3grafos<\/p>\n<\/div>\n<\/div>\n<div id=\"chunk-2t48c\">\n<div class=\"mc-column content-text active-extra-styles \" data-block-type=\"unstyled\" data-block-weight=\"3\" data-block-id=\"299\">\n<p class=\" content-text__container \" data-track-category=\"Link no Texto\" data-track-links=\"\" data-mrf-recirculation=\"Mat\u00e9ria - Links no Texto\">\ufe0f\u00a0<strong>08\/08 (sexta-feira)<\/strong><\/p>\n<\/div>\n<\/div>\n<div id=\"chunk-56tji\">\n<div class=\"mc-column content-text active-extra-styles \" data-block-type=\"unstyled\" data-block-weight=\"4\" data-block-id=\"300\">\n<p class=\" content-text__container \" data-track-category=\"Link no Texto\" data-track-links=\"\" data-mrf-recirculation=\"Mat\u00e9ria - Links no Texto\">09h \u2013 Oficina<\/p>\n<\/div>\n<\/div>\n<div id=\"chunk-3qdsq\">\n<div class=\"mc-column content-text active-extra-styles\" data-block-type=\"raw\" data-block-weight=\"12\" data-block-id=\"301\">\n<ul class=\"content-unordered-list\">\n<li>Tema: O que as ladeiras nos contam?<\/li>\n<li>Facilitadora: Simone Marya de Moura<\/li>\n<\/ul>\n<p>&nbsp;<\/p>\n<\/div>\n<\/div>\n<div id=\"chunk-fc9av\">\n<div class=\"mc-column content-text active-extra-styles \" data-block-type=\"unstyled\" data-block-weight=\"4\" data-block-id=\"302\">\n<p class=\" content-text__container \" data-track-category=\"Link no Texto\" data-track-links=\"\" data-mrf-recirculation=\"Mat\u00e9ria - Links no Texto\">10h \u2013 Oficina<\/p>\n<\/div>\n<\/div>\n<div id=\"chunk-30jnm\">\n<div class=\"mc-column content-text active-extra-styles\" data-block-type=\"raw\" data-block-weight=\"12\" data-block-id=\"303\">\n<ul class=\"content-unordered-list\">\n<li>Tema: Cria\u00e7\u00e3o de personagens<\/li>\n<li>Facilitadoras: Maria Luiza Santos (Editus), Elisa Oliveira (Editus)<\/li>\n<\/ul>\n<p>&nbsp;<\/p>\n<\/div>\n<\/div>\n<div id=\"chunk-36ueb\">\n<div class=\"mc-column content-text active-extra-styles \" data-block-type=\"unstyled\" data-block-weight=\"4\" data-block-id=\"304\">\n<p class=\" content-text__container \" data-track-category=\"Link no Texto\" data-track-links=\"\" data-mrf-recirculation=\"Mat\u00e9ria - Links no Texto\">14h \u2013 Oficina<\/p>\n<\/div>\n<\/div>\n<div id=\"chunk-5gfmn\">\n<div class=\"mc-column content-text active-extra-styles\" data-block-type=\"raw\" data-block-weight=\"8\" data-block-id=\"305\">\n<ul class=\"content-unordered-list\">\n<li>Tema: Conta\u00e7\u00e3o de hist\u00f3rias<\/li>\n<li>Facilitadora: Rita Prudente (Editus)<\/li>\n<\/ul>\n<p>&nbsp;<\/p>\n<\/div>\n<\/div>\n<div id=\"chunk-2ndh1\">\n<div class=\"mc-column content-text active-extra-styles \" data-block-type=\"unstyled\" data-block-weight=\"4\" data-block-id=\"306\">\n<p class=\" content-text__container \" data-track-category=\"Link no Texto\" data-track-links=\"\" data-mrf-recirculation=\"Mat\u00e9ria - Links no Texto\">15h \u2013 Mesa<\/p>\n<\/div>\n<\/div>\n<div id=\"chunk-d3lr7\">\n<div class=\"mc-column content-text active-extra-styles\" data-block-type=\"raw\" data-block-weight=\"18\" data-block-id=\"307\">\n<ul class=\"content-unordered-list\">\n<li>Tema: Dramaturgias contempor\u00e2neas<\/li>\n<li>Participantes: Gil Vicente (Edufba), R\u00e9gia Mabel (Edi\u00e7\u00f5es UESB), Tcharly Briglia (Editus)<\/li>\n<li>Media\u00e7\u00e3o: Ricardo Freitas (Editus)<\/li>\n<\/ul>\n<p>&nbsp;<\/p>\n<\/div>\n<\/div>\n<div id=\"chunk-272oj\">\n<div class=\"mc-column content-text active-extra-styles \" data-block-type=\"unstyled\" data-block-weight=\"4\" data-block-id=\"308\">\n<p class=\" content-text__container \" data-track-category=\"Link no Texto\" data-track-links=\"\" data-mrf-recirculation=\"Mat\u00e9ria - Links no Texto\">18h \u2013 Mesa<\/p>\n<\/div>\n<\/div>\n<div id=\"chunk-52r3u\">\n<div class=\"mc-column content-text active-extra-styles\" data-block-type=\"raw\" data-block-weight=\"25\" data-block-id=\"309\">\n<ul class=\"content-unordered-list\">\n<li>Tema: Mundo Isl\u00e2mico e Conflito: identidade e migra\u00e7\u00f5es<\/li>\n<li>Participantes: Maria Luiza Santos (Editus), Hannah Bellini (Edufba), Eumara Macial dos Santos (Eduneb)<\/li>\n<li>Media\u00e7\u00e3o: Tcharly Briglia (Editus)<\/li>\n<\/ul>\n<p>&nbsp;<\/p>\n<\/div>\n<\/div>\n<div id=\"chunk-a6ag7\">\n<div class=\"mc-column content-text active-extra-styles \" data-block-type=\"unstyled\" data-block-weight=\"3\" data-block-id=\"310\">\n<p class=\" content-text__container \" data-track-category=\"Link no Texto\" data-track-links=\"\" data-mrf-recirculation=\"Mat\u00e9ria - Links no Texto\"><strong>\ufe0f 09\/08 (s\u00e1bado)<\/strong><\/p>\n<\/div>\n<\/div>\n<div id=\"chunk-escj0\">\n<div class=\"mc-column content-text active-extra-styles \" data-block-type=\"unstyled\" data-block-weight=\"4\" data-block-id=\"311\">\n<p class=\" content-text__container \" data-track-category=\"Link no Texto\" data-track-links=\"\" data-mrf-recirculation=\"Mat\u00e9ria - Links no Texto\">09h \u2013 Oficina<\/p>\n<\/div>\n<\/div>\n<div id=\"chunk-61l1d\">\n<div class=\"mc-column content-text active-extra-styles\" data-block-type=\"raw\" data-block-weight=\"8\" data-block-id=\"312\">\n<ul class=\"content-unordered-list\">\n<li>Tema: Conta\u00e7\u00e3o de hist\u00f3rias<\/li>\n<li>Facilitadora: Rosy Lapa (Eduneb)<\/li>\n<\/ul>\n<p>&nbsp;<\/p>\n<\/div>\n<\/div>\n<div id=\"chunk-cjpgc\">\n<div class=\"mc-column content-text active-extra-styles \" data-block-type=\"unstyled\" data-block-weight=\"4\" data-block-id=\"313\">\n<p class=\" content-text__container \" data-track-category=\"Link no Texto\" data-track-links=\"\" data-mrf-recirculation=\"Mat\u00e9ria - Links no Texto\">10h \u2013 Mesa<\/p>\n<\/div>\n<\/div>\n<div id=\"chunk-6mhet\">\n<div class=\"mc-column content-text active-extra-styles\" data-block-type=\"raw\" data-block-weight=\"20\" data-block-id=\"314\">\n<ul class=\"content-unordered-list\">\n<li>Tema: Corpo e decolonialidade<\/li>\n<li>Participantes: Mestre Nenel (Edufba), Dyane Brito (EdUFRB), Pedro Carvalho (Editus)<\/li>\n<li>Media\u00e7\u00e3o: Lu\u00eds Vitor Castro J\u00fanior (Edufba)<\/li>\n<\/ul>\n<p>&nbsp;<\/p>\n<\/div>\n<\/div>\n<div id=\"chunk-f7ops\">\n<div class=\"mc-column content-text active-extra-styles \" data-block-type=\"unstyled\" data-block-weight=\"4\" data-block-id=\"315\">\n<p class=\" content-text__container \" data-track-category=\"Link no Texto\" data-track-links=\"\" data-mrf-recirculation=\"Mat\u00e9ria - Links no Texto\">14h \u2013 Oficina<\/p>\n<\/div>\n<\/div>\n<div id=\"chunk-2sg0v\">\n<div class=\"mc-column content-text active-extra-styles\" data-block-type=\"raw\" data-block-weight=\"9\" data-block-id=\"316\">\n<ul class=\"content-unordered-list\">\n<li>Tema: Conta\u00e7\u00e3o de hist\u00f3rias<\/li>\n<li>Facilitadora: Simone de Paula (Eduneb)<\/li>\n<\/ul>\n<p>&nbsp;<\/p>\n<\/div>\n<\/div>\n<div id=\"chunk-30g9c\">\n<div class=\"mc-column content-text active-extra-styles \" data-block-type=\"unstyled\" data-block-weight=\"4\" data-block-id=\"317\">\n<p class=\" content-text__container \" data-track-category=\"Link no Texto\" data-track-links=\"\" data-mrf-recirculation=\"Mat\u00e9ria - Links no Texto\">15h \u2013 Mesa<\/p>\n<\/div>\n<\/div>\n<div id=\"chunk-8e6ne\">\n<div class=\"mc-column content-text active-extra-styles\" data-block-type=\"raw\" data-block-weight=\"20\" data-block-id=\"318\">\n<ul class=\"content-unordered-list\">\n<li>Tema: Mulheres negras nas ci\u00eancias<\/li>\n<li>Participantes: Elisa Oliveira (Editus), Sandra Maria Silva (Edufba), Denize Ribeiro (EdUFRB)<\/li>\n<li>Media\u00e7\u00e3o: Camila Oliveira (TVBA)<\/li>\n<\/ul>\n<\/div>\n<\/div>\n<div id=\"chunk-7ehbe\">\n<div class=\"mc-column content-text active-extra-styles \" data-block-type=\"unstyled\" data-block-weight=\"9\" data-block-id=\"320\">\n<p class=\" content-text__container \" data-track-category=\"Link no Texto\" data-track-links=\"\" data-mrf-recirculation=\"Mat\u00e9ria - Links no Texto\">18h \u2013 Lan\u00e7amento coletivo e sess\u00e3o de aut\u00f3grafos<\/p>\n<\/div>\n<\/div>\n<div id=\"chunk-eq05p\">\n<div class=\"mc-column content-text active-extra-styles \" data-block-type=\"unstyled\" data-block-weight=\"7\" data-block-id=\"321\">\n<p class=\" content-text__container \" data-track-category=\"Link no Texto\" data-track-links=\"\" data-mrf-recirculation=\"Mat\u00e9ria - Links no Texto\"><strong>\u00a0Museu Nacional de Enfermagem \u2013 MuNean<\/strong><\/p>\n<\/div>\n<\/div>\n<div id=\"chunk-dt849\">\n<div class=\"mc-column content-text active-extra-styles \" data-block-type=\"unstyled\" data-block-weight=\"3\" data-block-id=\"322\">\n<p class=\" content-text__container \" data-track-category=\"Link no Texto\" data-track-links=\"\" data-mrf-recirculation=\"Mat\u00e9ria - Links no Texto\"><strong>\ufe0f 07\/08 (quinta-feira)<\/strong><\/p>\n<\/div>\n<\/div>\n<div id=\"chunk-2q06m\">\n<div class=\"mc-column content-text active-extra-styles \" data-block-type=\"unstyled\" data-block-weight=\"6\" data-block-id=\"323\">\n<p class=\" content-text__container \" data-track-category=\"Link no Texto\" data-track-links=\"\" data-mrf-recirculation=\"Mat\u00e9ria - Links no Texto\">11h \u2013 Roda de conversa<\/p>\n<\/div>\n<\/div>\n<div id=\"chunk-a2t8o\">\n<div class=\"mc-column content-text active-extra-styles\" data-block-type=\"raw\" data-block-weight=\"11\" data-block-id=\"324\">\n<ul class=\"content-unordered-list\">\n<li>Tema: Autoestima, afeto e acessibilidade conectando pessoas<\/li>\n<li>Participante: Glady Maria (BA)<\/li>\n<\/ul>\n<p>&nbsp;<\/p>\n<\/div>\n<\/div>\n<div id=\"chunk-890a1\">\n<div class=\"mc-column content-text active-extra-styles \" data-block-type=\"unstyled\" data-block-weight=\"3\" data-block-id=\"325\">\n<p class=\" content-text__container \" data-track-category=\"Link no Texto\" data-track-links=\"\" data-mrf-recirculation=\"Mat\u00e9ria - Links no Texto\"><strong>\ufe0f 08\/08 (sexta-feira)<\/strong><\/p>\n<\/div>\n<\/div>\n<div id=\"chunk-2h67k\">\n<div class=\"mc-column content-text active-extra-styles \" data-block-type=\"unstyled\" data-block-weight=\"6\" data-block-id=\"326\">\n<p class=\" content-text__container \" data-track-category=\"Link no Texto\" data-track-links=\"\" data-mrf-recirculation=\"Mat\u00e9ria - Links no Texto\">14h \u00e0s 16h \u2013 Oficina<\/p>\n<\/div>\n<\/div>\n<div id=\"chunk-cckls\">\n<div class=\"mc-column content-text active-extra-styles\" data-block-type=\"raw\" data-block-weight=\"17\" data-block-id=\"327\">\n<ul class=\"content-unordered-list\">\n<li>Tema: LiterDef \u2013 protagonismo na literatura de pessoas com defici\u00eancia<\/li>\n<li>Facilitadora: Amanda Soares \u2013 PcD Perigosa (BA)<\/li>\n<\/ul>\n<p>&nbsp;<\/p>\n<\/div>\n<\/div>\n<div id=\"chunk-4pfup\">\n<div class=\"mc-column content-text active-extra-styles \" data-block-type=\"unstyled\" data-block-weight=\"3\" data-block-id=\"328\">\n<p class=\" content-text__container \" data-track-category=\"Link no Texto\" data-track-links=\"\" data-mrf-recirculation=\"Mat\u00e9ria - Links no Texto\">\ufe0f\u00a0<strong>09\/08 (s\u00e1bado)<\/strong><\/p>\n<\/div>\n<\/div>\n<div id=\"chunk-b1dtv\">\n<div class=\"mc-column content-text active-extra-styles \" data-block-type=\"unstyled\" data-block-weight=\"8\" data-block-id=\"329\">\n<p class=\" content-text__container \" data-track-category=\"Link no Texto\" data-track-links=\"\" data-mrf-recirculation=\"Mat\u00e9ria - Links no Texto\">10h \u00e0s 12h \u2013 Roda de conversa<\/p>\n<\/div>\n<\/div>\n<div id=\"chunk-f6bp\">\n<div class=\"mc-column content-text active-extra-styles\" data-block-type=\"raw\" data-block-weight=\"20\" data-block-id=\"330\">\n<ul class=\"content-unordered-list\">\n<li>Tema: Palavras afetivas \u2013 pr\u00e1ticas de media\u00e7\u00e3o de leitura para crian\u00e7as neurodivergentes<\/li>\n<li>Participante: Alexandra Patroc\u00ednio (BA)<\/li>\n<li>Media\u00e7\u00e3o: Bruno Machado (BA)<\/li>\n<\/ul>\n<p>&nbsp;<\/p>\n<\/div>\n<\/div>\n<div id=\"chunk-dj5i2\">\n<div class=\"mc-column content-text active-extra-styles \" data-block-type=\"unstyled\" data-block-weight=\"3\" data-block-id=\"331\">\n<p class=\" content-text__container \" data-track-category=\"Link no Texto\" data-track-links=\"\" data-mrf-recirculation=\"Mat\u00e9ria - Links no Texto\"><strong>\ufe0f 10\/08 (domingo)<\/strong><\/p>\n<\/div>\n<\/div>\n<div id=\"chunk-36mk1\">\n<div class=\"mc-column content-text active-extra-styles \" data-block-type=\"unstyled\" data-block-weight=\"8\" data-block-id=\"332\">\n<p class=\" content-text__container \" data-track-category=\"Link no Texto\" data-track-links=\"\" data-mrf-recirculation=\"Mat\u00e9ria - Links no Texto\">14h \u00e0s 16h \u2013 Roda de conversa<\/p>\n<\/div>\n<\/div>\n<div id=\"chunk-ojeu\">\n<div class=\"mc-column content-text active-extra-styles\" data-block-type=\"raw\" data-block-weight=\"29\" data-block-id=\"333\">\n<ul class=\"content-unordered-list\">\n<li>Tema: A leitura tem de ir aonde o povo est\u00e1 \u2013 pr\u00e1ticas de media\u00e7\u00e3o de leitura em bibliotecas<\/li>\n<li>Participantes: Catarina Assis (BA), Soraia Alves (BA)<\/li>\n<li>Media\u00e7\u00e3o: Ananda Luz (BA)<\/li>\n<\/ul>\n<p>&nbsp;<\/p>\n<\/div>\n<\/div>\n<div id=\"chunk-5dsqo\">\n<div class=\"mc-column content-text active-extra-styles \" data-block-type=\"unstyled\" data-block-weight=\"6\" data-block-id=\"334\">\n<p class=\" content-text__container \" data-track-category=\"Link no Texto\" data-track-links=\"\" data-mrf-recirculation=\"Mat\u00e9ria - Links no Texto\"><strong><img decoding=\"async\" class=\"emoji\" role=\"img\" draggable=\"false\" src=\"https:\/\/s.w.org\/images\/core\/emoji\/16.0.1\/svg\/27a1.svg\" alt=\"\u27a1\ufe0f\" \/>\u00a0Atividades Fixas (06 a 10\/08)<\/strong><\/p>\n<\/div>\n<\/div>\n<div id=\"chunk-2i504\">\n<div class=\"mc-column content-text active-extra-styles \" data-block-type=\"unstyled\" data-block-weight=\"8\" data-block-id=\"335\">\n<p class=\" content-text__container \" data-track-category=\"Link no Texto\" data-track-links=\"\" data-mrf-recirculation=\"Mat\u00e9ria - Links no Texto\">RODA DA SUSTENTABILIDADE \u2013 9h \u00e0s 18h<\/p>\n<\/div>\n<\/div>\n<div id=\"chunk-7t28a\">\n<div class=\"mc-column content-text active-extra-styles \" data-block-type=\"unstyled\" data-block-weight=\"29\" data-block-id=\"336\">\n<p class=\" content-text__container \" data-track-category=\"Link no Texto\" data-track-links=\"\" data-mrf-recirculation=\"Mat\u00e9ria - Links no Texto\">Espa\u00e7o verde da Flipel\u00f4 para conversar sobre temas ambientais, reutiliza\u00e7\u00e3o de res\u00edduos, distribui\u00e7\u00e3o de mudas e arrecada\u00e7\u00e3o de livros para o projeto \u201cCircule um livro\u201d com apoio da ABAF.<\/p>\n<\/div>\n<\/div>\n<div id=\"chunk-a9gum\">\n<div class=\"mc-column content-text active-extra-styles \" data-block-type=\"unstyled\" data-block-weight=\"7\" data-block-id=\"337\">\n<p class=\" content-text__container \" data-track-category=\"Link no Texto\" data-track-links=\"\" data-mrf-recirculation=\"Mat\u00e9ria - Links no Texto\">ESPA\u00c7O ACESSIBILIDADE \u2013 9h \u00e0s 18h<\/p>\n<\/div>\n<\/div>\n<div id=\"chunk-6kcdk\">\n<div class=\"mc-column content-text active-extra-styles \" data-block-type=\"unstyled\" data-block-weight=\"13\" data-block-id=\"338\">\n<p class=\" content-text__container \" data-track-category=\"Link no Texto\" data-track-links=\"\" data-mrf-recirculation=\"Mat\u00e9ria - Links no Texto\">Receptivo com acolhimento para pessoas com defici\u00eancia e em situa\u00e7\u00e3o de vulnerabilidade social.<\/p>\n<\/div>\n<\/div>\n<div id=\"chunk-4rkuf\">\n<div class=\"mc-column content-text active-extra-styles \" data-block-type=\"unstyled\" data-block-weight=\"5\" data-block-id=\"339\">\n<p class=\" content-text__container \" data-track-category=\"Link no Texto\" data-track-links=\"\" data-mrf-recirculation=\"Mat\u00e9ria - Links no Texto\"><strong>\u00a0Pra\u00e7a Terreiro de Jesus<\/strong><\/p>\n<\/div>\n<\/div>\n<div id=\"chunk-6ikq4\">\n<div class=\"content-ads content-ads--reveal\" data-block-type=\"ads\" data-block-id=\"340\">\n<div id=\"banner_materia__5bf7612a-9f19-4f1f-8e61-66b238c6d07f\" class=\"tag-manager-publicidade-container tag-manager-publicidade-banner_materia__5bf7612a-9f19-4f1f-8e61-66b238c6d07f tag-manager-publicidade-container--carregado tag-manager-publicidade-container--visivel\" data-google-query-id=\"CNqYqoDG9o4DFVtN3QIdsoYWdw\">\n<div id=\"google_ads_iframe_\/95377733\/tvg_G1\/Sua_Regiao&gt;Nordeste&gt;Bahia_20__container__\"><iframe loading=\"lazy\" id=\"google_ads_iframe_\/95377733\/tvg_G1\/Sua_Regiao&gt;Nordeste&gt;Bahia_20\" tabindex=\"0\" title=\"3rd party ad content\" src=\"https:\/\/ba4fbf12597b9462decc74c08473241c.safeframe.googlesyndication.com\/safeframe\/1-0-45\/html\/container.html\" name=\"\" width=\"1\" height=\"1\" frameborder=\"0\" marginwidth=\"0\" marginheight=\"0\" scrolling=\"no\" sandbox=\"allow-forms allow-popups allow-popups-to-escape-sandbox allow-same-origin allow-scripts allow-top-navigation-by-user-activation\" data-is-safeframe=\"true\" aria-label=\"Advertisement\" data-google-container-id=\"l\" data-load-complete=\"true\" data-mce-fragment=\"1\"><\/iframe><\/div>\n<\/div>\n<\/div>\n<\/div>\n<div id=\"chunk-ff13q\">\n<div class=\"mc-column content-text active-extra-styles \" data-block-type=\"unstyled\" data-block-weight=\"8\" data-block-id=\"341\">\n<p class=\" content-text__container \" data-track-category=\"Link no Texto\" data-track-links=\"\" data-mrf-recirculation=\"Mat\u00e9ria - Links no Texto\"><strong>\ufe0f de 06 a 10\/08 (quarta-feira a domingo)<\/strong><\/p>\n<\/div>\n<\/div>\n<div id=\"chunk-c7uhl\">\n<div class=\"mc-column content-text active-extra-styles \" data-block-type=\"unstyled\" data-block-weight=\"9\" data-block-id=\"342\">\n<p class=\" content-text__container \" data-track-category=\"Link no Texto\" data-track-links=\"\" data-mrf-recirculation=\"Mat\u00e9ria - Links no Texto\">Roda da Sustentabilidade \u2013 das 9h \u00e0s 18h<\/p>\n<\/div>\n<\/div>\n<div id=\"chunk-8hg3l\">\n<div class=\"mc-column content-text active-extra-styles \" data-block-type=\"unstyled\" data-block-weight=\"16\" data-block-id=\"343\">\n<p class=\" content-text__container \" data-track-category=\"Link no Texto\" data-track-links=\"\" data-mrf-recirculation=\"Mat\u00e9ria - Links no Texto\">Um espa\u00e7o verde da Flipel\u00f4 voltado a discuss\u00f5es e pr\u00e1ticas sobre meio ambiente. As atividades incluem:<\/p>\n<\/div>\n<\/div>\n<div id=\"chunk-q2fe\">\n<div class=\"mc-column content-text active-extra-styles\" data-block-type=\"raw\" data-block-weight=\"34\" data-block-id=\"344\">\n<ul class=\"content-unordered-list\">\n<li>Conversas sobre sustentabilidade<\/li>\n<li>Demonstra\u00e7\u00f5es de reutiliza\u00e7\u00e3o de res\u00edduos<\/li>\n<li>Distribui\u00e7\u00e3o de mudas para plantio<\/li>\n<li>Arrecada\u00e7\u00e3o de livros para o projeto \u201cCircule um livro\u201d, com apoio da ABAF \u2013 Associa\u00e7\u00e3o Baiana das Empresas de Base Florestal<\/li>\n<\/ul>\n<p>&nbsp;<\/p>\n<\/div>\n<\/div>\n<div id=\"chunk-3971q\">\n<div class=\"mc-column content-text active-extra-styles \" data-block-type=\"unstyled\" data-block-weight=\"8\" data-block-id=\"345\">\n<p class=\" content-text__container \" data-track-category=\"Link no Texto\" data-track-links=\"\" data-mrf-recirculation=\"Mat\u00e9ria - Links no Texto\">Espa\u00e7o Acessibilidade \u2013 das 9h \u00e0s 18h<\/p>\n<\/div>\n<\/div>\n<div id=\"chunk-14p8n\">\n<div class=\"mc-column content-text active-extra-styles\" data-block-type=\"raw\" data-block-weight=\"24\" data-block-id=\"346\">\n<ul class=\"content-unordered-list\">\n<li>Ponto de apoio e acolhimento dedicado a pessoas com defici\u00eancia e em situa\u00e7\u00e3o de vulnerabilidade social, com equipe especializada para garantir inclus\u00e3o e conforto.<\/li>\n<\/ul>\n<p>&nbsp;<\/p>\n<\/div>\n<\/div>\n<div id=\"chunk-bgg6m\">\n<div class=\"mc-column content-text active-extra-styles \" data-block-type=\"unstyled\" data-block-weight=\"9\" data-block-id=\"347\">\n<p class=\" content-text__container \" data-track-category=\"Link no Texto\" data-track-links=\"\" data-mrf-recirculation=\"Mat\u00e9ria - Links no Texto\">\ufe0f\u00a0<strong>Exposi\u00e7\u00f5es em diversos espa\u00e7os pr\u00f3ximos (06 a 10\/08)<\/strong><\/p>\n<\/div>\n<\/div>\n<div id=\"chunk-fctpn\">\n<div class=\"mc-column content-text active-extra-styles \" data-block-type=\"unstyled\" data-block-weight=\"7\" data-block-id=\"348\">\n<p class=\" content-text__container \" data-track-category=\"Link no Texto\" data-track-links=\"\" data-mrf-recirculation=\"Mat\u00e9ria - Links no Texto\">Esta\u00e7\u00e3o Metr\u00f4 \u2013 Campo da P\u00f3lvora<\/p>\n<\/div>\n<\/div>\n<div id=\"chunk-ao37v\">\n<div class=\"mc-column content-text active-extra-styles\" data-block-type=\"raw\" data-block-weight=\"3\" data-block-id=\"349\">\n<ul class=\"content-unordered-list\">\n<li>Exposi\u00e7\u00e3o: Amados Olhares<\/li>\n<\/ul>\n<p>&nbsp;<\/p>\n<\/div>\n<\/div>\n<div id=\"chunk-a1s99\">\n<div class=\"mc-column content-text active-extra-styles \" data-block-type=\"unstyled\" data-block-weight=\"5\" data-block-id=\"350\">\n<p class=\" content-text__container \" data-track-category=\"Link no Texto\" data-track-links=\"\" data-mrf-recirculation=\"Mat\u00e9ria - Links no Texto\">Museu Eug\u00eanio Teixeira Leal<\/p>\n<\/div>\n<\/div>\n<div id=\"chunk-9kbil\">\n<div class=\"mc-column content-text active-extra-styles\" data-block-type=\"raw\" data-block-weight=\"13\" data-block-id=\"351\">\n<ul class=\"content-unordered-list\">\n<li>Exposi\u00e7\u00e3o: Meu Amado \u2013 Nosso olhar feminino sobre os livros de Jorge Amado<\/li>\n<\/ul>\n<p>&nbsp;<\/p>\n<\/div>\n<\/div>\n<div id=\"chunk-4aurl\">\n<div class=\"mc-column content-text active-extra-styles \" data-block-type=\"unstyled\" data-block-weight=\"6\" data-block-id=\"352\">\n<p class=\" content-text__container \" data-track-category=\"Link no Texto\" data-track-links=\"\" data-mrf-recirculation=\"Mat\u00e9ria - Links no Texto\">Igreja do Ros\u00e1rio dos Pretos<\/p>\n<\/div>\n<\/div>\n<div id=\"chunk-8720n\">\n<div class=\"mc-column content-text active-extra-styles \" data-block-type=\"unstyled\" data-block-weight=\"1\" data-block-id=\"353\">\n<p class=\" content-text__container \" data-track-category=\"Link no Texto\" data-track-links=\"\" data-mrf-recirculation=\"Mat\u00e9ria - Links no Texto\">Exposi\u00e7\u00f5es:<\/p>\n<\/div>\n<\/div>\n<div id=\"chunk-120ar\">\n<div class=\"mc-column content-text active-extra-styles\" data-block-type=\"raw\" data-block-weight=\"6\" data-block-id=\"354\">\n<ul class=\"content-unordered-list\">\n<li>Di\u00e1spora Arte<\/li>\n<li>Resist\u00eancia de um povo<\/li>\n<\/ul>\n<p>&nbsp;<\/p>\n<\/div>\n<\/div>\n<div id=\"chunk-bk422\">\n<div class=\"mc-column content-text active-extra-styles \" data-block-type=\"unstyled\" data-block-weight=\"3\" data-block-id=\"355\">\n<p class=\" content-text__container \" data-track-category=\"Link no Texto\" data-track-links=\"\" data-mrf-recirculation=\"Mat\u00e9ria - Links no Texto\">Espa\u00e7o UNO<\/p>\n<\/div>\n<\/div>\n<div id=\"chunk-4uioq\">\n<div class=\"mc-column content-text active-extra-styles\" data-block-type=\"raw\" data-block-weight=\"13\" data-block-id=\"356\">\n<ul class=\"content-unordered-list\">\n<li>Exposi\u00e7\u00e3o: Dias Gomes \u2013 o Brasil em cena<\/li>\n<li>Evento Especial (07\/08 \u2013 Quinta-feira)<\/li>\n<\/ul>\n<p>&nbsp;<\/p>\n<\/div>\n<\/div>\n<div id=\"chunk-317fm\">\n<div class=\"mc-column content-text active-extra-styles \" data-block-type=\"unstyled\" data-block-weight=\"6\" data-block-id=\"357\">\n<p class=\" content-text__container \" data-track-category=\"Link no Texto\" data-track-links=\"\" data-mrf-recirculation=\"Mat\u00e9ria - Links no Texto\">17h30 \u2013 Lan\u00e7amento do livro<\/p>\n<\/div>\n<\/div>\n<div id=\"chunk-17su\">\n<div class=\"mc-column content-text active-extra-styles\" data-block-type=\"raw\" data-block-weight=\"25\" data-block-id=\"358\">\n<ul class=\"content-unordered-list\">\n<li>T\u00edtulo: Cartas Dias Gomes Jorge Amado \u2013 Cole\u00e7\u00e3o Um Gesto de Amizade<\/li>\n<li>Editora: Casa de Palavras<\/li>\n<li>Participa\u00e7\u00f5es confirmadas: Paloma Jorge Amado e Tatiana Dias Gomes<\/li>\n<\/ul>\n<p>&nbsp;<\/p>\n<\/div>\n<\/div>\n<div id=\"chunk-46cda\">\n<div class=\"mc-column content-text active-extra-styles \" data-block-type=\"unstyled\" data-block-weight=\"6\" data-block-id=\"359\">\n<p class=\" content-text__container \" data-track-category=\"Link no Texto\" data-track-links=\"\" data-mrf-recirculation=\"Mat\u00e9ria - Links no Texto\">Local do evento: Palacete Tira-Chap\u00e9u<\/p>\n<\/div>\n<\/div>\n<\/div>\n<\/div>\n<\/div>\n<\/div>\n<\/div>\n<\/div>\n<\/div>\n","protected":false},"excerpt":{"rendered":"<p>A Festa Liter\u00e1ria Internacional do Pelourinho (Flipel\u00f4) tem in\u00edcio nesta quarta-feira (6), com a abertura oficial \u00e0s 19h, no Palco Flipel\u00f4, no Largo do Pelourinho, com o espet\u00e1culo teatral \u201cOs Dias Bem-Amados\u201d. At\u00e9 o pr\u00f3ximo domingo (10), uma rica programa\u00e7\u00e3o cultural toma conta dos principais pontos do Centro Hist\u00f3rico de Salvador. Este ano, o evento [&hellip;]<\/p>\n","protected":false},"author":1,"featured_media":13548,"comment_status":"open","ping_status":"closed","sticky":false,"template":"","format":"standard","meta":{"jnews-multi-image_gallery":[],"jnews_single_post":[],"jnews_primary_category":[],"footnotes":""},"categories":[224],"tags":[],"class_list":["post-13546","post","type-post","status-publish","format-standard","has-post-thumbnail","hentry","category-flipelo-2025"],"_links":{"self":[{"href":"https:\/\/cidadebaixaonline.com.br\/index.php\/wp-json\/wp\/v2\/posts\/13546","targetHints":{"allow":["GET"]}}],"collection":[{"href":"https:\/\/cidadebaixaonline.com.br\/index.php\/wp-json\/wp\/v2\/posts"}],"about":[{"href":"https:\/\/cidadebaixaonline.com.br\/index.php\/wp-json\/wp\/v2\/types\/post"}],"author":[{"embeddable":true,"href":"https:\/\/cidadebaixaonline.com.br\/index.php\/wp-json\/wp\/v2\/users\/1"}],"replies":[{"embeddable":true,"href":"https:\/\/cidadebaixaonline.com.br\/index.php\/wp-json\/wp\/v2\/comments?post=13546"}],"version-history":[{"count":1,"href":"https:\/\/cidadebaixaonline.com.br\/index.php\/wp-json\/wp\/v2\/posts\/13546\/revisions"}],"predecessor-version":[{"id":13547,"href":"https:\/\/cidadebaixaonline.com.br\/index.php\/wp-json\/wp\/v2\/posts\/13546\/revisions\/13547"}],"wp:featuredmedia":[{"embeddable":true,"href":"https:\/\/cidadebaixaonline.com.br\/index.php\/wp-json\/wp\/v2\/media\/13548"}],"wp:attachment":[{"href":"https:\/\/cidadebaixaonline.com.br\/index.php\/wp-json\/wp\/v2\/media?parent=13546"}],"wp:term":[{"taxonomy":"category","embeddable":true,"href":"https:\/\/cidadebaixaonline.com.br\/index.php\/wp-json\/wp\/v2\/categories?post=13546"},{"taxonomy":"post_tag","embeddable":true,"href":"https:\/\/cidadebaixaonline.com.br\/index.php\/wp-json\/wp\/v2\/tags?post=13546"}],"curies":[{"name":"wp","href":"https:\/\/api.w.org\/{rel}","templated":true}]}}