{"id":13540,"date":"2025-08-05T14:08:45","date_gmt":"2025-08-05T17:08:45","guid":{"rendered":"https:\/\/cidadebaixaonline.com.br\/?p=13540"},"modified":"2025-08-05T14:08:45","modified_gmt":"2025-08-05T17:08:45","slug":"prefeitura-inagura-novo-camelodromo-com-capacidade-para-30-ambulantes-em-plataforma","status":"publish","type":"post","link":"https:\/\/cidadebaixaonline.com.br\/index.php\/2025\/08\/05\/prefeitura-inagura-novo-camelodromo-com-capacidade-para-30-ambulantes-em-plataforma\/","title":{"rendered":"Prefeitura inagura novo camel\u00f3dromo com capacidade para 30 ambulantes em Plataforma"},"content":{"rendered":"<p><span style=\"font-size: 16px;\">A prefeitura de Salvador inagurou na manh\u00e3 desta ter\u00e7a-feira (5), um novo camel\u00f3dromo no Largo do Luso, em Plataforma. O equipamento, inagurado pelo prefeito Bruno Reis (Uni\u00e3o Brasil) e o secret\u00e1rio municipal de Ordem P\u00fablica (Semop), ser\u00e1 equipado com cobertura isot\u00e9rmica e capacidade para cerca de 30 ambulantes.<\/span><\/p>\n<div class=\"materia\">\n<div class=\"conteudo_post\">\n<p>A obra que tem como parceria o grupo Atakarejo, atrav\u00e9s de uma contrapartida, ap\u00f3s a rede varejista inaugurar, tamb\u00e9m nesta ter\u00e7a, uma unidade do mercado na regi\u00e3o.<\/p>\n<p>\u201cNeste camel\u00f3dromo, foi colocada uma cobertura isot\u00e9rmica que tem a capacidade de proteger os camel\u00f4s, ambulantes e feirantes da chuva e do sol, coisa que n\u00e3o tinha antes. Os trabalhadores tamb\u00e9m ganharam novas barracas. Na pr\u00e1tica, tudo isso vai valorizar o com\u00e9rcio de rua daqui do Luso, o que vai trazer mais incremento \u00e0 renda desses trabalhadores e conforto para quem vier adquirir os produtos\u201d, afirmou Bruno Reis.<\/p>\n<p>O prefeito refor\u00e7ou a parceria do poder p\u00fablico junto \u00e0 iniciativa privada para promover mais desenvolvimento econ\u00f4mico para a capital baiana. A nova unidade do Atakarejo em Plataforma, por exemplo, vai gerar 2 mil postos de trabalho.<\/p>\n<p>\u201cDigo sempre que o maior projeto social de qualquer prefeitura \u00e9 a gera\u00e7\u00e3o de emprego e renda. Sempre que uma grande loja vai se instalar aqui, a gente, em comum acordo, pede ao empres\u00e1rio que tamb\u00e9m invista na cidade, que d\u00ea alguma contrapartida. Tem sido essa l\u00f3gica com todos os empreendimentos que est\u00e3o se instalando em Salvador. Por isso, damos as condi\u00e7\u00f5es necess\u00e1rias, agilizando os processos para abertura de novos neg\u00f3cios\u201d, frisou o prefeito.<\/p>\n<p>O novo camel\u00f3dromo possui 120 metros quadrados e traz mais ordenamento para o com\u00e9rcio informal. O espa\u00e7o engloba vendedores de frutas, verduras, lanches e chaveiro. Antes da instala\u00e7\u00e3o do espa\u00e7o, a Prefeitura realizou um processo de selagem e cadastramento dos ambulantes que j\u00e1 atuavam na \u00e1rea.<\/p>\n<div>\n<div class=\"trv-player-container\">\n<div class=\"trv-wrapper\">\n<div id=\"br_video_player_997d7d1159ae073bc7a60adb9b06049dc3c659f9\" class=\"trvd_video_player trvdfloater trv-right\">\n<div class=\"loader-bg-transparent\">\n<div class=\"loader-transparent\">\u201cEssa estrutura vai proteger e conservar todas as mercadorias desses trabalhadores. Era um sonho antigo da comunidade. Quem passava por aqui via o com\u00e9rcio funcionando de forma desordenada, com barracas improvisadas. Agora, os trabalhadores t\u00eam dignidade para exercer suas atividades, com um lugar adequado e mais seguran\u00e7a\u201d, afirmou o titular da Semop, D\u00e9cio Martins<\/div>\n<\/div>\n<\/div>\n<\/div>\n<\/div>\n<\/div>\n<\/div>\n<\/div>\n","protected":false},"excerpt":{"rendered":"<p>A prefeitura de Salvador inagurou na manh\u00e3 desta ter\u00e7a-feira (5), um novo camel\u00f3dromo no Largo do Luso, em Plataforma. O equipamento, inagurado pelo prefeito Bruno Reis (Uni\u00e3o Brasil) e o secret\u00e1rio municipal de Ordem P\u00fablica (Semop), ser\u00e1 equipado com cobertura isot\u00e9rmica e capacidade para cerca de 30 ambulantes. A obra que tem como parceria o [&hellip;]<\/p>\n","protected":false},"author":1,"featured_media":13542,"comment_status":"open","ping_status":"closed","sticky":false,"template":"","format":"standard","meta":{"jnews-multi-image_gallery":[],"jnews_single_post":[],"jnews_primary_category":[],"footnotes":""},"categories":[222],"tags":[],"class_list":["post-13540","post","type-post","status-publish","format-standard","has-post-thumbnail","hentry","category-novo-camelodromo"],"_links":{"self":[{"href":"https:\/\/cidadebaixaonline.com.br\/index.php\/wp-json\/wp\/v2\/posts\/13540","targetHints":{"allow":["GET"]}}],"collection":[{"href":"https:\/\/cidadebaixaonline.com.br\/index.php\/wp-json\/wp\/v2\/posts"}],"about":[{"href":"https:\/\/cidadebaixaonline.com.br\/index.php\/wp-json\/wp\/v2\/types\/post"}],"author":[{"embeddable":true,"href":"https:\/\/cidadebaixaonline.com.br\/index.php\/wp-json\/wp\/v2\/users\/1"}],"replies":[{"embeddable":true,"href":"https:\/\/cidadebaixaonline.com.br\/index.php\/wp-json\/wp\/v2\/comments?post=13540"}],"version-history":[{"count":1,"href":"https:\/\/cidadebaixaonline.com.br\/index.php\/wp-json\/wp\/v2\/posts\/13540\/revisions"}],"predecessor-version":[{"id":13541,"href":"https:\/\/cidadebaixaonline.com.br\/index.php\/wp-json\/wp\/v2\/posts\/13540\/revisions\/13541"}],"wp:featuredmedia":[{"embeddable":true,"href":"https:\/\/cidadebaixaonline.com.br\/index.php\/wp-json\/wp\/v2\/media\/13542"}],"wp:attachment":[{"href":"https:\/\/cidadebaixaonline.com.br\/index.php\/wp-json\/wp\/v2\/media?parent=13540"}],"wp:term":[{"taxonomy":"category","embeddable":true,"href":"https:\/\/cidadebaixaonline.com.br\/index.php\/wp-json\/wp\/v2\/categories?post=13540"},{"taxonomy":"post_tag","embeddable":true,"href":"https:\/\/cidadebaixaonline.com.br\/index.php\/wp-json\/wp\/v2\/tags?post=13540"}],"curies":[{"name":"wp","href":"https:\/\/api.w.org\/{rel}","templated":true}]}}