{"id":13534,"date":"2025-08-05T13:18:24","date_gmt":"2025-08-05T16:18:24","guid":{"rendered":"https:\/\/cidadebaixaonline.com.br\/?p=13534"},"modified":"2025-08-05T13:18:24","modified_gmt":"2025-08-05T16:18:24","slug":"festa-de-santa-dulce-tera-apresentacoes-de-forro-musica-religiosa-e-classica","status":"publish","type":"post","link":"https:\/\/cidadebaixaonline.com.br\/index.php\/2025\/08\/05\/festa-de-santa-dulce-tera-apresentacoes-de-forro-musica-religiosa-e-classica\/","title":{"rendered":"Festa de Santa Dulce ter\u00e1 apresenta\u00e7\u00f5es de forr\u00f3, m\u00fasica religiosa e cl\u00e1ssica"},"content":{"rendered":"<p>A Festa de Santa Dulce dos Pobres vai reunir atra\u00e7\u00f5es culturais e religiosas na Pra\u00e7a Irm\u00e3 Dulce (Largo de Roma), entre os dias 9 e 13 de agosto, para celebrar todo o legado deixado pela primeira santa nascida no Brasil. A programa\u00e7\u00e3o inclui m\u00fasica cl\u00e1ssica, religiosa e at\u00e9 mesmo o bom \u2018forrozinho\u2019, celebrando a obra de Santa Dulce em mensagens de paz, amor, f\u00e9 e esperan\u00e7a.<\/p>\n<p>No s\u00e1bado (9), \u00e0s 20h, o cantor cat\u00f3lico Jonny Mendes e a Orquestra ComPassos levar\u00e3o can\u00e7\u00f5es religiosas e m\u00fasica cl\u00e1ssica para o p\u00fablico presente. \u00c0s 21h, o cantor sul-coreano Junho Chu subir\u00e1 ao palco para compartilhar a sua f\u00e9 por meio de m\u00fasica e de testemunhos. J\u00e1 no domingo (10), \u00e0s 20h, os cantores Adelm\u00e1rio Coelho, Targino Gondim, Del Feliz, Carla Cristina e convidados far\u00e3o um tributo especial \u00e0 Santa Dulce com apresenta\u00e7\u00f5es de forr\u00f3, um dos g\u00eaneros musicais admirados por Irm\u00e3 Dulce.<\/p>\n<p>Devoto de Santa Dulce, o cantor e compositor Adelm\u00e1rio Coelho disse ter ficado muito feliz com o convite. \u201cSempre me impressionava muito a obra de Irm\u00e3 Dulce, mesmo como um ser humano comum aqui na Terra. O verdadeiro amor pelas pessoas, a entrega, a for\u00e7a que ela tinha para ajudar os mais necessitados, isso eu acho que s\u00e3o exemplos que a humanidade precisa ver no seu dia a dia. Fiquei muito feliz com esse convite e em receber tamb\u00e9m convidados, artistas. Tenho certeza que vai ser uma noite muito especial\u201d, conta ele, que tamb\u00e9m teve a oportunidade de cantar o hino a Santo Ant\u00f4nio (de quem Irm\u00e3 Dulce era devota), na Fonte Nova, na ocasi\u00e3o da canoniza\u00e7\u00e3o do Anjo Bom da Bahia.<\/p>\n<p>Ele ressalta que o ritmo tem total harmonia com o evento religioso. \u201cA linguagem do nosso forr\u00f3 \u00e9 exatamente da paz, do amor, do trabalho social, da brasilidade. Sem contar que Irm\u00e3 Dulce tocava tamb\u00e9m acorde\u00e3o, tinha a sua admira\u00e7\u00e3o pelo instrumento, ent\u00e3o acho que \u00e9 uma coisa bacana que o g\u00eanero do forr\u00f3 esteja \u2013 como uma cultura t\u00e3o grandiosa que \u00e9, do povo nordestino, do povo brasileiro \u2013 numa festa t\u00e3o especial como essa de Santa Dulce\u201d, finalizou.<\/p>\n<p>Segundo Del Feliz, um dos convidados para o tributo, \u00e9 um privil\u00e9gio participar de um evento em homenagem \u00e0 primeira santa brasileira, que ele define como um s\u00edmbolo de solidariedade, de compaix\u00e3o, de entrega e de doa\u00e7\u00e3o da vida pelo outro.<\/p>\n<p>\u201c\u00c9 um momento de revitalizar a nossa f\u00e9 e por isso eu recebi com muita alegria e com muita honra esse convite. Al\u00e9m disso, \u00e9 uma oportunidade de a gente se unir, independentemente da religi\u00e3o, porque a espiritualidade \u00e9 maior que a religiosidade. Santa Dulce foi uma das mais not\u00e1veis figuras da Bahia, exatamente pela acessibilidade, pela bondade, complac\u00eancia e entrega em prol dos mais necessitados. Atualmente, o mundo fala muito de ostenta\u00e7\u00e3o; de guerra, mesmo com toda a tecnologia; presenciamos as desigualdades sociais e tamb\u00e9m a viol\u00eancia, por isso acho que a gente precisa exercitar mais a import\u00e2ncia de momentos como esse que teremos, celebrando a Santa Dulce, um exemplo de amor pelo outro\u201d, opinou o forrozeiro.<\/p>\n<p>Segundo Del Feliz, ser\u00e1 uma oportunidade singular de levar, atrav\u00e9s de um instrumento t\u00e3o nobre e t\u00e3o potente, que \u00e9 a m\u00fasica, uma mensagem positiva na perspectiva da constru\u00e7\u00e3o de uma sociedade mais emp\u00e1tica e mais amorosa. A festa ainda ter\u00e1 as apresenta\u00e7\u00f5es religiosas de Banda Dominus, Anjos de Resgate e Padre Ant\u00f4nio Maria.<\/p>\n<p><strong>Confira a programa\u00e7\u00e3o musical completa:<\/strong><\/p>\n<p>Dia 09 de agosto (s\u00e1bado)<\/p>\n<p>Atra\u00e7\u00e3o Musical: Orquestra ComPassos e Jonny Mendes, 20h, e Junho Chu, \u00e0s 21h<\/p>\n<p>Dia 10 de agosto (domingo)<\/p>\n<p>Atra\u00e7\u00e3o Musical: Tributo a Santa Dulce, com Del Feliz, Adelm\u00e1rio Coelho, Carla Cristina e convidados, \u00e0s 20h<\/p>\n<p>Dia 11 de agosto (segunda-feira)<\/p>\n<p>Atra\u00e7\u00e3o Musical: Banda Dominus, 20h<\/p>\n<p>Dia 12 de agosto (ter\u00e7a-feira)<\/p>\n<p>Atra\u00e7\u00e3o Musical: Anjos de Resgate, 20h<\/p>\n<p>Dia 13 de agosto (quarta-feira)<\/p>\n<p>Apresenta\u00e7\u00e3o do Padre Ant\u00f4nio Maria: 16h<\/p>\n","protected":false},"excerpt":{"rendered":"<p>A Festa de Santa Dulce dos Pobres vai reunir atra\u00e7\u00f5es culturais e religiosas na Pra\u00e7a Irm\u00e3 Dulce (Largo de Roma), entre os dias 9 e 13 de agosto, para celebrar todo o legado deixado pela primeira santa nascida no Brasil. A programa\u00e7\u00e3o inclui m\u00fasica cl\u00e1ssica, religiosa e at\u00e9 mesmo o bom \u2018forrozinho\u2019, celebrando a obra [&hellip;]<\/p>\n","protected":false},"author":1,"featured_media":13536,"comment_status":"open","ping_status":"closed","sticky":false,"template":"","format":"standard","meta":{"jnews-multi-image_gallery":[],"jnews_single_post":[],"jnews_primary_category":[],"footnotes":""},"categories":[221],"tags":[],"class_list":["post-13534","post","type-post","status-publish","format-standard","has-post-thumbnail","hentry","category-festa-de-santa-dulce"],"_links":{"self":[{"href":"https:\/\/cidadebaixaonline.com.br\/index.php\/wp-json\/wp\/v2\/posts\/13534","targetHints":{"allow":["GET"]}}],"collection":[{"href":"https:\/\/cidadebaixaonline.com.br\/index.php\/wp-json\/wp\/v2\/posts"}],"about":[{"href":"https:\/\/cidadebaixaonline.com.br\/index.php\/wp-json\/wp\/v2\/types\/post"}],"author":[{"embeddable":true,"href":"https:\/\/cidadebaixaonline.com.br\/index.php\/wp-json\/wp\/v2\/users\/1"}],"replies":[{"embeddable":true,"href":"https:\/\/cidadebaixaonline.com.br\/index.php\/wp-json\/wp\/v2\/comments?post=13534"}],"version-history":[{"count":1,"href":"https:\/\/cidadebaixaonline.com.br\/index.php\/wp-json\/wp\/v2\/posts\/13534\/revisions"}],"predecessor-version":[{"id":13535,"href":"https:\/\/cidadebaixaonline.com.br\/index.php\/wp-json\/wp\/v2\/posts\/13534\/revisions\/13535"}],"wp:featuredmedia":[{"embeddable":true,"href":"https:\/\/cidadebaixaonline.com.br\/index.php\/wp-json\/wp\/v2\/media\/13536"}],"wp:attachment":[{"href":"https:\/\/cidadebaixaonline.com.br\/index.php\/wp-json\/wp\/v2\/media?parent=13534"}],"wp:term":[{"taxonomy":"category","embeddable":true,"href":"https:\/\/cidadebaixaonline.com.br\/index.php\/wp-json\/wp\/v2\/categories?post=13534"},{"taxonomy":"post_tag","embeddable":true,"href":"https:\/\/cidadebaixaonline.com.br\/index.php\/wp-json\/wp\/v2\/tags?post=13534"}],"curies":[{"name":"wp","href":"https:\/\/api.w.org\/{rel}","templated":true}]}}