{"id":13516,"date":"2025-08-01T15:43:19","date_gmt":"2025-08-01T18:43:19","guid":{"rendered":"https:\/\/cidadebaixaonline.com.br\/?p=13516"},"modified":"2025-08-01T15:43:20","modified_gmt":"2025-08-01T18:43:20","slug":"ocupacao-cbx-leva-oficinas-culturais-gratuitas-para-a-cidade-baixa","status":"publish","type":"post","link":"https:\/\/cidadebaixaonline.com.br\/index.php\/2025\/08\/01\/ocupacao-cbx-leva-oficinas-culturais-gratuitas-para-a-cidade-baixa\/","title":{"rendered":"Ocupa\u00e7\u00e3o CBX leva oficinas culturais gratuitas para a Cidade Baixa"},"content":{"rendered":"<p>Admiradores da m\u00fasica ter\u00e3o a oportunidade de participar da Oficina de Canto Coral, ministrada pelo bar\u00edtono e integrante do N\u00facleo de \u00d3pera da Bahia, Carlos Morais, na manh\u00e3 e in\u00edcio da tarde do pr\u00f3ximo domingo (3). A oficina gratuita ser\u00e1 realizada das 9h \u00e0s 13h no Espa\u00e7o Cultural Alagados, na Rua Silvino Pereira, no fim de linha do Uruguai. Qualquer pessoa interessada, com idade a partir de 18 anos, pode se inscrever por meio do Sympla (https:\/\/encurtador.com.br\/<wbr \/>XnsvD) ou pessoalmente na bilheteria do espa\u00e7o cultural.<\/p>\n<p>Os participantes ter\u00e3o contato com a t\u00e9cnica vocal e passagem de repert\u00f3rio. O cantor l\u00edrico que conduzir\u00e1 a atividade conta que o p\u00fablico adora a atividade. As duas \u00faltimas oficinas ministradas, por exemplo, tiveram lota\u00e7\u00e3o m\u00e1xima \u2013 uma grande oportunidade para os moradores verem este tipo de atra\u00e7\u00e3o que, normalmente, \u00e9 realizada em outros locais da cidade.<\/p>\n<p>\u201cTer uma movimenta\u00e7\u00e3o cultural e musical na Cidade Baixa traz para as pessoas uma sensa\u00e7\u00e3o de identifica\u00e7\u00e3o com a regi\u00e3o onde moram. Apesar de a localidade ser um ponto tur\u00edstico onde se tem muita m\u00fasica, onde a cultura \u00e9 efervescente, nem sempre h\u00e1 espa\u00e7os onde se possa fazer essas atividades. Ent\u00e3o as oficinas s\u00e3o boas para deixar esse lugar mais ativo com a produ\u00e7\u00e3o de cultura\u201d, opina Morais.<\/p>\n<p><strong>Ocupa\u00e7\u00e3o CBX<\/strong>\u00a0\u2013 A oficina de Canto Coral faz parte da Ocupa\u00e7\u00e3o CBX, um projeto desenvolvido pelo Territ\u00f3rio Sirius, com apoio financeiro da Funda\u00e7\u00e3o Greg\u00f3rio de Mattos (FGM), Prefeitura de Salvador, e da Pol\u00edtica Nacional Aldir Blanc de Fomento \u00e0 Cultura (PNAB), Minist\u00e9rio da Cultura, Governo Federal.<\/p>\n<p>Diversas oficinas culturais ser\u00e3o realizadas at\u00e9 o dia 10 de agosto, com artistas da Cidade Baixa e em espa\u00e7os situados na regi\u00e3o, a exemplo do Centro Cultural Sesi Casa Branca, Espa\u00e7o Cultural Alagados, Col\u00e9gio Estadual Costa e Silva e Biblioteca Municipal Reitor Edgard Santos. As atividades foram contempladas pelo edital Territ\u00f3rios Criativos \u2013 Ano II, elaborado pela FGM.<\/p>\n<p>\u201cA Ocupa\u00e7\u00e3o CBX reafirma o compromisso da FGM em incentivar projetos que descentralizam o acesso \u00e0 cultura e valorizam os talentos locais. A oficina de Canto Coral, conduzida por Carlos Morais, \u00e9 um exemplo potente de como a arte pode criar espa\u00e7os de encontro, escuta e forma\u00e7\u00e3o, especialmente em territ\u00f3rios como o do Espa\u00e7o Cultural Alagados, onde o protagonismo comunit\u00e1rio pulsa com for\u00e7a\u201d, destaca o gerente de Artes e Fomento da FGM, Talis Castro.<\/p>\n<p><strong>Programa\u00e7\u00e3o<\/strong>\u00a0\u2013 Al\u00e9m da oficina de Canto Coral, o projeto Ocupa\u00e7\u00e3o CBX est\u00e1 com inscri\u00e7\u00f5es gratuitas abertas para a Oficina de Teatro F\u00edsico, conduzida pelo ator-performer, autor, diretor, professor, produtor e idealizador do Territ\u00f3rio Sirius, F\u00e1bio Vidal. A oficina ocorrer\u00e1 no Espa\u00e7o Cultural Alagados, no pr\u00f3ximo s\u00e1bado (2), das 9h \u00e0s 13h.<\/p>\n<p>No mesmo dia, \u00e0 tarde, das 14h \u00e0s 18h, o dan\u00e7arino, core\u00f3grafo, m\u00fasico e professor Paco Gomes conduzir\u00e1 a oficina GriotLab para a melhor idade, com o objetivo de criar uma narrativa pessoal e coletiva a partir do resgate da mem\u00f3ria atrav\u00e9s do movimento. Voltada para o p\u00fablico com idade a partir de 40 anos, a oficina ocorrer\u00e1 no Centro Cultural Sesi Casa Branca, na Avenida Caminho de Areia.<\/p>\n<p>No domingo, no turno vespertino, tamb\u00e9m ser\u00e1 poss\u00edvel participar da oficina Po\u00e9tica do Cardume, que brinca com o tempo, com o espa\u00e7o e o movimento, utilizando o corpo como principal instrumento de aprendizado e composi\u00e7\u00e3o. A oficina ser\u00e1 conduzida pelo dramaturgo Caw Bonfim no Col\u00e9gio Estadual Costa e Silva, no Largo da Madragoa, na Ribeira, das 14h \u00e0s 18h.<\/p>\n<p>No s\u00e1bado (9), a Cia Teatral Gruporacaso e Luiz Ant\u00f4nio conduzem a oficina \u201cQuattro: teatro, ritual, performance e vida\u201d no Espa\u00e7o Cultural Alagados, das 9h \u00e0s 13h. No mesmo dia, Jorge Galv\u00e3o, um dos l\u00edderes da Capoeira Angola, conduz uma oficina da arte baiana no Col\u00e9gio Estadual Costa e Silva. No domingo (10), das 9h \u00e0s 13h, a atriz, cantora e compositora Sandra Sim\u00f5es realiza a oficina Canto e Interpreta\u00e7\u00e3o no Espa\u00e7o Cultural Alagados.<\/p>\n<p>A programa\u00e7\u00e3o do projeto Ocupa\u00e7\u00e3o CBX se encerra no dia 13 com uma visita \u00e0 Esta\u00e7\u00e3o Ci\u00eancia do Sesi Casa Branca, das 14h \u00e0s 17h. A visita\u00e7\u00e3o \u00e9 gratuita e n\u00e3o tem classifica\u00e7\u00e3o de idade.<\/p>\n","protected":false},"excerpt":{"rendered":"<p>Admiradores da m\u00fasica ter\u00e3o a oportunidade de participar da Oficina de Canto Coral, ministrada pelo bar\u00edtono e integrante do N\u00facleo de \u00d3pera da Bahia, Carlos Morais, na manh\u00e3 e in\u00edcio da tarde do pr\u00f3ximo domingo (3). A oficina gratuita ser\u00e1 realizada das 9h \u00e0s 13h no Espa\u00e7o Cultural Alagados, na Rua Silvino Pereira, no fim [&hellip;]<\/p>\n","protected":false},"author":1,"featured_media":13518,"comment_status":"open","ping_status":"closed","sticky":false,"template":"","format":"standard","meta":{"jnews-multi-image_gallery":[],"jnews_single_post":[],"jnews_primary_category":[],"footnotes":""},"categories":[96],"tags":[],"class_list":["post-13516","post","type-post","status-publish","format-standard","has-post-thumbnail","hentry","category-cultura"],"_links":{"self":[{"href":"https:\/\/cidadebaixaonline.com.br\/index.php\/wp-json\/wp\/v2\/posts\/13516","targetHints":{"allow":["GET"]}}],"collection":[{"href":"https:\/\/cidadebaixaonline.com.br\/index.php\/wp-json\/wp\/v2\/posts"}],"about":[{"href":"https:\/\/cidadebaixaonline.com.br\/index.php\/wp-json\/wp\/v2\/types\/post"}],"author":[{"embeddable":true,"href":"https:\/\/cidadebaixaonline.com.br\/index.php\/wp-json\/wp\/v2\/users\/1"}],"replies":[{"embeddable":true,"href":"https:\/\/cidadebaixaonline.com.br\/index.php\/wp-json\/wp\/v2\/comments?post=13516"}],"version-history":[{"count":1,"href":"https:\/\/cidadebaixaonline.com.br\/index.php\/wp-json\/wp\/v2\/posts\/13516\/revisions"}],"predecessor-version":[{"id":13517,"href":"https:\/\/cidadebaixaonline.com.br\/index.php\/wp-json\/wp\/v2\/posts\/13516\/revisions\/13517"}],"wp:featuredmedia":[{"embeddable":true,"href":"https:\/\/cidadebaixaonline.com.br\/index.php\/wp-json\/wp\/v2\/media\/13518"}],"wp:attachment":[{"href":"https:\/\/cidadebaixaonline.com.br\/index.php\/wp-json\/wp\/v2\/media?parent=13516"}],"wp:term":[{"taxonomy":"category","embeddable":true,"href":"https:\/\/cidadebaixaonline.com.br\/index.php\/wp-json\/wp\/v2\/categories?post=13516"},{"taxonomy":"post_tag","embeddable":true,"href":"https:\/\/cidadebaixaonline.com.br\/index.php\/wp-json\/wp\/v2\/tags?post=13516"}],"curies":[{"name":"wp","href":"https:\/\/api.w.org\/{rel}","templated":true}]}}