{"id":13504,"date":"2025-08-01T14:47:27","date_gmt":"2025-08-01T17:47:27","guid":{"rendered":"https:\/\/cidadebaixaonline.com.br\/?p=13504"},"modified":"2025-08-01T14:47:27","modified_gmt":"2025-08-01T17:47:27","slug":"abertura-da-festa-de-santa-dulce-tem-missa-solene-entrega-de-praca-e-anuncio-de-novo-memorial","status":"publish","type":"post","link":"https:\/\/cidadebaixaonline.com.br\/index.php\/2025\/08\/01\/abertura-da-festa-de-santa-dulce-tem-missa-solene-entrega-de-praca-e-anuncio-de-novo-memorial\/","title":{"rendered":"Abertura da Festa de Santa Dulce tem missa solene, entrega de pra\u00e7a e an\u00fancio de novo memorial"},"content":{"rendered":"<div class=\"materia\">\n<div class=\"conteudo_post\">\n<p>A Prefeitura de Salvador abriu nesta sexta-feira (1\u00ba) a Festa de Santa Dulce dos Pobres com uma missa solene no Santu\u00e1rio Santa Dulce dos Pobres, no Largo de Roma. A celebra\u00e7\u00e3o marca o in\u00edcio da trezena em homenagem \u00e0 primeira santa nascida no Brasil e contar\u00e1 com prociss\u00f5es, quermesses e shows at\u00e9 o dia 13 de agosto.<\/p>\n<p>Durante o evento,\u00a0o prefeito Bruno Reis (Uni\u00e3o Brasil) anunciou a desapropria\u00e7\u00e3o da casa onde Santa Dulce nasceu, no bairro do Barbalho, que ser\u00e1 transformada em memorial.\u00a0\u201cJ\u00e1 desapropriamos a casa onde Santa Dulce nasceu e morava l\u00e1 no Barbalho, que ser\u00e1 mais um local para cultuar e celebrar a f\u00e9. Estamos elaborando o projeto e, junto com as Osid, vamos ter mais um ponto de visita\u00e7\u00e3o. Ser\u00e1 mais um espa\u00e7o onde estar\u00e3o os pertences de Santa Dulce, al\u00e9m de uma s\u00e9rie de artigos que possam retratar toda a hist\u00f3ria dela\u201d, afirmou.<\/p>\n<p>A cerim\u00f4nia contou com a presen\u00e7a da vice-prefeita e secret\u00e1ria de Cultura e Turismo, Ana Paula Matos (PDT), e da superintendente das Obras Sociais Irm\u00e3 Dulce (Osid), Maria Rita Pontes. Tamb\u00e9m foi inaugurada a requalifica\u00e7\u00e3o da Pra\u00e7a Bom Viver, situada no Hospital Santo Ant\u00f4nio, dentro do complexo das Osid, com estrutura voltada ao atendimento de idosos, como pista remov\u00edvel, espa\u00e7o multiuso e \u00e1reas de conviv\u00eancia.<\/p>\n<p>\u201cIniciamos, hoje, os festejos para celebrar a nossa Santa Dulce dos Pobres, a primeira santa brasileira e, para o nosso orgulho, uma santa baiana. Teremos at\u00e9 o dia 13 uma vasta programa\u00e7\u00e3o com celebra\u00e7\u00f5es di\u00e1rias, prociss\u00f5es, encontros, apresenta\u00e7\u00f5es musicais, celebrando este momento. Nesse per\u00edodo, vamos receber em nossa cidade milhares de fi\u00e9is e peregrinos que vir\u00e3o dos quatro cantos do Brasil\u201d, disse Bruno Reis.<\/p>\n<p>Ana Paula Matos destacou o impacto da festa para o turismo religioso na capital. \u201cO desejo da Prefeitura e das Osid \u00e9 que esta celebra\u00e7\u00e3o cres\u00e7a a cada ano, com atividades religiosas e culturais. Esperamos ainda mais participa\u00e7\u00e3o dos peregrinos, dos fi\u00e9is, que vir\u00e3o dos quatro cantos da Bahia, do Brasil e at\u00e9 do mundo para celebrar e enaltecer a nossa Santa Dulce dos Pobres\u201d, afirmou.<\/p>\n<p>A programa\u00e7\u00e3o completa do evento est\u00e1 dispon\u00edvel no site oficial das Osid e nas redes sociais das institui\u00e7\u00f5es. O ponto alto ser\u00e1 em 13 de agosto, data lit\u00fargica de Santa Dulce, com missas, shows e a tradicional prociss\u00e3o luminosa.<\/p>\n<\/div>\n<\/div>\n","protected":false},"excerpt":{"rendered":"<p>A Prefeitura de Salvador abriu nesta sexta-feira (1\u00ba) a Festa de Santa Dulce dos Pobres com uma missa solene no Santu\u00e1rio Santa Dulce dos Pobres, no Largo de Roma. A celebra\u00e7\u00e3o marca o in\u00edcio da trezena em homenagem \u00e0 primeira santa nascida no Brasil e contar\u00e1 com prociss\u00f5es, quermesses e shows at\u00e9 o dia 13 [&hellip;]<\/p>\n","protected":false},"author":1,"featured_media":13506,"comment_status":"open","ping_status":"closed","sticky":false,"template":"","format":"standard","meta":{"jnews-multi-image_gallery":[],"jnews_single_post":[],"jnews_primary_category":[],"footnotes":""},"categories":[140],"tags":[],"class_list":["post-13504","post","type-post","status-publish","format-standard","has-post-thumbnail","hentry","category-prefeitura-de-salvador"],"_links":{"self":[{"href":"https:\/\/cidadebaixaonline.com.br\/index.php\/wp-json\/wp\/v2\/posts\/13504","targetHints":{"allow":["GET"]}}],"collection":[{"href":"https:\/\/cidadebaixaonline.com.br\/index.php\/wp-json\/wp\/v2\/posts"}],"about":[{"href":"https:\/\/cidadebaixaonline.com.br\/index.php\/wp-json\/wp\/v2\/types\/post"}],"author":[{"embeddable":true,"href":"https:\/\/cidadebaixaonline.com.br\/index.php\/wp-json\/wp\/v2\/users\/1"}],"replies":[{"embeddable":true,"href":"https:\/\/cidadebaixaonline.com.br\/index.php\/wp-json\/wp\/v2\/comments?post=13504"}],"version-history":[{"count":1,"href":"https:\/\/cidadebaixaonline.com.br\/index.php\/wp-json\/wp\/v2\/posts\/13504\/revisions"}],"predecessor-version":[{"id":13505,"href":"https:\/\/cidadebaixaonline.com.br\/index.php\/wp-json\/wp\/v2\/posts\/13504\/revisions\/13505"}],"wp:featuredmedia":[{"embeddable":true,"href":"https:\/\/cidadebaixaonline.com.br\/index.php\/wp-json\/wp\/v2\/media\/13506"}],"wp:attachment":[{"href":"https:\/\/cidadebaixaonline.com.br\/index.php\/wp-json\/wp\/v2\/media?parent=13504"}],"wp:term":[{"taxonomy":"category","embeddable":true,"href":"https:\/\/cidadebaixaonline.com.br\/index.php\/wp-json\/wp\/v2\/categories?post=13504"},{"taxonomy":"post_tag","embeddable":true,"href":"https:\/\/cidadebaixaonline.com.br\/index.php\/wp-json\/wp\/v2\/tags?post=13504"}],"curies":[{"name":"wp","href":"https:\/\/api.w.org\/{rel}","templated":true}]}}