{"id":13495,"date":"2025-07-31T11:37:26","date_gmt":"2025-07-31T14:37:26","guid":{"rendered":"https:\/\/cidadebaixaonline.com.br\/?p=13495"},"modified":"2025-07-31T11:37:26","modified_gmt":"2025-07-31T14:37:26","slug":"bruno-reis-critica-rui-costa-e-diz-que-apenas-uma-das-16-creches-inscritas-no-pac-foi-selecionada","status":"publish","type":"post","link":"https:\/\/cidadebaixaonline.com.br\/index.php\/2025\/07\/31\/bruno-reis-critica-rui-costa-e-diz-que-apenas-uma-das-16-creches-inscritas-no-pac-foi-selecionada\/","title":{"rendered":"Bruno Reis critica Rui Costa e diz que apenas uma das 16 creches inscritas no PAC foi selecionada"},"content":{"rendered":"<p>O prefeito de Salvador, Bruno Reis (Uni\u00e3o Brasil), criticou nesta quinta-feira (31) o ministro da Casa Civil, Rui Costa (PT), ao comentar a aus\u00eancia de repasses do governo federal para a constru\u00e7\u00e3o de creches na capital baiana. Segundo o gestor municipal, nenhuma das unidades inscritas pela prefeitura no Novo PAC foi selecionada no ano passado, e apenas uma pode ser contemplada neste ano, ainda sem confirma\u00e7\u00e3o oficial.<\/p>\n<p>\u201cAno passado lan\u00e7aram o PAC, n\u00f3s escrevemos seis creches. Sabe quantas foram selecionadas? Nenhuma, zero. Enquanto eles n\u00e3o mandam dinheiro, eu estou entregando creche com o dinheiro de voc\u00eas\u201d, disse o prefeito, durante a\u00a0 inaugura\u00e7\u00e3o do Centro Municipal de Educa\u00e7\u00e3o Infantil Anival Razoni Figueiredo, em Dom Avelar. \u201cEsse ano n\u00f3s escrevemos dez creches. Segundo o Thiago [secret\u00e1rio da Educa\u00e7\u00e3o], apenas uma foi selecionada. Vamos ver se ser\u00e1 mesmo.\u201d<\/p>\n<p>A declara\u00e7\u00e3o de Bruno Reis foi uma resposta ao ministro Rui Costa, que afirmou n\u00e3o ter tido o prazer de ver uma creche do governo federal constru\u00edda em Salvador. Rui \u00e9 o coordenador do Novo PAC, programa que inclui investimentos em educa\u00e7\u00e3o, sa\u00fade, infraestrutura e habita\u00e7\u00e3o.<\/p>\n<p>\u201cEu vi a\u00ed um ministro dizer que o sonho dele era ver uma creche constru\u00edda com dinheiro do governo federal. E a\u00ed quer aparecer criticando os outros\u201d, rebateu o prefeito.<\/p>\n<p>Bruno Reis tamb\u00e9m comparou a atua\u00e7\u00e3o da prefeitura com a do governo federal em Salvador. Segundo ele, a gest\u00e3o petista s\u00f3 passou a investir em educa\u00e7\u00e3o na capital baiana recentemente, ap\u00f3s recursos do Fundeb.<\/p>\n<p>\u201cDiferente deles, que est\u00e3o no governo h\u00e1 20 anos e s\u00f3 vieram fazer escolas em Salvador a partir do ano passado, no per\u00edodo de elei\u00e7\u00e3o, eu, s\u00f3 no meu primeiro mandato, vou entregar 52 novas escolas\u201d, afirmou.<\/p>\n<p>O prefeito ainda prometeu construir, com recursos pr\u00f3prios do munic\u00edpio, as 16 creches que foram inscritas no Novo PAC nos \u00faltimos dois anos.<\/p>\n<p>&nbsp;<\/p>\n","protected":false},"excerpt":{"rendered":"<p>O prefeito de Salvador, Bruno Reis (Uni\u00e3o Brasil), criticou nesta quinta-feira (31) o ministro da Casa Civil, Rui Costa (PT), ao comentar a aus\u00eancia de repasses do governo federal para a constru\u00e7\u00e3o de creches na capital baiana. Segundo o gestor municipal, nenhuma das unidades inscritas pela prefeitura no Novo PAC foi selecionada no ano passado, [&hellip;]<\/p>\n","protected":false},"author":1,"featured_media":13497,"comment_status":"open","ping_status":"closed","sticky":false,"template":"","format":"standard","meta":{"jnews-multi-image_gallery":[],"jnews_single_post":[],"jnews_primary_category":[],"footnotes":""},"categories":[85],"tags":[],"class_list":["post-13495","post","type-post","status-publish","format-standard","has-post-thumbnail","hentry","category-noticias"],"_links":{"self":[{"href":"https:\/\/cidadebaixaonline.com.br\/index.php\/wp-json\/wp\/v2\/posts\/13495","targetHints":{"allow":["GET"]}}],"collection":[{"href":"https:\/\/cidadebaixaonline.com.br\/index.php\/wp-json\/wp\/v2\/posts"}],"about":[{"href":"https:\/\/cidadebaixaonline.com.br\/index.php\/wp-json\/wp\/v2\/types\/post"}],"author":[{"embeddable":true,"href":"https:\/\/cidadebaixaonline.com.br\/index.php\/wp-json\/wp\/v2\/users\/1"}],"replies":[{"embeddable":true,"href":"https:\/\/cidadebaixaonline.com.br\/index.php\/wp-json\/wp\/v2\/comments?post=13495"}],"version-history":[{"count":1,"href":"https:\/\/cidadebaixaonline.com.br\/index.php\/wp-json\/wp\/v2\/posts\/13495\/revisions"}],"predecessor-version":[{"id":13496,"href":"https:\/\/cidadebaixaonline.com.br\/index.php\/wp-json\/wp\/v2\/posts\/13495\/revisions\/13496"}],"wp:featuredmedia":[{"embeddable":true,"href":"https:\/\/cidadebaixaonline.com.br\/index.php\/wp-json\/wp\/v2\/media\/13497"}],"wp:attachment":[{"href":"https:\/\/cidadebaixaonline.com.br\/index.php\/wp-json\/wp\/v2\/media?parent=13495"}],"wp:term":[{"taxonomy":"category","embeddable":true,"href":"https:\/\/cidadebaixaonline.com.br\/index.php\/wp-json\/wp\/v2\/categories?post=13495"},{"taxonomy":"post_tag","embeddable":true,"href":"https:\/\/cidadebaixaonline.com.br\/index.php\/wp-json\/wp\/v2\/tags?post=13495"}],"curies":[{"name":"wp","href":"https:\/\/api.w.org\/{rel}","templated":true}]}}