{"id":13486,"date":"2025-07-30T14:36:41","date_gmt":"2025-07-30T17:36:41","guid":{"rendered":"https:\/\/cidadebaixaonline.com.br\/?p=13486"},"modified":"2025-07-30T14:36:41","modified_gmt":"2025-07-30T17:36:41","slug":"tre-ba-oferecera-atendimento-na-caravana-pe-de-meia-nos-dias-1o-e-2-de-agosto","status":"publish","type":"post","link":"https:\/\/cidadebaixaonline.com.br\/index.php\/2025\/07\/30\/tre-ba-oferecera-atendimento-na-caravana-pe-de-meia-nos-dias-1o-e-2-de-agosto\/","title":{"rendered":"TRE-BA oferecer\u00e1 atendimento na Caravana P\u00e9-de-Meia nos dias 1\u00ba e 2 de agosto"},"content":{"rendered":"<p align=\"justify\">O Tribunal Regional Eleitoral da Bahia (TRE-BA) participar\u00e1 da Caravana T\u00e9cnico-Pedag\u00f3gica do Programa P\u00e9-de-Meia 2025, promovida pela Secretaria da Educa\u00e7\u00e3o do Estado da Bahia (SEC) em parceria com o Minist\u00e9rio da Educa\u00e7\u00e3o (MEC). O evento ser\u00e1 realizado nos dias 1\u00ba e 2 de agosto, das 7h \u00e0s 17h, no Centro Estadual de Educa\u00e7\u00e3o, Inova\u00e7\u00e3o e Forma\u00e7\u00e3o da Bahia M\u00e3e Stella (CEEINFOR), no bairro do Cabula, em Salvador.<\/p>\n<p align=\"justify\">Durante a a\u00e7\u00e3o, o TRE-BA oferecer\u00e1 servi\u00e7os eleitorais como emiss\u00e3o e regulariza\u00e7\u00e3o do t\u00edtulo, alistamento biom\u00e9trico e revis\u00e3o cadastral. A atividade integra o projeto TRE em Todo Lugar, que busca ampliar o acesso da popula\u00e7\u00e3o \u00e0 Justi\u00e7a Eleitoral.<\/p>\n<p align=\"justify\">A Caravana P\u00e9-de-Meia tem como proposta oferecer atendimento a estudantes e fam\u00edlias benefici\u00e1rias do programa, com servi\u00e7os de regulariza\u00e7\u00e3o cadastral, verifica\u00e7\u00e3o de elegibilidade, entre outros, prestados por \u00f3rg\u00e3os como CRAS, Receita Federal e Caixa Econ\u00f4mica Federal. O evento tamb\u00e9m contar\u00e1 com forma\u00e7\u00f5es para gestores escolares e estudantes, com a participa\u00e7\u00e3o de profissionais renomados, como Nath Finan\u00e7as.<\/p>\n<p align=\"justify\">\n","protected":false},"excerpt":{"rendered":"<p>O Tribunal Regional Eleitoral da Bahia (TRE-BA) participar\u00e1 da Caravana T\u00e9cnico-Pedag\u00f3gica do Programa P\u00e9-de-Meia 2025, promovida pela Secretaria da Educa\u00e7\u00e3o do Estado da Bahia (SEC) em parceria com o Minist\u00e9rio da Educa\u00e7\u00e3o (MEC). O evento ser\u00e1 realizado nos dias 1\u00ba e 2 de agosto, das 7h \u00e0s 17h, no Centro Estadual de Educa\u00e7\u00e3o, Inova\u00e7\u00e3o e [&hellip;]<\/p>\n","protected":false},"author":1,"featured_media":13488,"comment_status":"open","ping_status":"closed","sticky":false,"template":"","format":"standard","meta":{"jnews-multi-image_gallery":[],"jnews_single_post":[],"jnews_primary_category":[],"footnotes":""},"categories":[218],"tags":[],"class_list":["post-13486","post","type-post","status-publish","format-standard","has-post-thumbnail","hentry","category-caravana-pe-de-meia"],"_links":{"self":[{"href":"https:\/\/cidadebaixaonline.com.br\/index.php\/wp-json\/wp\/v2\/posts\/13486","targetHints":{"allow":["GET"]}}],"collection":[{"href":"https:\/\/cidadebaixaonline.com.br\/index.php\/wp-json\/wp\/v2\/posts"}],"about":[{"href":"https:\/\/cidadebaixaonline.com.br\/index.php\/wp-json\/wp\/v2\/types\/post"}],"author":[{"embeddable":true,"href":"https:\/\/cidadebaixaonline.com.br\/index.php\/wp-json\/wp\/v2\/users\/1"}],"replies":[{"embeddable":true,"href":"https:\/\/cidadebaixaonline.com.br\/index.php\/wp-json\/wp\/v2\/comments?post=13486"}],"version-history":[{"count":1,"href":"https:\/\/cidadebaixaonline.com.br\/index.php\/wp-json\/wp\/v2\/posts\/13486\/revisions"}],"predecessor-version":[{"id":13487,"href":"https:\/\/cidadebaixaonline.com.br\/index.php\/wp-json\/wp\/v2\/posts\/13486\/revisions\/13487"}],"wp:featuredmedia":[{"embeddable":true,"href":"https:\/\/cidadebaixaonline.com.br\/index.php\/wp-json\/wp\/v2\/media\/13488"}],"wp:attachment":[{"href":"https:\/\/cidadebaixaonline.com.br\/index.php\/wp-json\/wp\/v2\/media?parent=13486"}],"wp:term":[{"taxonomy":"category","embeddable":true,"href":"https:\/\/cidadebaixaonline.com.br\/index.php\/wp-json\/wp\/v2\/categories?post=13486"},{"taxonomy":"post_tag","embeddable":true,"href":"https:\/\/cidadebaixaonline.com.br\/index.php\/wp-json\/wp\/v2\/tags?post=13486"}],"curies":[{"name":"wp","href":"https:\/\/api.w.org\/{rel}","templated":true}]}}