{"id":13483,"date":"2025-07-30T14:34:52","date_gmt":"2025-07-30T17:34:52","guid":{"rendered":"https:\/\/cidadebaixaonline.com.br\/?p=13483"},"modified":"2025-07-30T14:34:52","modified_gmt":"2025-07-30T17:34:52","slug":"governanca-do-parque-marinho-da-barra-e-discutida-em-seminario","status":"publish","type":"post","link":"https:\/\/cidadebaixaonline.com.br\/index.php\/2025\/07\/30\/governanca-do-parque-marinho-da-barra-e-discutida-em-seminario\/","title":{"rendered":"Governan\u00e7a do Parque Marinho da Barra \u00e9 discutida em semin\u00e1rio"},"content":{"rendered":"<p>A 9\u00aa edi\u00e7\u00e3o da s\u00e9rie \u201cDi\u00e1logos Ecossist\u00eamicos\u201d, encontro criado para discutir a governan\u00e7a municipal do Parque Marinho da Barra e as oportunidades ligadas \u00e0 economia azul, foi realizada na manh\u00e3 desta quarta-feira (30), no Audit\u00f3rio Makota Valdina (Secult), no bairro do Com\u00e9rcio. Com entrada gratuita, o semin\u00e1rio reuniu especialistas e representantes da sociedade civil para discutir solu\u00e7\u00f5es sustent\u00e1veis para a costa de Salvador.<\/p>\n<p>Ocean\u00f3grafo de forma\u00e7\u00e3o, o secret\u00e1rio municipal de Sustentabilidade, Resili\u00eancia, Bem-Estar e Prote\u00e7\u00e3o Animal (Secis), Ivan Euler, explicou que a governan\u00e7a municipal do Parque Marinho \u00e9 essencial para garantir que seu uso e preserva\u00e7\u00e3o caminhem juntos.<\/p>\n<p>\u201cA economia azul representa uma grande oportunidade de desenvolvimento sustent\u00e1vel para a nossa regi\u00e3o, mas ela s\u00f3 ser\u00e1 plenamente aproveitada se houver um modelo de gest\u00e3o participativa, transparente e comprometido com a conserva\u00e7\u00e3o dos nossos recursos marinhos. A sustentabilidade precisa estar no centro desse debate, n\u00e3o apenas como princ\u00edpio, mas como pr\u00e1tica concreta\u201d, afirmou Euler.<\/p>\n<p>Para a titular da Secretaria Especial do Mar (Semar), Maria Eduarda Lomanto, a parceria com a Secis tem como objetivo n\u00e3o apenas tratar da beleza e pot\u00eancia da Ba\u00eda de Todos-os-Santos, como a segunda maior ba\u00eda naveg\u00e1vel do planeta, mas pensar dentro de um olhar de desenvolvimento econ\u00f4mico e social.<\/p>\n<p>\u201c\u00c9 preciso buscar a responsabilidade sustent\u00e1vel, preservando esse grande ativo que temos, que \u00e9 o caso do Parque Marinho da Barra, melhorando este ambiente e buscando atingir a sensibilidade da popula\u00e7\u00e3o&#8221;, disse.<\/p>\n<p>A titular da Semar acrescenta que o munic\u00edpio j\u00e1 trabalha na elabora\u00e7\u00e3o de um plano de comunica\u00e7\u00e3o para a Ba\u00eda. \u201cA ideia \u00e9 promover a consci\u00eancia de que se tira do mar cerca de R$ 1,7 bilh\u00e3o de receita, seja atrav\u00e9s da gest\u00e3o portu\u00e1ria, no turismo e em v\u00e1rias iniciativas integradas. E, para isso, participamos com projetos junto ao Planejamento Estrat\u00e9gico da Prefeitura\u201d, completou a titular da Semar.<\/p>\n<p><strong>Amaz\u00f4nia Azul &#8211;\u00a0<\/strong>Ainda segundo Lomanto, o fato de o Parque Marinho estar t\u00e3o perto da praia, onde a organiza\u00e7\u00e3o para visita\u00e7\u00f5es pode ocorrer de forma mais estruturada, \u00e9 um grande privil\u00e9gio.<\/p>\n<p>\u201cNo resto do mundo, essa rela\u00e7\u00e3o \u00e9 mais distante. J\u00e1 em Salvador, temos esse ativo, que tamb\u00e9m \u00e9 uma preocupa\u00e7\u00e3o, pois a necessidade de cuidados com a vida marinha aumenta. \u00c9 um meio ambiente muito rico, com seus 153 naufr\u00e1gios pr\u00f3ximos \u00e0 costa. Vale pensar que o potencial de mergulho que temos ali \u00e9 \u00fanico e precisa ser divulgado para o mundo saber. Por todas essas potencialidades \u00e9 que Salvador \u00e9 a capital da Amaz\u00f4nia Azul&#8221;, prosseguiu a secret\u00e1ria.<\/p>\n<p>Al\u00e9m disso, explicou, o mar gera renda para diversas fam\u00edlias e o trip\u00e9 formado por gest\u00e3o p\u00fablica, iniciativa privada e sociedade civil organizada configura o grande segredo para demonstrar o potencial de desenvolvimento econ\u00f4mico e social da Ba\u00eda de Todos-os-Santos.<\/p>\n","protected":false},"excerpt":{"rendered":"<p>A 9\u00aa edi\u00e7\u00e3o da s\u00e9rie \u201cDi\u00e1logos Ecossist\u00eamicos\u201d, encontro criado para discutir a governan\u00e7a municipal do Parque Marinho da Barra e as oportunidades ligadas \u00e0 economia azul, foi realizada na manh\u00e3 desta quarta-feira (30), no Audit\u00f3rio Makota Valdina (Secult), no bairro do Com\u00e9rcio. Com entrada gratuita, o semin\u00e1rio reuniu especialistas e representantes da sociedade civil para [&hellip;]<\/p>\n","protected":false},"author":1,"featured_media":13485,"comment_status":"open","ping_status":"closed","sticky":false,"template":"","format":"standard","meta":{"jnews-multi-image_gallery":[],"jnews_single_post":[],"jnews_primary_category":[],"footnotes":""},"categories":[85],"tags":[],"class_list":["post-13483","post","type-post","status-publish","format-standard","has-post-thumbnail","hentry","category-noticias"],"_links":{"self":[{"href":"https:\/\/cidadebaixaonline.com.br\/index.php\/wp-json\/wp\/v2\/posts\/13483","targetHints":{"allow":["GET"]}}],"collection":[{"href":"https:\/\/cidadebaixaonline.com.br\/index.php\/wp-json\/wp\/v2\/posts"}],"about":[{"href":"https:\/\/cidadebaixaonline.com.br\/index.php\/wp-json\/wp\/v2\/types\/post"}],"author":[{"embeddable":true,"href":"https:\/\/cidadebaixaonline.com.br\/index.php\/wp-json\/wp\/v2\/users\/1"}],"replies":[{"embeddable":true,"href":"https:\/\/cidadebaixaonline.com.br\/index.php\/wp-json\/wp\/v2\/comments?post=13483"}],"version-history":[{"count":1,"href":"https:\/\/cidadebaixaonline.com.br\/index.php\/wp-json\/wp\/v2\/posts\/13483\/revisions"}],"predecessor-version":[{"id":13484,"href":"https:\/\/cidadebaixaonline.com.br\/index.php\/wp-json\/wp\/v2\/posts\/13483\/revisions\/13484"}],"wp:featuredmedia":[{"embeddable":true,"href":"https:\/\/cidadebaixaonline.com.br\/index.php\/wp-json\/wp\/v2\/media\/13485"}],"wp:attachment":[{"href":"https:\/\/cidadebaixaonline.com.br\/index.php\/wp-json\/wp\/v2\/media?parent=13483"}],"wp:term":[{"taxonomy":"category","embeddable":true,"href":"https:\/\/cidadebaixaonline.com.br\/index.php\/wp-json\/wp\/v2\/categories?post=13483"},{"taxonomy":"post_tag","embeddable":true,"href":"https:\/\/cidadebaixaonline.com.br\/index.php\/wp-json\/wp\/v2\/tags?post=13483"}],"curies":[{"name":"wp","href":"https:\/\/api.w.org\/{rel}","templated":true}]}}