{"id":13477,"date":"2025-07-29T15:52:16","date_gmt":"2025-07-29T18:52:16","guid":{"rendered":"https:\/\/cidadebaixaonline.com.br\/?p=13477"},"modified":"2025-07-29T15:52:16","modified_gmt":"2025-07-29T18:52:16","slug":"governo-recua-e-suspende-leilao-do-colegio-odorico-tavares-horas-apos-abertura-da-licitacao","status":"publish","type":"post","link":"https:\/\/cidadebaixaonline.com.br\/index.php\/2025\/07\/29\/governo-recua-e-suspende-leilao-do-colegio-odorico-tavares-horas-apos-abertura-da-licitacao\/","title":{"rendered":"Governo recua e suspende leil\u00e3o do Col\u00e9gio Odorico Tavares horas ap\u00f3s abertura da licita\u00e7\u00e3o"},"content":{"rendered":"<div class=\"materia\">\n<div class=\"conteudo_post\">\n<figure id=\"attachment_492870\" class=\"wp-caption aligncenter\" aria-describedby=\"caption-attachment-492870\"><figcaption id=\"caption-attachment-492870\" class=\"wp-caption-text\">O governo da Bahia suspendeu, na tarde desta ter\u00e7a-feira (29), o\u00a0leil\u00e3o do terreno onde funcionava o antigo Col\u00e9gio Estadual Odorico Tavares, localizado no bairro da Vit\u00f3ria, em Salvador. A decis\u00e3o foi publicada em edi\u00e7\u00e3o extra do\u00a0<i>Di\u00e1rio Oficial do Estado<\/i>\u00a0(DOE) e assinada pelo secret\u00e1rio da Administra\u00e7\u00e3o, Edelvino da Silva G\u00f3es Filho.<\/figcaption><\/figure>\n<p>Mais cedo, a Secretaria da Administra\u00e7\u00e3o do Estado da Bahia (Saeb) havia publicado o aviso de licita\u00e7\u00e3o para a aliena\u00e7\u00e3o do im\u00f3vel, com previs\u00e3o de realiza\u00e7\u00e3o presencial e online. No entanto, horas depois, a pasta voltou atr\u00e1s.<\/p>\n<p>\u201cA Secretaria da Administra\u00e7\u00e3o (Saeb) publicou, no Di\u00e1rio Oficial do Estado (DOE), desta ter\u00e7a-feira (29), um comunicado tornando sem efeito o Aviso do Edital 03\/2025 [\u2026] em virtude da necessidade de realizar ajustes t\u00e9cnicos no Termo de Refer\u00eancia do Edital 03\/2025\u201d, informou a pasta, em nota encaminhada \u00e0 imprensa.<\/p>\n<p>Segundo o edital suspenso, os interessados poderiam visitar o im\u00f3vel a partir de quinta-feira (31) at\u00e9 o dia 3 de setembro. Os lances seriam recebidos no dia seguinte, 4 de setembro, tanto presencialmente quanto por meio do site da empresa RJ Leil\u00f5es.<\/p>\n<p><strong>Aliena\u00e7\u00e3o do terreno<\/strong><\/p>\n<p>A aliena\u00e7\u00e3o do terreno foi autorizada ainda em 2020, na gest\u00e3o do ent\u00e3o governador Rui Costa (PT), hoje ministro da Casa Civil. \u00c0 \u00e9poca, o governo argumentava que os recursos obtidos com a venda seriam destinados \u00e0 melhoria da rede f\u00edsica da educa\u00e7\u00e3o estadual. A medida foi\u00a0aprovada pela Assembleia Legislativa da Bahia (ALBA)\u00a0e sancionada em janeiro daquele ano.<\/p>\n<p>A proposta gerou protestos de alunos e ex-alunos da escola, que chegaram a realizar manifesta\u00e7\u00f5es em Salvador contra o fechamento da unidade, refer\u00eancia no ensino p\u00fablico da capital baiana. Desde ent\u00e3o, o col\u00e9gio est\u00e1 desativado.<\/p>\n<\/div>\n<\/div>\n","protected":false},"excerpt":{"rendered":"<p>O governo da Bahia suspendeu, na tarde desta ter\u00e7a-feira (29), o\u00a0leil\u00e3o do terreno onde funcionava o antigo Col\u00e9gio Estadual Odorico Tavares, localizado no bairro da Vit\u00f3ria, em Salvador. A decis\u00e3o foi publicada em edi\u00e7\u00e3o extra do\u00a0Di\u00e1rio Oficial do Estado\u00a0(DOE) e assinada pelo secret\u00e1rio da Administra\u00e7\u00e3o, Edelvino da Silva G\u00f3es Filho. Mais cedo, a Secretaria da [&hellip;]<\/p>\n","protected":false},"author":1,"featured_media":13479,"comment_status":"open","ping_status":"closed","sticky":false,"template":"","format":"standard","meta":{"jnews-multi-image_gallery":[],"jnews_single_post":[],"jnews_primary_category":[],"footnotes":""},"categories":[85],"tags":[],"class_list":["post-13477","post","type-post","status-publish","format-standard","has-post-thumbnail","hentry","category-noticias"],"_links":{"self":[{"href":"https:\/\/cidadebaixaonline.com.br\/index.php\/wp-json\/wp\/v2\/posts\/13477","targetHints":{"allow":["GET"]}}],"collection":[{"href":"https:\/\/cidadebaixaonline.com.br\/index.php\/wp-json\/wp\/v2\/posts"}],"about":[{"href":"https:\/\/cidadebaixaonline.com.br\/index.php\/wp-json\/wp\/v2\/types\/post"}],"author":[{"embeddable":true,"href":"https:\/\/cidadebaixaonline.com.br\/index.php\/wp-json\/wp\/v2\/users\/1"}],"replies":[{"embeddable":true,"href":"https:\/\/cidadebaixaonline.com.br\/index.php\/wp-json\/wp\/v2\/comments?post=13477"}],"version-history":[{"count":1,"href":"https:\/\/cidadebaixaonline.com.br\/index.php\/wp-json\/wp\/v2\/posts\/13477\/revisions"}],"predecessor-version":[{"id":13478,"href":"https:\/\/cidadebaixaonline.com.br\/index.php\/wp-json\/wp\/v2\/posts\/13477\/revisions\/13478"}],"wp:featuredmedia":[{"embeddable":true,"href":"https:\/\/cidadebaixaonline.com.br\/index.php\/wp-json\/wp\/v2\/media\/13479"}],"wp:attachment":[{"href":"https:\/\/cidadebaixaonline.com.br\/index.php\/wp-json\/wp\/v2\/media?parent=13477"}],"wp:term":[{"taxonomy":"category","embeddable":true,"href":"https:\/\/cidadebaixaonline.com.br\/index.php\/wp-json\/wp\/v2\/categories?post=13477"},{"taxonomy":"post_tag","embeddable":true,"href":"https:\/\/cidadebaixaonline.com.br\/index.php\/wp-json\/wp\/v2\/tags?post=13477"}],"curies":[{"name":"wp","href":"https:\/\/api.w.org\/{rel}","templated":true}]}}