{"id":13445,"date":"2025-07-25T13:42:25","date_gmt":"2025-07-25T16:42:25","guid":{"rendered":"https:\/\/cidadebaixaonline.com.br\/?p=13445"},"modified":"2025-07-25T13:42:25","modified_gmt":"2025-07-25T16:42:25","slug":"avistamento-de-jubartes-movimenta-turismo-da-bahia-em-julho","status":"publish","type":"post","link":"https:\/\/cidadebaixaonline.com.br\/index.php\/2025\/07\/25\/avistamento-de-jubartes-movimenta-turismo-da-bahia-em-julho\/","title":{"rendered":"Avistamento de jubartes movimenta turismo da Bahia em julho"},"content":{"rendered":"<p>Com a chegada das baleias-jubarte \u00e0 costa baiana entre julho e outubro, a temporada de avistamento de 2025 j\u00e1 impulsiona o turismo de natureza no estado. Para marcar o in\u00edcio do per\u00edodo, a Secretaria de Turismo (Setur-BA) realizou, na quinta-feira (24), um passeio de familiariza\u00e7\u00e3o com ag\u00eancias e imprensa na Ba\u00eda de Todos-os-Santos. A iniciativa integra um conjunto de a\u00e7\u00f5es voltadas \u00e0 estrutura\u00e7\u00e3o do segmento e \u00e0 promo\u00e7\u00e3o da Bahia como destino sustent\u00e1vel.<\/p>\n<div class=\"materia\">\n<div class=\"conteudo_post\">\n<p>A Setur-BA promoveu uma capacita\u00e7\u00e3o online para ag\u00eancias e condutores de embarca\u00e7\u00e3o, abordando aspectos biol\u00f3gicos, legisla\u00e7\u00e3o ambiental e boas pr\u00e1ticas para garantir seguran\u00e7a e bem-estar durante os passeios. O curso preparou os profissionais para que os avistamentos ocorram com responsabilidade e respeito aos animais, tratando temas como comportamento das jubartes, protocolos de dist\u00e2ncia segura, controle de ru\u00eddos e formas de minimizar o impacto das embarca\u00e7\u00f5es no habitat marinho.<\/p>\n<p>\u201cA capacita\u00e7\u00e3o \u00e9 uma ferramenta fundamental para que o turismo de observa\u00e7\u00e3o aconte\u00e7a de forma segura e sustent\u00e1vel, beneficiando tanto os visitantes quanto as comunidades locais. Preparamos os profissionais com informa\u00e7\u00f5es t\u00e9cnicas e pr\u00e1ticas que ajudam a garantir o bem-estar dos animais e a qualidade da experi\u00eancia para os turistas. Isso fortalece o segmento, valoriza os destinos baianos e posiciona a Bahia como refer\u00eancia em turismo respons\u00e1vel\u201d, afirma o superintendente de promo\u00e7\u00e3o e servi\u00e7os tur\u00edsticos da Setur-BA, Celso Duarte.<\/p>\n<p>A bi\u00f3loga Carina Pimentel explica que as baleias come\u00e7am a chegar \u00e0 Bahia entre o fim de junho e o in\u00edcio de julho, e permanecem at\u00e9 outubro. \u201cElas v\u00eam das \u00e1guas geladas da Ant\u00e1rtida para se reproduzir e cuidar dos filhotes nas \u00e1guas quentes do Atl\u00e2ntico Sul, especialmente nas proximidades do Banco dos Abrolhos. Por isso, \u00e9 comum v\u00ea-las mais pr\u00f3ximas da costa durante esse per\u00edodo\u201d, afirma. O passeio dessa quinta-feira, permitiu que agentes e comunicadores vivenciassem, em alto-mar, o impacto emocional e o potencial tur\u00edstico do fen\u00f4meno. \u201cFoi uma oportunidade de conhecer de perto esse atrativo e entender como oferec\u00ea-lo aos nossos clientes com informa\u00e7\u00e3o e seguran\u00e7a\u201d, conta a agente de viagens Cleise Sousa, que atua com roteiros personalizados em Salvador. Segundo ela, os destinos mais procurados na temporada das jubartes s\u00e3o Caravelas, onde est\u00e1 a base do Projeto Baleia Jubarte, al\u00e9m de Prado, Ilh\u00e9us, Itacar\u00e9 e Salvador, com sa\u00eddas regulares de barco.<\/p>\n<p>Com expectativa de receber at\u00e9 30 mil baleias neste ano, o litoral baiano se firma como refer\u00eancia nacional no turismo de observa\u00e7\u00e3o, unindo preserva\u00e7\u00e3o ambiental e desenvolvimento econ\u00f4mico para centenas de comunidades costeiras.<\/p>\n<\/div>\n<\/div>\n","protected":false},"excerpt":{"rendered":"<p>Com a chegada das baleias-jubarte \u00e0 costa baiana entre julho e outubro, a temporada de avistamento de 2025 j\u00e1 impulsiona o turismo de natureza no estado. Para marcar o in\u00edcio do per\u00edodo, a Secretaria de Turismo (Setur-BA) realizou, na quinta-feira (24), um passeio de familiariza\u00e7\u00e3o com ag\u00eancias e imprensa na Ba\u00eda de Todos-os-Santos. A iniciativa [&hellip;]<\/p>\n","protected":false},"author":1,"featured_media":13447,"comment_status":"open","ping_status":"closed","sticky":false,"template":"","format":"standard","meta":{"jnews-multi-image_gallery":[],"jnews_single_post":[],"jnews_primary_category":[],"footnotes":""},"categories":[85],"tags":[],"class_list":["post-13445","post","type-post","status-publish","format-standard","has-post-thumbnail","hentry","category-noticias"],"_links":{"self":[{"href":"https:\/\/cidadebaixaonline.com.br\/index.php\/wp-json\/wp\/v2\/posts\/13445","targetHints":{"allow":["GET"]}}],"collection":[{"href":"https:\/\/cidadebaixaonline.com.br\/index.php\/wp-json\/wp\/v2\/posts"}],"about":[{"href":"https:\/\/cidadebaixaonline.com.br\/index.php\/wp-json\/wp\/v2\/types\/post"}],"author":[{"embeddable":true,"href":"https:\/\/cidadebaixaonline.com.br\/index.php\/wp-json\/wp\/v2\/users\/1"}],"replies":[{"embeddable":true,"href":"https:\/\/cidadebaixaonline.com.br\/index.php\/wp-json\/wp\/v2\/comments?post=13445"}],"version-history":[{"count":1,"href":"https:\/\/cidadebaixaonline.com.br\/index.php\/wp-json\/wp\/v2\/posts\/13445\/revisions"}],"predecessor-version":[{"id":13446,"href":"https:\/\/cidadebaixaonline.com.br\/index.php\/wp-json\/wp\/v2\/posts\/13445\/revisions\/13446"}],"wp:featuredmedia":[{"embeddable":true,"href":"https:\/\/cidadebaixaonline.com.br\/index.php\/wp-json\/wp\/v2\/media\/13447"}],"wp:attachment":[{"href":"https:\/\/cidadebaixaonline.com.br\/index.php\/wp-json\/wp\/v2\/media?parent=13445"}],"wp:term":[{"taxonomy":"category","embeddable":true,"href":"https:\/\/cidadebaixaonline.com.br\/index.php\/wp-json\/wp\/v2\/categories?post=13445"},{"taxonomy":"post_tag","embeddable":true,"href":"https:\/\/cidadebaixaonline.com.br\/index.php\/wp-json\/wp\/v2\/tags?post=13445"}],"curies":[{"name":"wp","href":"https:\/\/api.w.org\/{rel}","templated":true}]}}