{"id":13439,"date":"2025-07-23T13:19:39","date_gmt":"2025-07-23T16:19:39","guid":{"rendered":"https:\/\/cidadebaixaonline.com.br\/?p=13439"},"modified":"2025-07-23T13:19:39","modified_gmt":"2025-07-23T16:19:39","slug":"jeronimo-preve-inicio-das-obras-da-ponte-salvador-itaparica-ainda-este-ano-com-estrutura-paralela","status":"publish","type":"post","link":"https:\/\/cidadebaixaonline.com.br\/index.php\/2025\/07\/23\/jeronimo-preve-inicio-das-obras-da-ponte-salvador-itaparica-ainda-este-ano-com-estrutura-paralela\/","title":{"rendered":"Jer\u00f4nimo prev\u00ea in\u00edcio das obras da Ponte Salvador-Itaparica ainda este ano com estrutura paralela"},"content":{"rendered":"<div class=\"materia\">\n<div class=\"conteudo_post\">\n<p>O governador da Bahia, Jer\u00f4nimo Rodrigues (PT), afirmou que as obras da Ponte Salvador-Itaparica podem ter os primeiros elementos vis\u00edveis ainda em 2025, com a constru\u00e7\u00e3o de uma estrutura paralela provis\u00f3ria. A t\u00e9cnica, segundo ele, permitir\u00e1 o avan\u00e7o do projeto executivo e facilitar\u00e1 a montagem da ponte principal.<\/p>\n<p>\u201c\u00c9 poss\u00edvel que este ano a gente j\u00e1 veja essa ponte paralela, que servir\u00e1 para reduzir a quantidade de embarca\u00e7\u00f5es e facilitar o transporte das vigas, guinchos e equipamentos pesados. Ela ser\u00e1 maior do que a ponte Rio-Niter\u00f3i e vai gerar muitos empregos\u201d, disse o governador em entrevista \u00e0 r\u00e1dio Sociedade nesta quarta-feira (23).<\/p>\n<p>Jer\u00f4nimo ressaltou a import\u00e2ncia estrat\u00e9gica da obra, que dever\u00e1 oferecer uma nova entrada para Salvador al\u00e9m da BR-324, e encurtar dist\u00e2ncias para quem vem do extremo sul, oeste e interior do estado. \u201cEmbora ligue Salvador e Itaparica, ela vai beneficiar todo o estado. \u00c9 uma ponte simb\u00f3lica e estrat\u00e9gica\u201d, afirmou.<\/p>\n<p><b>Vai sair do papel?<\/b><\/p>\n<p>O petista tamb\u00e9m ressaltou os esfor\u00e7os do governo baiano sob o comando petista para tirar o projeto do papel, lembrando as articula\u00e7\u00f5es dos ex-governadores Jaques Wagner e Rui Costa, al\u00e9m do apoio do presidente Luiz In\u00e1cio Lula da Silva (PT), que teria tratado diretamente do assunto com o presidente chin\u00eas Xi Jinping.<\/p>\n<p>\u201cA chegada do presidente Lula ajudou bastante a gente chegar \u00e0 concretude desse termo\u201d, disse Jer\u00f4nimo. Ele afirmou ainda que a constru\u00e7\u00e3o passar\u00e1 por um processo de di\u00e1logo com prefeitos da regi\u00e3o, comunidades, terreiros e movimentos ambientalistas. \u201cN\u00e3o faremos nada sem di\u00e1logo.\u201d<\/p>\n<p><b>Antecipa\u00e7\u00e3o das obras<\/b><\/p>\n<p>Na segunda-feira (21), o secret\u00e1rio estadual da Casa Civil,\u00a0Afonso Florence, informou que, com a conclus\u00e3o da sondagem, h\u00e1 possibilidade de antecipa\u00e7\u00e3o do in\u00edcio das obras, previstas contratualmente para junho de 2026.\u00a0Segundo ele, o primeiro termo aditivo assinado em junho de 2025 estabelece esse prazo, mas a execu\u00e7\u00e3o pode come\u00e7ar antes com a autoriza\u00e7\u00e3o de \u00f3rg\u00e3os como a Marinha e o Inema.<\/p>\n<p>\u201cCom a autoriza\u00e7\u00e3o para uso da Plataforma Linear Provis\u00f3ria, temos expectativa de antecipar o in\u00edcio. Essa tecnologia nunca foi usada nas Am\u00e9ricas e pode dar mais agilidade e seguran\u00e7a \u00e0 obra\u201d, explicou Florence. Tamb\u00e9m na segunda-feira, o ministro da Casa Civil, Rui Costa,\u00a0confirmou que o projeto est\u00e1 assegurado. \u201cA ponte est\u00e1 garantida. O contrato aditivo foi assinado e a empresa tem prazo para iniciar a obra no pr\u00f3ximo ano, ap\u00f3s concluir o projeto executivo\u201d, disse o ministro.<\/p>\n<p>A Ponte Salvador-Itaparica \u00e9 uma das maiores obras de infraestrutura previstas no estado e dever\u00e1 ter cerca de 12 km de extens\u00e3o.<\/p>\n<\/div>\n<div class=\"ui items\">\n<div class=\"item\"><\/div>\n<\/div>\n<\/div>\n","protected":false},"excerpt":{"rendered":"<p>O governador da Bahia, Jer\u00f4nimo Rodrigues (PT), afirmou que as obras da Ponte Salvador-Itaparica podem ter os primeiros elementos vis\u00edveis ainda em 2025, com a constru\u00e7\u00e3o de uma estrutura paralela provis\u00f3ria. A t\u00e9cnica, segundo ele, permitir\u00e1 o avan\u00e7o do projeto executivo e facilitar\u00e1 a montagem da ponte principal. \u201c\u00c9 poss\u00edvel que este ano a gente [&hellip;]<\/p>\n","protected":false},"author":1,"featured_media":13441,"comment_status":"open","ping_status":"closed","sticky":false,"template":"","format":"standard","meta":{"jnews-multi-image_gallery":[],"jnews_single_post":[],"jnews_primary_category":[],"footnotes":""},"categories":[197],"tags":[],"class_list":["post-13439","post","type-post","status-publish","format-standard","has-post-thumbnail","hentry","category-ponte-salvador-itaparica"],"_links":{"self":[{"href":"https:\/\/cidadebaixaonline.com.br\/index.php\/wp-json\/wp\/v2\/posts\/13439","targetHints":{"allow":["GET"]}}],"collection":[{"href":"https:\/\/cidadebaixaonline.com.br\/index.php\/wp-json\/wp\/v2\/posts"}],"about":[{"href":"https:\/\/cidadebaixaonline.com.br\/index.php\/wp-json\/wp\/v2\/types\/post"}],"author":[{"embeddable":true,"href":"https:\/\/cidadebaixaonline.com.br\/index.php\/wp-json\/wp\/v2\/users\/1"}],"replies":[{"embeddable":true,"href":"https:\/\/cidadebaixaonline.com.br\/index.php\/wp-json\/wp\/v2\/comments?post=13439"}],"version-history":[{"count":1,"href":"https:\/\/cidadebaixaonline.com.br\/index.php\/wp-json\/wp\/v2\/posts\/13439\/revisions"}],"predecessor-version":[{"id":13440,"href":"https:\/\/cidadebaixaonline.com.br\/index.php\/wp-json\/wp\/v2\/posts\/13439\/revisions\/13440"}],"wp:featuredmedia":[{"embeddable":true,"href":"https:\/\/cidadebaixaonline.com.br\/index.php\/wp-json\/wp\/v2\/media\/13441"}],"wp:attachment":[{"href":"https:\/\/cidadebaixaonline.com.br\/index.php\/wp-json\/wp\/v2\/media?parent=13439"}],"wp:term":[{"taxonomy":"category","embeddable":true,"href":"https:\/\/cidadebaixaonline.com.br\/index.php\/wp-json\/wp\/v2\/categories?post=13439"},{"taxonomy":"post_tag","embeddable":true,"href":"https:\/\/cidadebaixaonline.com.br\/index.php\/wp-json\/wp\/v2\/tags?post=13439"}],"curies":[{"name":"wp","href":"https:\/\/api.w.org\/{rel}","templated":true}]}}