{"id":13425,"date":"2025-07-22T18:10:21","date_gmt":"2025-07-22T21:10:21","guid":{"rendered":"https:\/\/cidadebaixaonline.com.br\/?p=13425"},"modified":"2025-07-22T18:10:22","modified_gmt":"2025-07-22T21:10:22","slug":"vlt-comercio-calcada-tera-seis-novas-paradas-veja-local-de-cada-uma","status":"publish","type":"post","link":"https:\/\/cidadebaixaonline.com.br\/index.php\/2025\/07\/22\/vlt-comercio-calcada-tera-seis-novas-paradas-veja-local-de-cada-uma\/","title":{"rendered":"VLT Com\u00e9rcio-Cal\u00e7ada ter\u00e1 seis novas paradas; veja local de cada uma"},"content":{"rendered":"<p>O governo da Bahia divulgou, nesta segunda-feira (21), os detalhes do novo trecho do VLT, que ligar\u00e1 a Esta\u00e7\u00e3o da Cal\u00e7ada ao bairro do Com\u00e9rcio, no Centro Antigo de Salvador. O aditivo contratual aumentar\u00e1 o tra\u00e7ado do novo modal de 36,4 km para 40 km.<\/p>\n<p>O VLT Cal\u00e7ada-Com\u00e9rcio ser\u00e1 implantado por meio de um termo aditivo no contrato referente ao trecho 1, que inicialmente ligaria a Esta\u00e7\u00e3o Cal\u00e7ada \u00e0 regi\u00e3o da Ilha de S\u00e3o Jo\u00e3o, em Sim\u00f5es Filho, ampliando o primeiro tra\u00e7ado do modal.<\/p>\n<p>O <strong>bahia.ba<\/strong> apurou que ser\u00e3o seis novas paradas. A primeira delas ser\u00e1 constru\u00edda em paralelo com a Esta\u00e7\u00e3o Cal\u00e7ada. Dessa forma, a tend\u00eancia \u00e9 que o trecho 1 passe a ser dividido em dois, obrigando os usu\u00e1rios a realizarem uma baldea\u00e7\u00e3o para seguir viagem, tanto no sentido Com\u00e9rcio quanto no sentido Ilha de S\u00e3o Jo\u00e3o.<\/p>\n<p>Al\u00e9m da parada \u201cCal\u00e7ada 2\u201d, haver\u00e1 tamb\u00e9m outros cinco pontos de embarque nas proximidades de locais importantes da regi\u00e3o: Feira de S\u00e3o Joaquim; Terminal de Ferry-Boat; Hospital da Marinha; Instituto do Cacau; e Terminal N\u00e1utico da Bahia.<\/p>\n<div>\n<div class=\"trv-player-container\">\n<div class=\"trv-wrapper\">\n<div id=\"br_video_player_114f260c53983eca0f57b1a293107c9dc3c659f9\" class=\"trvd_video_player trvdfloater trv-left\">\n<div class=\"media-player\">\n<div class=\"trv-video\">\n<div id=\"truvid_ima_container11099\" class=\"truvid_ima_container trv-ima-container-hidden\"><\/div>\n<\/div>\n<\/div>\n<\/div>\n<\/div>\n<\/div>\n<\/div>\n","protected":false},"excerpt":{"rendered":"<p>O governo da Bahia divulgou, nesta segunda-feira (21), os detalhes do novo trecho do VLT, que ligar\u00e1 a Esta\u00e7\u00e3o da Cal\u00e7ada ao bairro do Com\u00e9rcio, no Centro Antigo de Salvador. O aditivo contratual aumentar\u00e1 o tra\u00e7ado do novo modal de 36,4 km para 40 km. O VLT Cal\u00e7ada-Com\u00e9rcio ser\u00e1 implantado por meio de um termo [&hellip;]<\/p>\n","protected":false},"author":1,"featured_media":13427,"comment_status":"open","ping_status":"closed","sticky":false,"template":"","format":"standard","meta":{"jnews-multi-image_gallery":[],"jnews_single_post":[],"jnews_primary_category":[],"footnotes":""},"categories":[214],"tags":[],"class_list":["post-13425","post","type-post","status-publish","format-standard","has-post-thumbnail","hentry","category-obras-do-vlt"],"_links":{"self":[{"href":"https:\/\/cidadebaixaonline.com.br\/index.php\/wp-json\/wp\/v2\/posts\/13425","targetHints":{"allow":["GET"]}}],"collection":[{"href":"https:\/\/cidadebaixaonline.com.br\/index.php\/wp-json\/wp\/v2\/posts"}],"about":[{"href":"https:\/\/cidadebaixaonline.com.br\/index.php\/wp-json\/wp\/v2\/types\/post"}],"author":[{"embeddable":true,"href":"https:\/\/cidadebaixaonline.com.br\/index.php\/wp-json\/wp\/v2\/users\/1"}],"replies":[{"embeddable":true,"href":"https:\/\/cidadebaixaonline.com.br\/index.php\/wp-json\/wp\/v2\/comments?post=13425"}],"version-history":[{"count":1,"href":"https:\/\/cidadebaixaonline.com.br\/index.php\/wp-json\/wp\/v2\/posts\/13425\/revisions"}],"predecessor-version":[{"id":13426,"href":"https:\/\/cidadebaixaonline.com.br\/index.php\/wp-json\/wp\/v2\/posts\/13425\/revisions\/13426"}],"wp:featuredmedia":[{"embeddable":true,"href":"https:\/\/cidadebaixaonline.com.br\/index.php\/wp-json\/wp\/v2\/media\/13427"}],"wp:attachment":[{"href":"https:\/\/cidadebaixaonline.com.br\/index.php\/wp-json\/wp\/v2\/media?parent=13425"}],"wp:term":[{"taxonomy":"category","embeddable":true,"href":"https:\/\/cidadebaixaonline.com.br\/index.php\/wp-json\/wp\/v2\/categories?post=13425"},{"taxonomy":"post_tag","embeddable":true,"href":"https:\/\/cidadebaixaonline.com.br\/index.php\/wp-json\/wp\/v2\/tags?post=13425"}],"curies":[{"name":"wp","href":"https:\/\/api.w.org\/{rel}","templated":true}]}}