{"id":13422,"date":"2025-07-22T14:31:06","date_gmt":"2025-07-22T17:31:06","guid":{"rendered":"https:\/\/cidadebaixaonline.com.br\/?p=13422"},"modified":"2025-07-22T14:32:24","modified_gmt":"2025-07-22T17:32:24","slug":"ferry-boat-tem-pouca-fila-em-salvador-e-ilha-de-itaparica-saiba-o-tempo-de-espera-2","status":"publish","type":"post","link":"https:\/\/cidadebaixaonline.com.br\/index.php\/2025\/07\/22\/ferry-boat-tem-pouca-fila-em-salvador-e-ilha-de-itaparica-saiba-o-tempo-de-espera-2\/","title":{"rendered":"Ferry-boat tem pouca fila em Salvador e Ilha de Itaparica; saiba o tempo de espera"},"content":{"rendered":"<p>O sistema ferry-boat registra pouca fila nos terminais de S\u00e3o Joaquim, em Salvador, e de Bom Despacho, na Ilha de Itaparica, na manh\u00e3 desta ter\u00e7a-feira (22). A medi\u00e7\u00e3o foi feita pelo fil\u00f4metro da Internacional Travessias atualizado \u00e0s 09h04, o tempo de espera para embarque est\u00e1 entre 60 a 90 minutos.<\/p>\n<p>Vale lembrar que o embarque de caminh\u00f5es est\u00e1 suspenso das 5h das sextas-feiras at\u00e9 \u00e0s 15h dos s\u00e1bados, como tamb\u00e9m das 5h de v\u00e9speras de feriados at\u00e9 \u00e0s 5h do dia posterior ao seu retorno.<\/p>\n<p>No sentido Bom Despacho para S\u00e3o Joaquim, a determina\u00e7\u00e3o vale das 5h dos domingos at\u00e9 \u00e0s 5h da segunda-feira, como tamb\u00e9m das 5h do dia posterior ao feriado at\u00e9 \u00e0s 5h do dia seguinte.<\/p>\n<p>Ve\u00edculos pesados transportando alimentos e tamb\u00e9m pacientes em tratamento fora do domic\u00edlio, poder\u00e3o embarcar normalmente no per\u00edodo de restri\u00e7\u00e3o.<\/p>\n<div>\n<div class=\"trv-player-container\">\n<div class=\"trv-wrapper\">\n<div id=\"br_video_player_5c2cda99948c3eccd2970cba7cd3b69dc3c659f9\" class=\"trvd_video_player trvdinstream\">\n<div class=\"media-player\">\n<div class=\"trv-video\">Nesta ter\u00e7a, o sistema opera com quatro embarca\u00e7\u00f5es: Dorival Caymmi, Ivete Sangalo, Rio Paragua\u00e7u e Zumbi dos Palmares.<\/div>\n<\/div>\n<\/div>\n<\/div>\n<\/div>\n<\/div>\n","protected":false},"excerpt":{"rendered":"<p>O sistema ferry-boat registra pouca fila nos terminais de S\u00e3o Joaquim, em Salvador, e de Bom Despacho, na Ilha de Itaparica, na manh\u00e3 desta ter\u00e7a-feira (22). A medi\u00e7\u00e3o foi feita pelo fil\u00f4metro da Internacional Travessias atualizado \u00e0s 09h04, o tempo de espera para embarque est\u00e1 entre 60 a 90 minutos. Vale lembrar que o embarque [&hellip;]<\/p>\n","protected":false},"author":1,"featured_media":13424,"comment_status":"open","ping_status":"closed","sticky":false,"template":"","format":"standard","meta":{"jnews-multi-image_gallery":[],"jnews_single_post":[],"jnews_primary_category":[],"footnotes":""},"categories":[128],"tags":[],"class_list":["post-13422","post","type-post","status-publish","format-standard","has-post-thumbnail","hentry","category-ferry-boat"],"_links":{"self":[{"href":"https:\/\/cidadebaixaonline.com.br\/index.php\/wp-json\/wp\/v2\/posts\/13422","targetHints":{"allow":["GET"]}}],"collection":[{"href":"https:\/\/cidadebaixaonline.com.br\/index.php\/wp-json\/wp\/v2\/posts"}],"about":[{"href":"https:\/\/cidadebaixaonline.com.br\/index.php\/wp-json\/wp\/v2\/types\/post"}],"author":[{"embeddable":true,"href":"https:\/\/cidadebaixaonline.com.br\/index.php\/wp-json\/wp\/v2\/users\/1"}],"replies":[{"embeddable":true,"href":"https:\/\/cidadebaixaonline.com.br\/index.php\/wp-json\/wp\/v2\/comments?post=13422"}],"version-history":[{"count":1,"href":"https:\/\/cidadebaixaonline.com.br\/index.php\/wp-json\/wp\/v2\/posts\/13422\/revisions"}],"predecessor-version":[{"id":13423,"href":"https:\/\/cidadebaixaonline.com.br\/index.php\/wp-json\/wp\/v2\/posts\/13422\/revisions\/13423"}],"wp:featuredmedia":[{"embeddable":true,"href":"https:\/\/cidadebaixaonline.com.br\/index.php\/wp-json\/wp\/v2\/media\/13424"}],"wp:attachment":[{"href":"https:\/\/cidadebaixaonline.com.br\/index.php\/wp-json\/wp\/v2\/media?parent=13422"}],"wp:term":[{"taxonomy":"category","embeddable":true,"href":"https:\/\/cidadebaixaonline.com.br\/index.php\/wp-json\/wp\/v2\/categories?post=13422"},{"taxonomy":"post_tag","embeddable":true,"href":"https:\/\/cidadebaixaonline.com.br\/index.php\/wp-json\/wp\/v2\/tags?post=13422"}],"curies":[{"name":"wp","href":"https:\/\/api.w.org\/{rel}","templated":true}]}}