{"id":13416,"date":"2025-07-21T15:31:35","date_gmt":"2025-07-21T18:31:35","guid":{"rendered":"https:\/\/cidadebaixaonline.com.br\/?p=13416"},"modified":"2025-07-21T15:31:35","modified_gmt":"2025-07-21T18:31:35","slug":"obras-do-vlt-avancam-e-governo-do-estado-autoriza-novas-etapas","status":"publish","type":"post","link":"https:\/\/cidadebaixaonline.com.br\/index.php\/2025\/07\/21\/obras-do-vlt-avancam-e-governo-do-estado-autoriza-novas-etapas\/","title":{"rendered":"Obras do VLT avan\u00e7am e Governo do Estado autoriza novas etapas"},"content":{"rendered":"<div>As obras do Ve\u00edculo Leve sobre Trilhos (VLT) seguem em ritmo acelerado e entram agora em uma nova fase. Nesta segunda-feira (21), o governador Jer\u00f4nimo Rodrigues, acompanhado do ministro da Casa Civil, Rui Costa, assinou duas autoriza\u00e7\u00f5es fundamentais para o avan\u00e7o do projeto: o aditivo contratual do Lote 1, que compreende o trecho entre Cal\u00e7ada e Com\u00e9rcio, e o lan\u00e7amento do edital de Sinaliza\u00e7\u00e3o e Telecomunica\u00e7\u00f5es dos Lotes 1, 2 e 3.<\/div>\n<div><\/div>\n<div>\u201cEstamos ampliando o VLT da Cal\u00e7ada at\u00e9 o Com\u00e9rcio, com mais seis esta\u00e7\u00f5es, garantindo acesso facilitado a pontos como a Feira de S\u00e3o Joaquim, o Moinho, o Instituto do Cacau e o Porto, al\u00e9m de melhorar o deslocamento at\u00e9 o Bonfim e o Sub\u00farbio. Tamb\u00e9m vamos licitar obras de ilumina\u00e7\u00e3o, sinaliza\u00e7\u00e3o e instala\u00e7\u00e3o de c\u00e2meras ao longo do trajeto, integrando o sistema \u00e0 seguran\u00e7a p\u00fablica e \u00e0 gest\u00e3o de servi\u00e7os da prefeitura\u201d, afirmou o governador.<\/div>\n<div><\/div>\n<div>O ministro Rui Costa destacou o impacto transformador da obra. \u201cO VLT vai mudar a mobilidade da cidade, interligando os bairros da regi\u00e3o portu\u00e1ria e dando dignidade ao povo que hoje enfrenta dificuldade para se deslocar. Vai ter um transporte p\u00fablico moderno, r\u00e1pido, seguro e com pre\u00e7o acess\u00edvel, permitindo que as pessoas se desloquem com conforto e mais qualidade de vida\u201d, ressaltou.<\/div>\n<div><\/div>\n<div>Nildeneia Ferreira, que trabalha como cuidadora de idosos, conta que a obra do VLT j\u00e1 est\u00e1 transformando a vida das fam\u00edlias que vivem no entorno. Ela mesma, que morava em uma \u00e1rea em condi\u00e7\u00f5es prec\u00e1rias, foi realocada para uma moradia tempor\u00e1ria e atualmente est\u00e1 com o aluguel custeado pelo Governo do Estado. \u201cA gente vivia numa situa\u00e7\u00e3o muito dif\u00edcil, era tudo muito ruim. Agora, mesmo ainda na fase da obra, j\u00e1 d\u00e1 pra ver a diferen\u00e7a. Fui realocada com minha fam\u00edlia e estamos morando com mais dignidade. A comunidade toda t\u00e1 vendo essa mudan\u00e7a acontecer.\u201d<\/div>\n<div><\/div>\n<div><strong>Novos investimentos e tecnologias<\/strong><\/div>\n<div><\/div>\n<div>A amplia\u00e7\u00e3o do contrato do Lote 1 envolve o trecho entre Cal\u00e7ada e Com\u00e9rcio, \u00e1rea estrat\u00e9gica por integrar o VLT a \u00f4nibus, metr\u00f4 e transporte mar\u00edtimo. O investimento de R$ 113 milh\u00f5es ser\u00e1 destinado principalmente a obras de drenagem entre a Cal\u00e7ada e o Terminal Tur\u00edstico, passando pelo Ferry-Boat e o Hospital da Marinha. J\u00e1 o novo edital trata da implanta\u00e7\u00e3o dos sistemas de sinaliza\u00e7\u00e3o, telecomunica\u00e7\u00f5es e controle de trens nos tr\u00eas lotes do VLT. Com investimento previsto de R$ 446 milh\u00f5es, os recursos vir\u00e3o do Or\u00e7amento Geral da Uni\u00e3o com contrapartida estadual.<\/div>\n<div><\/div>\n<div>Entre as tecnologias previstas est\u00e3o Wi-Fi gratuito em 35 pontos, catracas com sistema de bilhetagem autom\u00e1tica, fibra \u00f3ptica exclusiva para integrar o VLT ao metr\u00f4, c\u00e2meras de vigil\u00e2ncia com intelig\u00eancia artificial e pain\u00e9is digitais com informa\u00e7\u00f5es em tempo real. Todo o sistema poder\u00e1 ser operado remotamente, garantindo mais efici\u00eancia, seguran\u00e7a e conforto aos usu\u00e1rios.<\/div>\n<div><\/div>\n<div><strong>Estrutura<\/strong><\/div>\n<div><\/div>\n<div>O VLT de Salvador, coordenado pela Secretaria de Desenvolvimento Urbano (Sedur) e executado pela Companhia de Transportes do Estado da Bahia (CTB), ter\u00e1 36 quil\u00f4metros de trilhos, 34 paradas e previs\u00e3o de atender cerca de 100 mil passageiros por dia, com investimento total estimado em R$ 5 bilh\u00f5es. As obras est\u00e3o divididas em tr\u00eas trechos simult\u00e2neos: o Trecho 1, da Ilha de S\u00e3o Jo\u00e3o \u00e0 Esta\u00e7\u00e3o Cal\u00e7ada (16,7 km), sob responsabilidade do Cons\u00f3rcio Expresso Mobilidade Salvador; o Trecho 2, de Paripe a \u00c1guas Claras (9,2 km), executado pelo Cons\u00f3rcio VLT Lote 2; e o Trecho 3, de \u00c1guas Claras a Piat\u00e3 (10,5 km), com integra\u00e7\u00e3o ao metr\u00f4 no Bairro da Paz, a cargo do Cons\u00f3rcio Bahia Atl\u00e2ntico.<\/div>\n","protected":false},"excerpt":{"rendered":"<p>As obras do Ve\u00edculo Leve sobre Trilhos (VLT) seguem em ritmo acelerado e entram agora em uma nova fase. Nesta segunda-feira (21), o governador Jer\u00f4nimo Rodrigues, acompanhado do ministro da Casa Civil, Rui Costa, assinou duas autoriza\u00e7\u00f5es fundamentais para o avan\u00e7o do projeto: o aditivo contratual do Lote 1, que compreende o trecho entre Cal\u00e7ada [&hellip;]<\/p>\n","protected":false},"author":1,"featured_media":13418,"comment_status":"open","ping_status":"closed","sticky":false,"template":"","format":"standard","meta":{"jnews-multi-image_gallery":[],"jnews_single_post":[],"jnews_primary_category":[],"footnotes":""},"categories":[214],"tags":[],"class_list":["post-13416","post","type-post","status-publish","format-standard","has-post-thumbnail","hentry","category-obras-do-vlt"],"_links":{"self":[{"href":"https:\/\/cidadebaixaonline.com.br\/index.php\/wp-json\/wp\/v2\/posts\/13416","targetHints":{"allow":["GET"]}}],"collection":[{"href":"https:\/\/cidadebaixaonline.com.br\/index.php\/wp-json\/wp\/v2\/posts"}],"about":[{"href":"https:\/\/cidadebaixaonline.com.br\/index.php\/wp-json\/wp\/v2\/types\/post"}],"author":[{"embeddable":true,"href":"https:\/\/cidadebaixaonline.com.br\/index.php\/wp-json\/wp\/v2\/users\/1"}],"replies":[{"embeddable":true,"href":"https:\/\/cidadebaixaonline.com.br\/index.php\/wp-json\/wp\/v2\/comments?post=13416"}],"version-history":[{"count":1,"href":"https:\/\/cidadebaixaonline.com.br\/index.php\/wp-json\/wp\/v2\/posts\/13416\/revisions"}],"predecessor-version":[{"id":13417,"href":"https:\/\/cidadebaixaonline.com.br\/index.php\/wp-json\/wp\/v2\/posts\/13416\/revisions\/13417"}],"wp:featuredmedia":[{"embeddable":true,"href":"https:\/\/cidadebaixaonline.com.br\/index.php\/wp-json\/wp\/v2\/media\/13418"}],"wp:attachment":[{"href":"https:\/\/cidadebaixaonline.com.br\/index.php\/wp-json\/wp\/v2\/media?parent=13416"}],"wp:term":[{"taxonomy":"category","embeddable":true,"href":"https:\/\/cidadebaixaonline.com.br\/index.php\/wp-json\/wp\/v2\/categories?post=13416"},{"taxonomy":"post_tag","embeddable":true,"href":"https:\/\/cidadebaixaonline.com.br\/index.php\/wp-json\/wp\/v2\/tags?post=13416"}],"curies":[{"name":"wp","href":"https:\/\/api.w.org\/{rel}","templated":true}]}}