{"id":13410,"date":"2025-07-21T14:58:13","date_gmt":"2025-07-21T17:58:13","guid":{"rendered":"https:\/\/cidadebaixaonline.com.br\/?p=13410"},"modified":"2025-07-21T14:58:14","modified_gmt":"2025-07-21T17:58:14","slug":"acm-neto-lamenta-morte-de-preta-gil-uma-mulher-a-frente-do-seu-tempo","status":"publish","type":"post","link":"https:\/\/cidadebaixaonline.com.br\/index.php\/2025\/07\/21\/acm-neto-lamenta-morte-de-preta-gil-uma-mulher-a-frente-do-seu-tempo\/","title":{"rendered":"ACM Neto lamenta morte de Preta Gil: &#8216;Uma mulher \u00e0 frente do seu tempo&#8217;"},"content":{"rendered":"<p>O vice-presidente do Uni\u00e3o Brasil, ACM Neto, lamentou a morte de Preta Gil, aos 50 anos, neste domingo (20). Ele chamou a artista de &#8220;uma mulher muito \u00e0 frente do seu tempo&#8221;. Preta lutava contra um c\u00e2ncer no intestino.<\/p>\n<div class=\"template--materia-comum\">\n<div class=\"grid-column-container center\">\n<div class=\"flex flex-col w-full font-normal text-[18px] leading-[30px] text-tw-theme-text-default\">\n<p id=\"paragrafo-f4y7uqhhmm\">&#8220;\u00c9 com imensa tristeza que acabo de receber a not\u00edcia da morte de Preta Gil, uma mulher muito \u00e0 frente do seu tempo. A imagem que fica para mim e milh\u00f5es de brasileiros \u00e9 de uma artista com muito talento, irreverente, dona de si e com uma vontade imensa de viver&#8221;, escreveu. O ex-prefeito de Salvador desejou for\u00e7a \u00e0 fam\u00edlia. &#8220;Minha solidariedade aos amigos e familiares de Preta Gil, especialmente ao querido Gilberto Gil, neste momento de profunda dor. Que Deus d\u00ea for\u00e7as a todos!&#8221;<\/p>\n<\/div>\n<div class=\"flex flex-col w-full font-normal text-[18px] leading-[30px] text-tw-theme-text-default\">\n<p id=\"paragrafo-8vhp417hm7\">Preta estava nos EUA para realizar um novo tratamento contra o c\u00e2ncer, doen\u00e7a que ela tratava desde janeiro de 2023. Filha de Gilberto Gil, ela deixa um filho, Francisco, e uma neta, Sol de Maria.<\/p>\n<p>&nbsp;<\/p>\n<\/div>\n<\/div>\n<\/div>\n","protected":false},"excerpt":{"rendered":"<p>O vice-presidente do Uni\u00e3o Brasil, ACM Neto, lamentou a morte de Preta Gil, aos 50 anos, neste domingo (20). Ele chamou a artista de &#8220;uma mulher muito \u00e0 frente do seu tempo&#8221;. Preta lutava contra um c\u00e2ncer no intestino. &#8220;\u00c9 com imensa tristeza que acabo de receber a not\u00edcia da morte de Preta Gil, uma [&hellip;]<\/p>\n","protected":false},"author":1,"featured_media":13412,"comment_status":"open","ping_status":"closed","sticky":false,"template":"","format":"standard","meta":{"jnews-multi-image_gallery":[],"jnews_single_post":[],"jnews_primary_category":[],"footnotes":""},"categories":[127],"tags":[],"class_list":["post-13410","post","type-post","status-publish","format-standard","has-post-thumbnail","hentry","category-luto"],"_links":{"self":[{"href":"https:\/\/cidadebaixaonline.com.br\/index.php\/wp-json\/wp\/v2\/posts\/13410","targetHints":{"allow":["GET"]}}],"collection":[{"href":"https:\/\/cidadebaixaonline.com.br\/index.php\/wp-json\/wp\/v2\/posts"}],"about":[{"href":"https:\/\/cidadebaixaonline.com.br\/index.php\/wp-json\/wp\/v2\/types\/post"}],"author":[{"embeddable":true,"href":"https:\/\/cidadebaixaonline.com.br\/index.php\/wp-json\/wp\/v2\/users\/1"}],"replies":[{"embeddable":true,"href":"https:\/\/cidadebaixaonline.com.br\/index.php\/wp-json\/wp\/v2\/comments?post=13410"}],"version-history":[{"count":1,"href":"https:\/\/cidadebaixaonline.com.br\/index.php\/wp-json\/wp\/v2\/posts\/13410\/revisions"}],"predecessor-version":[{"id":13411,"href":"https:\/\/cidadebaixaonline.com.br\/index.php\/wp-json\/wp\/v2\/posts\/13410\/revisions\/13411"}],"wp:featuredmedia":[{"embeddable":true,"href":"https:\/\/cidadebaixaonline.com.br\/index.php\/wp-json\/wp\/v2\/media\/13412"}],"wp:attachment":[{"href":"https:\/\/cidadebaixaonline.com.br\/index.php\/wp-json\/wp\/v2\/media?parent=13410"}],"wp:term":[{"taxonomy":"category","embeddable":true,"href":"https:\/\/cidadebaixaonline.com.br\/index.php\/wp-json\/wp\/v2\/categories?post=13410"},{"taxonomy":"post_tag","embeddable":true,"href":"https:\/\/cidadebaixaonline.com.br\/index.php\/wp-json\/wp\/v2\/tags?post=13410"}],"curies":[{"name":"wp","href":"https:\/\/api.w.org\/{rel}","templated":true}]}}