{"id":13407,"date":"2025-07-21T14:14:17","date_gmt":"2025-07-21T17:14:17","guid":{"rendered":"https:\/\/cidadebaixaonline.com.br\/?p=13407"},"modified":"2025-07-21T14:14:17","modified_gmt":"2025-07-21T17:14:17","slug":"obras-da-ponte-salvador-itaparica-podem-ser-iniciadas-antes-do-previsto-diz-secretario","status":"publish","type":"post","link":"https:\/\/cidadebaixaonline.com.br\/index.php\/2025\/07\/21\/obras-da-ponte-salvador-itaparica-podem-ser-iniciadas-antes-do-previsto-diz-secretario\/","title":{"rendered":"Obras da Ponte Salvador-Itaparica podem ser iniciadas antes do previsto, diz secret\u00e1rio"},"content":{"rendered":"<div class=\"materia\">\n<div class=\"conteudo_post\">\n<p>O secret\u00e1rio da Casa Civil, Alfonso Florence, afirmou nesta segunda-feira (21) que, com a etapa de sondagem conclu\u00edda, as obras da Ponte Salvador-Itaparica, que segundo ele, est\u00e3o previstas para come\u00e7ar em junho de 2026, podem ser antecipadas. Para isso, por\u00e9m, \u00e9 necess\u00e1ria a aprova\u00e7\u00e3o do uso de uma plataforma linear provis\u00f3ria durante a constru\u00e7\u00e3o, detalha o titular da pasta.<\/p>\n<p>\u201cO primeiro termo aditivo, que \u00e9 o contrato, novo, assinado em 4 de junho de 2025, d\u00e1 um ano para o in\u00edcio das obras. S\u00f3 que, como eles j\u00e1 estavam fazendo a sondagem com base no contrato anterior, eles conseguem concluir a elabora\u00e7\u00e3o do projeto e, com a autoriza\u00e7\u00e3o dos \u00f3rg\u00e3os, Marinha, Inema, para o uso da Plataforma Linear Provis\u00f3ria, n\u00f3s temos a expectativa de antecipar o in\u00edcio da obra. Mas temos que esperar essa pr\u00f3xima visita que ser\u00e1 agora no final do m\u00eas de julho\u201d, disse Florence. Ainda de acordo com Florence, a t\u00e9cnica funciona como uma \u201cponte provis\u00f3ria\u201d para que a principal seja constru\u00edda, o que acelera a obra. \u201c\u00c9 uma tecnologia ainda n\u00e3o usada aqui na Am\u00e9rica, e que, a concession\u00e1ria da Ponte Salvador-Itaparica, a CPSI, diz que poder\u00e1 acelerar e dar mais seguran\u00e7a ao processo construtivo. A Marinha tamb\u00e9m vai acompanhar essa vistoria\u201d, diz o ministro.<\/p>\n<p>As declara\u00e7\u00f5es foram feitas em entrevista coletiva durante o evento de autoriza\u00e7\u00e3o de novos atos do VLT do Sub\u00farbio, pelo Governo do Estado, em Salvador.<\/p>\n<\/div>\n<\/div>\n","protected":false},"excerpt":{"rendered":"<p>O secret\u00e1rio da Casa Civil, Alfonso Florence, afirmou nesta segunda-feira (21) que, com a etapa de sondagem conclu\u00edda, as obras da Ponte Salvador-Itaparica, que segundo ele, est\u00e3o previstas para come\u00e7ar em junho de 2026, podem ser antecipadas. Para isso, por\u00e9m, \u00e9 necess\u00e1ria a aprova\u00e7\u00e3o do uso de uma plataforma linear provis\u00f3ria durante a constru\u00e7\u00e3o, detalha [&hellip;]<\/p>\n","protected":false},"author":1,"featured_media":13409,"comment_status":"open","ping_status":"closed","sticky":false,"template":"","format":"standard","meta":{"jnews-multi-image_gallery":[],"jnews_single_post":[],"jnews_primary_category":[],"footnotes":""},"categories":[197],"tags":[],"class_list":["post-13407","post","type-post","status-publish","format-standard","has-post-thumbnail","hentry","category-ponte-salvador-itaparica"],"_links":{"self":[{"href":"https:\/\/cidadebaixaonline.com.br\/index.php\/wp-json\/wp\/v2\/posts\/13407","targetHints":{"allow":["GET"]}}],"collection":[{"href":"https:\/\/cidadebaixaonline.com.br\/index.php\/wp-json\/wp\/v2\/posts"}],"about":[{"href":"https:\/\/cidadebaixaonline.com.br\/index.php\/wp-json\/wp\/v2\/types\/post"}],"author":[{"embeddable":true,"href":"https:\/\/cidadebaixaonline.com.br\/index.php\/wp-json\/wp\/v2\/users\/1"}],"replies":[{"embeddable":true,"href":"https:\/\/cidadebaixaonline.com.br\/index.php\/wp-json\/wp\/v2\/comments?post=13407"}],"version-history":[{"count":1,"href":"https:\/\/cidadebaixaonline.com.br\/index.php\/wp-json\/wp\/v2\/posts\/13407\/revisions"}],"predecessor-version":[{"id":13408,"href":"https:\/\/cidadebaixaonline.com.br\/index.php\/wp-json\/wp\/v2\/posts\/13407\/revisions\/13408"}],"wp:featuredmedia":[{"embeddable":true,"href":"https:\/\/cidadebaixaonline.com.br\/index.php\/wp-json\/wp\/v2\/media\/13409"}],"wp:attachment":[{"href":"https:\/\/cidadebaixaonline.com.br\/index.php\/wp-json\/wp\/v2\/media?parent=13407"}],"wp:term":[{"taxonomy":"category","embeddable":true,"href":"https:\/\/cidadebaixaonline.com.br\/index.php\/wp-json\/wp\/v2\/categories?post=13407"},{"taxonomy":"post_tag","embeddable":true,"href":"https:\/\/cidadebaixaonline.com.br\/index.php\/wp-json\/wp\/v2\/tags?post=13407"}],"curies":[{"name":"wp","href":"https:\/\/api.w.org\/{rel}","templated":true}]}}