{"id":13404,"date":"2025-07-21T14:05:13","date_gmt":"2025-07-21T17:05:13","guid":{"rendered":"https:\/\/cidadebaixaonline.com.br\/?p=13404"},"modified":"2025-07-21T14:05:13","modified_gmt":"2025-07-21T17:05:13","slug":"estado-autoriza-obras-de-macrodrenagem-para-reduzir-alagamentos-na-baixa-do-fiscal","status":"publish","type":"post","link":"https:\/\/cidadebaixaonline.com.br\/index.php\/2025\/07\/21\/estado-autoriza-obras-de-macrodrenagem-para-reduzir-alagamentos-na-baixa-do-fiscal\/","title":{"rendered":"Estado autoriza obras de macrodrenagem para reduzir alagamentos na Baixa do Fiscal"},"content":{"rendered":"<p>Visando enfrentar o problema hist\u00f3rico de alagamentos que atingem a comunidade da Baixa do Fiscal e levar mais tranquilidade \u00e0 popula\u00e7\u00e3o, o governador Jer\u00f4nimo Rodrigues, acompanhado do ministro da Casa Civil, Rui Costa, autorizou nesta segunda-feira (21) o in\u00edcio das obras de macrodrenagem do Canal Nilo Pe\u00e7anha, no \u00e2mbito do Novo PAC. Com investimento de cerca de R$ 55 milh\u00f5es, a interven\u00e7\u00e3o vai beneficiar diretamente \u00e1reas como a Rua Nilo Pe\u00e7anha e o bairro do Uruguai, frequentemente afetados por enchentes.<\/p>\n<p>\u201cTem dia que a gente escuta a chuva batendo no telhado e j\u00e1 perde o sono. N\u00e3o \u00e9 s\u00f3 por medo da \u00e1gua entrar, \u00e9 pela lembran\u00e7a do que j\u00e1 se perdeu. Geladeira, cama, documento\u2026 Isso vai dando um cansa\u00e7o. A gente quer viver com mais sossego\u201d, conta a dona de casa Neli Souza, moradora da regi\u00e3o h\u00e1 18 anos.<\/p>\n<p>As obras v\u00e3o abranger o trecho entre a Enseada dos Tainheiros, na regi\u00e3o do Alagados III, at\u00e9 as proximidades da Feira do Curtume, na Cal\u00e7ada, passando pela travessia da Avenida Afr\u00e2nio Peixoto. O objetivo \u00e9 ampliar a capacidade de escoamento das \u00e1guas pluviais, reduzir os pontos cr\u00edticos de alagamento e melhorar a qualidade de vida dos moradores da Cidade Baixa.<\/p>\n<p>\u201cO sofrimento dessa comunidade \u00e9 antigo, a gente conhece as perdas que essas fam\u00edlias enfrentam sempre que chove forte. N\u00e3o podemos mais adiar solu\u00e7\u00f5es. Estamos autorizando essa obra para proteger vidas, preservar moradias e garantir dignidade. Essa \u00e9 uma a\u00e7\u00e3o estruturante que se soma \u00e0s demais interven\u00e7\u00f5es urbanas em Salvador, olhando com aten\u00e7\u00e3o para quem mais precisa\u201d, afirmou Jer\u00f4nimo Rodrigues.<\/p>\n<p>O ministro Rui Costa tamb\u00e9m ressaltou a import\u00e2ncia da iniciativa. \u201cHoje o dia est\u00e1 chovendo, mais do que nunca a gente v\u00ea a necessidade dessas encostas e obras tamb\u00e9m de macrodrenagem. Essas regi\u00f5es sempre alagam, a comunidade sempre sofria, perdendo os seus objetos, correndo risco. Portanto, essas obras que j\u00e1 est\u00e3o em andamento e outras que ir\u00e3o iniciar aqui na Nilo Pe\u00e7anha v\u00e3o garantir o fim dos alagamentos e a prote\u00e7\u00e3o das encostas e da vida das pessoas.\u201d<\/p>\n","protected":false},"excerpt":{"rendered":"<p>Visando enfrentar o problema hist\u00f3rico de alagamentos que atingem a comunidade da Baixa do Fiscal e levar mais tranquilidade \u00e0 popula\u00e7\u00e3o, o governador Jer\u00f4nimo Rodrigues, acompanhado do ministro da Casa Civil, Rui Costa, autorizou nesta segunda-feira (21) o in\u00edcio das obras de macrodrenagem do Canal Nilo Pe\u00e7anha, no \u00e2mbito do Novo PAC. Com investimento de [&hellip;]<\/p>\n","protected":false},"author":1,"featured_media":13406,"comment_status":"open","ping_status":"closed","sticky":false,"template":"","format":"standard","meta":{"jnews-multi-image_gallery":[],"jnews_single_post":[],"jnews_primary_category":[],"footnotes":""},"categories":[85],"tags":[],"class_list":["post-13404","post","type-post","status-publish","format-standard","has-post-thumbnail","hentry","category-noticias"],"_links":{"self":[{"href":"https:\/\/cidadebaixaonline.com.br\/index.php\/wp-json\/wp\/v2\/posts\/13404","targetHints":{"allow":["GET"]}}],"collection":[{"href":"https:\/\/cidadebaixaonline.com.br\/index.php\/wp-json\/wp\/v2\/posts"}],"about":[{"href":"https:\/\/cidadebaixaonline.com.br\/index.php\/wp-json\/wp\/v2\/types\/post"}],"author":[{"embeddable":true,"href":"https:\/\/cidadebaixaonline.com.br\/index.php\/wp-json\/wp\/v2\/users\/1"}],"replies":[{"embeddable":true,"href":"https:\/\/cidadebaixaonline.com.br\/index.php\/wp-json\/wp\/v2\/comments?post=13404"}],"version-history":[{"count":1,"href":"https:\/\/cidadebaixaonline.com.br\/index.php\/wp-json\/wp\/v2\/posts\/13404\/revisions"}],"predecessor-version":[{"id":13405,"href":"https:\/\/cidadebaixaonline.com.br\/index.php\/wp-json\/wp\/v2\/posts\/13404\/revisions\/13405"}],"wp:featuredmedia":[{"embeddable":true,"href":"https:\/\/cidadebaixaonline.com.br\/index.php\/wp-json\/wp\/v2\/media\/13406"}],"wp:attachment":[{"href":"https:\/\/cidadebaixaonline.com.br\/index.php\/wp-json\/wp\/v2\/media?parent=13404"}],"wp:term":[{"taxonomy":"category","embeddable":true,"href":"https:\/\/cidadebaixaonline.com.br\/index.php\/wp-json\/wp\/v2\/categories?post=13404"},{"taxonomy":"post_tag","embeddable":true,"href":"https:\/\/cidadebaixaonline.com.br\/index.php\/wp-json\/wp\/v2\/tags?post=13404"}],"curies":[{"name":"wp","href":"https:\/\/api.w.org\/{rel}","templated":true}]}}