{"id":13396,"date":"2025-07-18T14:01:41","date_gmt":"2025-07-18T17:01:41","guid":{"rendered":"https:\/\/cidadebaixaonline.com.br\/?p=13396"},"modified":"2025-07-18T14:01:41","modified_gmt":"2025-07-18T17:01:41","slug":"predio-atingido-por-incendio-no-comercio-sera-demolido-confirma-defesa-civil-de-salvador","status":"publish","type":"post","link":"https:\/\/cidadebaixaonline.com.br\/index.php\/2025\/07\/18\/predio-atingido-por-incendio-no-comercio-sera-demolido-confirma-defesa-civil-de-salvador\/","title":{"rendered":"Pr\u00e9dio atingido por inc\u00eandio no Com\u00e9rcio ser\u00e1 demolido, confirma Defesa Civil de Salvador"},"content":{"rendered":"<div class=\"materia\">\n<div class=\"conteudo_post\">\n<p>O diretor da Defesa Civil de Salvador (Codesal), Sosthenes Macedo, confirmou que o\u00a0im\u00f3vel atingido por um inc\u00eandio na manh\u00e3 desta quinta-feira (17), no bairro do Com\u00e9rcio, ser\u00e1 demolido. Segundo ele, a edifica\u00e7\u00e3o j\u00e1 havia sido notificada anteriormente pelo \u00f3rg\u00e3o devido ao seu estado de conserva\u00e7\u00e3o.<\/p>\n<p>\u201cNa verdade, foram quatro edifica\u00e7\u00f5es comprometidas, j\u00e1 que o fogo se espalhou pelos im\u00f3veis adjacentes. Alguns desses im\u00f3veis j\u00e1 haviam sido notificados pela Defesa Civil para que provid\u00eancias fossem tomadas. Agora, as equipes do Corpo de Bombeiros trabalham para resfriar a \u00e1rea e, posteriormente, ser\u00e1 feita a demoli\u00e7\u00e3o\u201d, afirmou o diretor ao\u00a0bahia.ba. A Codesal ainda est\u00e1 avaliando a extens\u00e3o dos danos causados pelo inc\u00eandio. N\u00e3o houve registro de v\u00edtimas. A \u00e1rea permanece isolada, e os trabalhos seguem com apoio de equipes da prefeitura.<\/p>\n<p>Sosthenes tamb\u00e9m comentou sobre as temperaturas mais baixas registradas na capital baiana nos \u00faltimos dias. \u201cRecentemente, registramos 18,9\u00b0C aqui em Salvador. \u00c9 um frio que n\u00e3o estamos acostumados, mas nada fora do normal. N\u00e3o h\u00e1 temperaturas que representem risco \u00e0 vida\u201d, ressaltou.<\/p>\n<\/div>\n<\/div>\n","protected":false},"excerpt":{"rendered":"<p>O diretor da Defesa Civil de Salvador (Codesal), Sosthenes Macedo, confirmou que o\u00a0im\u00f3vel atingido por um inc\u00eandio na manh\u00e3 desta quinta-feira (17), no bairro do Com\u00e9rcio, ser\u00e1 demolido. Segundo ele, a edifica\u00e7\u00e3o j\u00e1 havia sido notificada anteriormente pelo \u00f3rg\u00e3o devido ao seu estado de conserva\u00e7\u00e3o. \u201cNa verdade, foram quatro edifica\u00e7\u00f5es comprometidas, j\u00e1 que o fogo [&hellip;]<\/p>\n","protected":false},"author":1,"featured_media":13398,"comment_status":"open","ping_status":"closed","sticky":false,"template":"","format":"standard","meta":{"jnews-multi-image_gallery":[],"jnews_single_post":[],"jnews_primary_category":[],"footnotes":""},"categories":[166],"tags":[],"class_list":["post-13396","post","type-post","status-publish","format-standard","has-post-thumbnail","hentry","category-codesal"],"_links":{"self":[{"href":"https:\/\/cidadebaixaonline.com.br\/index.php\/wp-json\/wp\/v2\/posts\/13396","targetHints":{"allow":["GET"]}}],"collection":[{"href":"https:\/\/cidadebaixaonline.com.br\/index.php\/wp-json\/wp\/v2\/posts"}],"about":[{"href":"https:\/\/cidadebaixaonline.com.br\/index.php\/wp-json\/wp\/v2\/types\/post"}],"author":[{"embeddable":true,"href":"https:\/\/cidadebaixaonline.com.br\/index.php\/wp-json\/wp\/v2\/users\/1"}],"replies":[{"embeddable":true,"href":"https:\/\/cidadebaixaonline.com.br\/index.php\/wp-json\/wp\/v2\/comments?post=13396"}],"version-history":[{"count":1,"href":"https:\/\/cidadebaixaonline.com.br\/index.php\/wp-json\/wp\/v2\/posts\/13396\/revisions"}],"predecessor-version":[{"id":13397,"href":"https:\/\/cidadebaixaonline.com.br\/index.php\/wp-json\/wp\/v2\/posts\/13396\/revisions\/13397"}],"wp:featuredmedia":[{"embeddable":true,"href":"https:\/\/cidadebaixaonline.com.br\/index.php\/wp-json\/wp\/v2\/media\/13398"}],"wp:attachment":[{"href":"https:\/\/cidadebaixaonline.com.br\/index.php\/wp-json\/wp\/v2\/media?parent=13396"}],"wp:term":[{"taxonomy":"category","embeddable":true,"href":"https:\/\/cidadebaixaonline.com.br\/index.php\/wp-json\/wp\/v2\/categories?post=13396"},{"taxonomy":"post_tag","embeddable":true,"href":"https:\/\/cidadebaixaonline.com.br\/index.php\/wp-json\/wp\/v2\/tags?post=13396"}],"curies":[{"name":"wp","href":"https:\/\/api.w.org\/{rel}","templated":true}]}}