{"id":13374,"date":"2025-07-16T14:06:49","date_gmt":"2025-07-16T17:06:49","guid":{"rendered":"https:\/\/cidadebaixaonline.com.br\/?p=13374"},"modified":"2025-07-16T14:06:49","modified_gmt":"2025-07-16T17:06:49","slug":"instituto-reparacao-toma-posse-no-conselho-estadual-de-direitos-humanos-da-bahia","status":"publish","type":"post","link":"https:\/\/cidadebaixaonline.com.br\/index.php\/2025\/07\/16\/instituto-reparacao-toma-posse-no-conselho-estadual-de-direitos-humanos-da-bahia\/","title":{"rendered":"Instituto Repara\u00e7\u00e3o toma posse no Conselho Estadual de Direitos Humanos da Bahia"},"content":{"rendered":"<p>Com grande alegria e compromisso renovado, informamos que o Instituto Repara\u00e7\u00e3o \u00a0tomou posse como membro do Conselho Estadual de Prote\u00e7\u00e3o aos Direitos Humanos da Bahia (CEPDH) para o bi\u00eanio 2025-2027.<\/p>\n<p>A cerim\u00f4nia de posse ocorreu nesta quarta-feira (16), reunindo representantes da sociedade civil eleitos no \u00faltimo dia 23 de abril. O Instituto ser\u00e1 representado no Conselho por Rita Lobo, presidenta do Instituto, e pelo advogado Dr. Carlos Sampaio, nosso coordenador de Direitos Humanos.<\/p>\n<p>O CEPDH, \u00f3rg\u00e3o consultivo vinculado \u00e0 Secretaria de Justi\u00e7a e Direitos Humanos (SJDH), tem como finalidade contribuir na formula\u00e7\u00e3o, implementa\u00e7\u00e3o e acompanhamento de pol\u00edticas p\u00fablicas voltadas \u00e0 promo\u00e7\u00e3o, prote\u00e7\u00e3o e repara\u00e7\u00e3o dos direitos humanos no estado da Bahia.<\/p>\n<p>Para o Instituto Repara\u00e7\u00e3o, esta \u00e9 uma conquista coletiva e estrat\u00e9gica. Nossa participa\u00e7\u00e3o no Conselho ser\u00e1 guiada pelo compromisso \u00e9tico, pela escuta ativa dos territ\u00f3rios e pela luta permanente contra todas as formas de desigualdade e silenciamento.<\/p>\n<p>Estamos certos de que esse novo ciclo fortalece nossa miss\u00e3o de promover repara\u00e7\u00e3o hist\u00f3rica, justi\u00e7a social e dignidade para as popula\u00e7\u00f5es negras, perif\u00e9ricas e historicamente vulnerabilizadas.<\/p>\n<p>Seguimos firmes. Com responsabilidade, coragem e o olhar voltado para quem nunca p\u00f4de decidir.<\/p>\n","protected":false},"excerpt":{"rendered":"<p>Com grande alegria e compromisso renovado, informamos que o Instituto Repara\u00e7\u00e3o \u00a0tomou posse como membro do Conselho Estadual de Prote\u00e7\u00e3o aos Direitos Humanos da Bahia (CEPDH) para o bi\u00eanio 2025-2027. A cerim\u00f4nia de posse ocorreu nesta quarta-feira (16), reunindo representantes da sociedade civil eleitos no \u00faltimo dia 23 de abril. O Instituto ser\u00e1 representado no [&hellip;]<\/p>\n","protected":false},"author":1,"featured_media":13376,"comment_status":"open","ping_status":"closed","sticky":false,"template":"","format":"standard","meta":{"jnews-multi-image_gallery":[],"jnews_single_post":[],"jnews_primary_category":[],"footnotes":""},"categories":[210],"tags":[],"class_list":["post-13374","post","type-post","status-publish","format-standard","has-post-thumbnail","hentry","category-conselho-estadual-de-direitos-humanos-da-bahia"],"_links":{"self":[{"href":"https:\/\/cidadebaixaonline.com.br\/index.php\/wp-json\/wp\/v2\/posts\/13374","targetHints":{"allow":["GET"]}}],"collection":[{"href":"https:\/\/cidadebaixaonline.com.br\/index.php\/wp-json\/wp\/v2\/posts"}],"about":[{"href":"https:\/\/cidadebaixaonline.com.br\/index.php\/wp-json\/wp\/v2\/types\/post"}],"author":[{"embeddable":true,"href":"https:\/\/cidadebaixaonline.com.br\/index.php\/wp-json\/wp\/v2\/users\/1"}],"replies":[{"embeddable":true,"href":"https:\/\/cidadebaixaonline.com.br\/index.php\/wp-json\/wp\/v2\/comments?post=13374"}],"version-history":[{"count":1,"href":"https:\/\/cidadebaixaonline.com.br\/index.php\/wp-json\/wp\/v2\/posts\/13374\/revisions"}],"predecessor-version":[{"id":13375,"href":"https:\/\/cidadebaixaonline.com.br\/index.php\/wp-json\/wp\/v2\/posts\/13374\/revisions\/13375"}],"wp:featuredmedia":[{"embeddable":true,"href":"https:\/\/cidadebaixaonline.com.br\/index.php\/wp-json\/wp\/v2\/media\/13376"}],"wp:attachment":[{"href":"https:\/\/cidadebaixaonline.com.br\/index.php\/wp-json\/wp\/v2\/media?parent=13374"}],"wp:term":[{"taxonomy":"category","embeddable":true,"href":"https:\/\/cidadebaixaonline.com.br\/index.php\/wp-json\/wp\/v2\/categories?post=13374"},{"taxonomy":"post_tag","embeddable":true,"href":"https:\/\/cidadebaixaonline.com.br\/index.php\/wp-json\/wp\/v2\/tags?post=13374"}],"curies":[{"name":"wp","href":"https:\/\/api.w.org\/{rel}","templated":true}]}}