{"id":13371,"date":"2025-07-16T13:55:43","date_gmt":"2025-07-16T16:55:43","guid":{"rendered":"https:\/\/cidadebaixaonline.com.br\/?p=13371"},"modified":"2025-07-16T13:55:43","modified_gmt":"2025-07-16T16:55:43","slug":"prefeitura-entrega-novos-onibus-com-ar-condicionado-e-amplia-renovacao-da-frota","status":"publish","type":"post","link":"https:\/\/cidadebaixaonline.com.br\/index.php\/2025\/07\/16\/prefeitura-entrega-novos-onibus-com-ar-condicionado-e-amplia-renovacao-da-frota\/","title":{"rendered":"Prefeitura entrega novos \u00f4nibus com ar-condicionado e amplia renova\u00e7\u00e3o da frota"},"content":{"rendered":"<div class=\"materia\">\n<div class=\"conteudo_post\">\n<p>A Prefeitura de Salvador entregou nesta ter\u00e7a-feira (15) mais um pacote de novos \u00f4nibus que passam a integrar a frota do transporte p\u00fablico da capital. A entrega ocorreu no final de linha do bairro de Brotas, e contou com a presen\u00e7a do secret\u00e1rio de Mobilidade (Semob), Pablo Souza, que destacou a import\u00e2ncia da a\u00e7\u00e3o para a cidade e para a melhoria da mobilidade.<\/p>\n<p>\u201cEssa \u00e9 uma renova\u00e7\u00e3o de frota importante para Salvador. \u00c9 um compromisso nosso com a popula\u00e7\u00e3o: seguir avan\u00e7ando, renovando a frota de \u00f4nibus da cidade e garantindo ve\u00edculos com ar-condicionado para todos\u201d, afirmou Pablo Souza.<\/p>\n<p>Com mais cinco novos ve\u00edculos entregues em Brotas, o n\u00famero de \u00f4nibus renovados chega a 105 \u00f4nibus apenas este ano.<\/p>\n<p>\u201cEstamos trabalhando para que a frota de Salvador seja 100% com ar-condicionado ao longo deste mandato, garantindo mais conforto para quem utiliza o transporte p\u00fablico\u201d, disse o secret\u00e1rio.<\/p>\n<p>Ele informou ainda que a cidade deve receber mais 170 \u00f4nibus novos em 2025, al\u00e9m de um projeto em andamento junto ao BNDES para a aquisi\u00e7\u00e3o de mais 264 ve\u00edculos.<\/p>\n<p>\u201cSomando esses esfor\u00e7os, vamos chegar a cerca de 500 novos \u00f4nibus entregues somente nos pr\u00f3ximos 12 meses, uma marca hist\u00f3rica para Salvador\u201d, destacou.<\/p>\n<p>Os novos ve\u00edculos possuem ar-condicionado, elevador PCD e espa\u00e7o para cadeirantes, ampliando o conforto e a acessibilidade para os passageiros.<\/p>\n<p>Eles poder\u00e3o ser alocados em linhas como a 0117 \u2013 Lapa x Brotas\/Daniel Lisboa via Valdemar Falc\u00e3o, 0503 \u2013 Lapa x Brotas, 0530 \u2013 Lapa x Cosme de Farias, 0420 \u2013 Lapa x Pau Mi\u00fado e 1615 \u2013 Lapa x Plataforma.<\/p>\n<p>O eletricista Celso de Santana, de 41 anos, aguardava o \u00f4nibus no final de linha de Brotas para ir trabalhar e aprovou a chegada dos novos ve\u00edculos.<\/p>\n<p>\u201cVai cair muito bem para a popula\u00e7\u00e3o, porque o transporte p\u00fablico precisa melhorar, e quanto mais \u00f4nibus para atender a popula\u00e7\u00e3o, melhor\u201d, disse Celso. \u201cGostei muito dos \u00f4nibus, s\u00e3o novos, parecem confort\u00e1veis, limpos, e vai ser muito bacana para a gente que depende do transporte p\u00fablico todos os dias\u201d, contou.<\/p>\n<\/div>\n<\/div>\n","protected":false},"excerpt":{"rendered":"<p>A Prefeitura de Salvador entregou nesta ter\u00e7a-feira (15) mais um pacote de novos \u00f4nibus que passam a integrar a frota do transporte p\u00fablico da capital. A entrega ocorreu no final de linha do bairro de Brotas, e contou com a presen\u00e7a do secret\u00e1rio de Mobilidade (Semob), Pablo Souza, que destacou a import\u00e2ncia da a\u00e7\u00e3o para [&hellip;]<\/p>\n","protected":false},"author":1,"featured_media":13373,"comment_status":"open","ping_status":"closed","sticky":false,"template":"","format":"standard","meta":{"jnews-multi-image_gallery":[],"jnews_single_post":[],"jnews_primary_category":[],"footnotes":""},"categories":[114],"tags":[],"class_list":["post-13371","post","type-post","status-publish","format-standard","has-post-thumbnail","hentry","category-onibus"],"_links":{"self":[{"href":"https:\/\/cidadebaixaonline.com.br\/index.php\/wp-json\/wp\/v2\/posts\/13371","targetHints":{"allow":["GET"]}}],"collection":[{"href":"https:\/\/cidadebaixaonline.com.br\/index.php\/wp-json\/wp\/v2\/posts"}],"about":[{"href":"https:\/\/cidadebaixaonline.com.br\/index.php\/wp-json\/wp\/v2\/types\/post"}],"author":[{"embeddable":true,"href":"https:\/\/cidadebaixaonline.com.br\/index.php\/wp-json\/wp\/v2\/users\/1"}],"replies":[{"embeddable":true,"href":"https:\/\/cidadebaixaonline.com.br\/index.php\/wp-json\/wp\/v2\/comments?post=13371"}],"version-history":[{"count":1,"href":"https:\/\/cidadebaixaonline.com.br\/index.php\/wp-json\/wp\/v2\/posts\/13371\/revisions"}],"predecessor-version":[{"id":13372,"href":"https:\/\/cidadebaixaonline.com.br\/index.php\/wp-json\/wp\/v2\/posts\/13371\/revisions\/13372"}],"wp:featuredmedia":[{"embeddable":true,"href":"https:\/\/cidadebaixaonline.com.br\/index.php\/wp-json\/wp\/v2\/media\/13373"}],"wp:attachment":[{"href":"https:\/\/cidadebaixaonline.com.br\/index.php\/wp-json\/wp\/v2\/media?parent=13371"}],"wp:term":[{"taxonomy":"category","embeddable":true,"href":"https:\/\/cidadebaixaonline.com.br\/index.php\/wp-json\/wp\/v2\/categories?post=13371"},{"taxonomy":"post_tag","embeddable":true,"href":"https:\/\/cidadebaixaonline.com.br\/index.php\/wp-json\/wp\/v2\/tags?post=13371"}],"curies":[{"name":"wp","href":"https:\/\/api.w.org\/{rel}","templated":true}]}}