{"id":13353,"date":"2025-07-11T14:09:58","date_gmt":"2025-07-11T17:09:58","guid":{"rendered":"https:\/\/cidadebaixaonline.com.br\/?p=13353"},"modified":"2025-07-11T14:09:58","modified_gmt":"2025-07-11T17:09:58","slug":"periferia-de-direitos-promove-empreendedorismo-jovem-na-cidade-baixa","status":"publish","type":"post","link":"https:\/\/cidadebaixaonline.com.br\/index.php\/2025\/07\/11\/periferia-de-direitos-promove-empreendedorismo-jovem-na-cidade-baixa\/","title":{"rendered":"\u2018Periferia de Direitos\u2019 promove empreendedorismo jovem na Cidade Baixa"},"content":{"rendered":"<div class=\"materia\">\n<div class=\"conteudo_post\">\n<p>Oportunidade para o empreendedorismo jovem, essa foi a defini\u00e7\u00e3o da estudante de 17 anos, do Col\u00e9gio Estadual Al\u00edpio Franca, J\u00falia Reis Nascimento, para a 2\u00aa edi\u00e7\u00e3o do projeto \u201cPeriferia de Direitos\u201d, realizado na quinta (10) e sexta-feira (11), na Cidade Baixa, em Salvador, pelo Governo do Estado, por meio da Coordena\u00e7\u00e3o de Articula\u00e7\u00e3o Social da Secretaria de Rela\u00e7\u00f5es Institucionais (Serin).<\/p>\n<p>A iniciativa, que oferece uma ampla oferta de servi\u00e7os essenciais, al\u00e9m de atividades culturais e de lazer para as comunidades da cidade, proporcionou aos estudantes do terceiro ano, a possibilidade de arrecadar fundos para a formatura, atrav\u00e9s de um bazar de roupas, acess\u00f3rios e cal\u00e7ados, coordenado pela jovem J\u00falia, com o apoio da Coordena\u00e7\u00e3o Geral de Pol\u00edticas P\u00fablicas de Juventude (Cojuve), vinculada \u00e0 Serin.<\/p>\n<p>\u201c\u00c9 a primeira vez que estamos fazendo algo empreendedor, ent\u00e3o \u00e9 perfeito. O nosso bazar est\u00e1 funcionando nesses dois dias de evento e j\u00e1 arrecadamos mais de 50% da quantia que precisamos para realizar a nossa formatura. A escola nunca teve um momento como esse ao longo dos anos e ser\u00e1 especial\u201d, comentou a estudante que reuniu pe\u00e7as de outros alunos e familiares para comercializar no bazar.<\/p>\n<p>Aberto ao p\u00fablico, das 8h \u00e0s 17h, e com o envolvimento de diversas secretarias estaduais e institui\u00e7\u00f5es parceiras, a a\u00e7\u00e3o refor\u00e7a o compromisso da gest\u00e3o estadual em ampliar o acesso a direitos e estar mais perto das comunidades. Como foi o caso de Ant\u00f4nio Jorge, 67, aposentado, morador de Caminho de Areia. \u201cVim realizar o servi\u00e7o de mudan\u00e7a de titularidade na Embasa e achei essa oportunidade maravilhosa, pertinho de casa\u201d, pontuou.<\/p>\n<p>De acordo com Silvio Lacerda, assessor de articula\u00e7\u00e3o social da Serin, o n\u00famero de atendimentos j\u00e1 ultrapassou dois mil at\u00e9 o in\u00edcio da manh\u00e3 desta sexta-feira (11), somando as duas unidades escolares: Col\u00e9gio Estadual Al\u00edpio Franca e Col\u00e9gio da Pol\u00edcia Militar (CPM). \u201cA nossa primeira edi\u00e7\u00e3o foi no Bairro da Paz, onde conseguimos atender quase cinco mil pessoas e agora estamos fazendo aqui na Cidade Baixa. A expectativa \u00e9 que consigamos dobrar esse n\u00famero hoje, com a oferta de servi\u00e7os de sa\u00fade no CPM. Tem muita gente chegando para realizar exames laboratoriais\u201d, avaliou Lacerda.<\/p>\n<p><strong>Servi\u00e7os e cidadania<\/strong><\/p>\n<p>No Col\u00e9gio Estadual Al\u00edpio Franca, os moradores da regi\u00e3o ainda podem contar, atrav\u00e9s da Coordena\u00e7\u00e3o de Promo\u00e7\u00e3o da Cidadania e Direitos Humanos (CPCDH), com emiss\u00e3o da 2\u00aa via da Certid\u00e3o de Nascimento, de Casamento e de \u00d3bito; Rodas de Conversa com estudantes sobre os temas da Coordena\u00e7\u00e3o de Enfrentamento ao Tr\u00e1fico de Pessoas e Contrabando de Migrantes, Combate ao Trabalho Escravo e Pol\u00edtica de Migra\u00e7\u00e3o, Ref\u00fagio e Apatridia (CETP); j\u00e1 o Procon (Superintend\u00eancia de Prote\u00e7\u00e3o e Defesa do Consumidor) vai disponibilizar atendimento para registro de reclama\u00e7\u00f5es, orienta\u00e7\u00f5es sobre direitos do consumidor e para renegocia\u00e7\u00e3o de d\u00edvidas, contribuindo para o al\u00edvio financeiro de fam\u00edlias endividadas. Ainda h\u00e1 cadastro no CREDIAFRO, atendimento com o programa Corra pro Abra\u00e7o, atendimento de demandas jur\u00eddicas e emiss\u00e3o do ID Jovem.<\/p>\n<p><strong>Exames gratuitos<\/strong><\/p>\n<p>No CPM, est\u00e3o sendo ofertados exames de ultrassonografia, eletrocardiograma, mamografia e laborat\u00f3rio de coleta. A Feira Sa\u00fade Mais Perto funciona at\u00e9 as 16h desta sexta (11), com todos os servi\u00e7os gratuitos de sa\u00fade para a popula\u00e7\u00e3o. Para ser atendido, basta levar: RG, CPF, Cart\u00e3o do SUS e solicita\u00e7\u00e3o m\u00e9dica (para exames de imagem e laboratoriais).<\/p>\n<div>\n<div class=\"trv-player-container\">\n<div class=\"trv-wrapper\">\n<div id=\"br_video_player_a509d4eda65cee59c93df7a68caf559dc3c659f9\" class=\"trvd_video_player trvdinstream\">\n<div class=\"media-player\">\n<div class=\"trv-video\">\n<div id=\"truvid_ima_container311\" class=\"truvid_ima_container trv-ima-container-hidden\">\n<div>O aposentado de 72 anos, Alban Jos\u00e9 Pacheco, veio do bairro do Uruguai para fazer um check-up e aprovou o atendimento. \u201cEu vim aqui em busca de todos. At\u00e9 agora j\u00e1 fiz laborat\u00f3rio, ultrassom do abd\u00f4men e exame de pr\u00f3stata. Estou aguardando o eletrocardiograma. \u00c9 um prazer fazer tudo em um s\u00f3 lugar, com atendimento r\u00e1pido e muito organizado. Show de bola!\u201d, descreveu.<\/div>\n<\/div>\n<\/div>\n<\/div>\n<\/div>\n<\/div>\n<\/div>\n<\/div>\n<p>A pr\u00f3xima edi\u00e7\u00e3o do \u201cPeriferia de Direitos\u201d dever\u00e1 ser realizada no bairro Piraj\u00e1 ou no Sub\u00farbio Ferrovi\u00e1rio.<\/p>\n<\/div>\n<\/div>\n","protected":false},"excerpt":{"rendered":"<p>Oportunidade para o empreendedorismo jovem, essa foi a defini\u00e7\u00e3o da estudante de 17 anos, do Col\u00e9gio Estadual Al\u00edpio Franca, J\u00falia Reis Nascimento, para a 2\u00aa edi\u00e7\u00e3o do projeto \u201cPeriferia de Direitos\u201d, realizado na quinta (10) e sexta-feira (11), na Cidade Baixa, em Salvador, pelo Governo do Estado, por meio da Coordena\u00e7\u00e3o de Articula\u00e7\u00e3o Social da [&hellip;]<\/p>\n","protected":false},"author":1,"featured_media":13355,"comment_status":"open","ping_status":"closed","sticky":false,"template":"","format":"standard","meta":{"jnews-multi-image_gallery":[],"jnews_single_post":[],"jnews_primary_category":[],"footnotes":""},"categories":[206],"tags":[],"class_list":["post-13353","post","type-post","status-publish","format-standard","has-post-thumbnail","hentry","category-periferia-de-direitos"],"_links":{"self":[{"href":"https:\/\/cidadebaixaonline.com.br\/index.php\/wp-json\/wp\/v2\/posts\/13353","targetHints":{"allow":["GET"]}}],"collection":[{"href":"https:\/\/cidadebaixaonline.com.br\/index.php\/wp-json\/wp\/v2\/posts"}],"about":[{"href":"https:\/\/cidadebaixaonline.com.br\/index.php\/wp-json\/wp\/v2\/types\/post"}],"author":[{"embeddable":true,"href":"https:\/\/cidadebaixaonline.com.br\/index.php\/wp-json\/wp\/v2\/users\/1"}],"replies":[{"embeddable":true,"href":"https:\/\/cidadebaixaonline.com.br\/index.php\/wp-json\/wp\/v2\/comments?post=13353"}],"version-history":[{"count":1,"href":"https:\/\/cidadebaixaonline.com.br\/index.php\/wp-json\/wp\/v2\/posts\/13353\/revisions"}],"predecessor-version":[{"id":13354,"href":"https:\/\/cidadebaixaonline.com.br\/index.php\/wp-json\/wp\/v2\/posts\/13353\/revisions\/13354"}],"wp:featuredmedia":[{"embeddable":true,"href":"https:\/\/cidadebaixaonline.com.br\/index.php\/wp-json\/wp\/v2\/media\/13355"}],"wp:attachment":[{"href":"https:\/\/cidadebaixaonline.com.br\/index.php\/wp-json\/wp\/v2\/media?parent=13353"}],"wp:term":[{"taxonomy":"category","embeddable":true,"href":"https:\/\/cidadebaixaonline.com.br\/index.php\/wp-json\/wp\/v2\/categories?post=13353"},{"taxonomy":"post_tag","embeddable":true,"href":"https:\/\/cidadebaixaonline.com.br\/index.php\/wp-json\/wp\/v2\/tags?post=13353"}],"curies":[{"name":"wp","href":"https:\/\/api.w.org\/{rel}","templated":true}]}}