{"id":13351,"date":"2025-07-11T14:04:49","date_gmt":"2025-07-11T17:04:49","guid":{"rendered":"https:\/\/cidadebaixaonline.com.br\/?p=13351"},"modified":"2025-07-11T14:04:49","modified_gmt":"2025-07-11T17:04:49","slug":"78-das-escolas-em-salvador-estao-funcionando-diz-prefeitura","status":"publish","type":"post","link":"https:\/\/cidadebaixaonline.com.br\/index.php\/2025\/07\/11\/78-das-escolas-em-salvador-estao-funcionando-diz-prefeitura\/","title":{"rendered":"78% das escolas em Salvador est\u00e3o funcionando, diz prefeitura"},"content":{"rendered":"<div class=\"materia\">\n<div class=\"conteudo_post\">\n<p>A Prefeitura de Salvador informou nesta quinta-feira (10) que aproximadamente 78% das escolas da rede municipal est\u00e3o em funcionamento, apesar da greve dos profissionais da educa\u00e7\u00e3o. Segundo a Secretaria Municipal da Educa\u00e7\u00e3o (Smed), 321 das 412 unidades retomaram as atividades nos \u00faltimos dias, em raz\u00e3o do retorno gradual de parte dos servidores \u00e0s fun\u00e7\u00f5es.<\/p>\n<p>A gest\u00e3o municipal voltou a defender o fim do movimento grevista e declarou que o objetivo \u00e9 garantir o pleno funcionamento da rede, com impactos positivos para os estudantes e suas fam\u00edlias.<\/p>\n<p>De acordo com a prefeitura, a campanha salarial de 2025 resultou em reajustes que variam de 9% a 18% para os profissionais da educa\u00e7\u00e3o, percentuais superiores ao reajuste nacional do piso da categoria, fixado em 6,27%.<\/p>\n<p>A legisla\u00e7\u00e3o aprovada pela C\u00e2mara assegura que nenhum professor da rede receba abaixo do piso nacional, atualmente em R$ 4.867,77.<\/p>\n<p>A administra\u00e7\u00e3o municipal afirma que a nova tabela de vencimentos \u00e9 irrevog\u00e1vel, conforme veda\u00e7\u00e3o da Constitui\u00e7\u00e3o \u00e0 redu\u00e7\u00e3o de sal\u00e1rios. No entanto, dentro do processo de negocia\u00e7\u00e3o com representantes da categoria, a prefeitura diz ter acordado a revis\u00e3o parcial da lei, com os seguintes pontos:<\/p>\n<p>\u2013 Atualiza\u00e7\u00e3o dos valores da Gratifica\u00e7\u00e3o de Otimiza\u00e7\u00e3o de acordo com os pr\u00f3ximos reajustes salariais;<br \/>\n\u2013 Restabelecimento do limite de 25% para a Gratifica\u00e7\u00e3o de Aprimoramento;<br \/>\n\u2013 Retorno da ajuda de custo para professores lotados em escolas das ilhas;<br \/>\n\u2013 Retorno da gratifica\u00e7\u00e3o para docentes que atuam em unidades socioeducativas.<\/p>\n<p>Ainda durante a mesa de negocia\u00e7\u00e3o, foi pactuada a possibilidade de convers\u00e3o da licen\u00e7a-pr\u00eamio em pec\u00fania, a ser regulamentada futuramente. Tamb\u00e9m foi anunciada a cria\u00e7\u00e3o de vagas nos n\u00edveis 2, 3 e 4 da carreira, para ampliar as oportunidades de progress\u00e3o por titula\u00e7\u00e3o.A prefeitura informou que, al\u00e9m das medidas j\u00e1 apresentadas, n\u00e3o haver\u00e1 novas rodadas de negocia\u00e7\u00e3o enquanto a greve for mantida. A administra\u00e7\u00e3o sustenta que j\u00e1 foram oferecidos os avan\u00e7os poss\u00edveis dentro do atual cen\u00e1rio or\u00e7ament\u00e1rio e legal.<\/p>\n<p>A gest\u00e3o tamb\u00e9m ressaltou que a greve foi considerada ilegal por decis\u00f5es judiciais, incluindo senten\u00e7as do Supremo Tribunal Federal (STF), e refor\u00e7ou o apelo pelo retorno dos profissionais \u00e0s atividades, em nome da continuidade do calend\u00e1rio escolar e do direito \u00e0 educa\u00e7\u00e3o.<\/p>\n<\/div>\n<\/div>\n","protected":false},"excerpt":{"rendered":"<p>A Prefeitura de Salvador informou nesta quinta-feira (10) que aproximadamente 78% das escolas da rede municipal est\u00e3o em funcionamento, apesar da greve dos profissionais da educa\u00e7\u00e3o. Segundo a Secretaria Municipal da Educa\u00e7\u00e3o (Smed), 321 das 412 unidades retomaram as atividades nos \u00faltimos dias, em raz\u00e3o do retorno gradual de parte dos servidores \u00e0s fun\u00e7\u00f5es. A [&hellip;]<\/p>\n","protected":false},"author":1,"featured_media":12492,"comment_status":"open","ping_status":"closed","sticky":false,"template":"","format":"standard","meta":{"jnews-multi-image_gallery":[],"jnews_single_post":[],"jnews_primary_category":[],"footnotes":""},"categories":[140],"tags":[],"class_list":["post-13351","post","type-post","status-publish","format-standard","has-post-thumbnail","hentry","category-prefeitura-de-salvador"],"_links":{"self":[{"href":"https:\/\/cidadebaixaonline.com.br\/index.php\/wp-json\/wp\/v2\/posts\/13351","targetHints":{"allow":["GET"]}}],"collection":[{"href":"https:\/\/cidadebaixaonline.com.br\/index.php\/wp-json\/wp\/v2\/posts"}],"about":[{"href":"https:\/\/cidadebaixaonline.com.br\/index.php\/wp-json\/wp\/v2\/types\/post"}],"author":[{"embeddable":true,"href":"https:\/\/cidadebaixaonline.com.br\/index.php\/wp-json\/wp\/v2\/users\/1"}],"replies":[{"embeddable":true,"href":"https:\/\/cidadebaixaonline.com.br\/index.php\/wp-json\/wp\/v2\/comments?post=13351"}],"version-history":[{"count":1,"href":"https:\/\/cidadebaixaonline.com.br\/index.php\/wp-json\/wp\/v2\/posts\/13351\/revisions"}],"predecessor-version":[{"id":13352,"href":"https:\/\/cidadebaixaonline.com.br\/index.php\/wp-json\/wp\/v2\/posts\/13351\/revisions\/13352"}],"wp:featuredmedia":[{"embeddable":true,"href":"https:\/\/cidadebaixaonline.com.br\/index.php\/wp-json\/wp\/v2\/media\/12492"}],"wp:attachment":[{"href":"https:\/\/cidadebaixaonline.com.br\/index.php\/wp-json\/wp\/v2\/media?parent=13351"}],"wp:term":[{"taxonomy":"category","embeddable":true,"href":"https:\/\/cidadebaixaonline.com.br\/index.php\/wp-json\/wp\/v2\/categories?post=13351"},{"taxonomy":"post_tag","embeddable":true,"href":"https:\/\/cidadebaixaonline.com.br\/index.php\/wp-json\/wp\/v2\/tags?post=13351"}],"curies":[{"name":"wp","href":"https:\/\/api.w.org\/{rel}","templated":true}]}}