{"id":13342,"date":"2025-07-10T14:27:40","date_gmt":"2025-07-10T17:27:40","guid":{"rendered":"https:\/\/cidadebaixaonline.com.br\/?p=13342"},"modified":"2025-07-10T14:27:41","modified_gmt":"2025-07-10T17:27:41","slug":"projeto-leva-arte-urbana-ao-bairro-uruguai-com-oficina-gratuita-de-grafite","status":"publish","type":"post","link":"https:\/\/cidadebaixaonline.com.br\/index.php\/2025\/07\/10\/projeto-leva-arte-urbana-ao-bairro-uruguai-com-oficina-gratuita-de-grafite\/","title":{"rendered":"Projeto leva arte urbana ao bairro Uruguai com oficina gratuita de grafite"},"content":{"rendered":"<div class=\"flex flex-col w-full\"><\/div>\n<div class=\"flex flex-col w-full\">\n<div id=\"imagem-wah8qn54xt\" class=\"w-full\">O bairro Uruguai, na Cidade Baixa, ser\u00e1 o cen\u00e1rio da segunda etapa do projeto \u201cTem Arte nas Ruas\u201d neste s\u00e1bado (12). A iniciativa, que valoriza a arte urbana de Salvador e promove a economia criativa local, teve sua estreia em junho no bairro do Curuzu e agora avan\u00e7a para ampliar sua galeria viva pela cidade<\/div>\n<\/div>\n<div class=\"flex flex-col w-full font-normal text-[18px] leading-[30px] text-tw-theme-text-default\">\n<p id=\"paragrafo-qwuzrdvao2\">Neste momento do projeto, 30 artistas, 20 baianos e 10 de outros estados brasileiros, transformam as ruas da capital em um grande espa\u00e7o de express\u00e3o cultural. Para celebrar a etapa, est\u00e1 programado um caf\u00e9 da manh\u00e3 coletivo aberto \u00e0 comunidade, seguido por uma visita guiada \u00e0s obras com a presen\u00e7a dos artistas. A pr\u00f3xima e \u00faltima etapa ser\u00e1 realizada no bairro S\u00e3o Jo\u00e3o do Cabrito, conhecido por sua forte identidade cultural.<\/p>\n<\/div>\n<div class=\"flex flex-col w-full font-normal text-[18px] leading-[30px] text-tw-theme-text-default\">\n<p id=\"paragrafo-zkgedv50nm\">Como parte das atividades, ser\u00e1 oferecida uma oficina gratuita de grafite em parceria com o Coletivo Art\u00edstico MUSAS (Museu de Street Art Salvador). S\u00e3o 50 vagas dispon\u00edveis, com inscri\u00e7\u00f5es abertas pela internet at\u00e9 o meio-dia de sexta-feira (11) ou presencialmente no dia do evento.<\/p>\n<\/div>\n<div class=\"flex flex-col w-full font-normal text-[18px] leading-[30px] text-tw-theme-text-default\">\n<p id=\"paragrafo-3ysit6nb7b\">O projeto \u201cTem Arte nas Ruas\u201d \u00e9 apresentado pelo Minist\u00e9rio da Cultura, Nubank e Larco, por meio da Lei Federal de Incentivo \u00e0 Cultura, e realizado pela Mar\u00e9 Produ\u00e7\u00f5es, Minist\u00e9rio da Cultura e Governo Federal. Para acompanhar as novidades e detalhes, o p\u00fablico pode seguir as redes sociais oficiais no Instagram: @temartenasruas.<\/p>\n<\/div>\n<div class=\"flex flex-col w-full font-normal text-[18px] leading-[30px] text-tw-theme-text-default\">\n<p id=\"paragrafo-vd61m0smtg\"><b>SERVI\u00c7O<\/b><\/p>\n<\/div>\n<div class=\"flex flex-col w-full font-normal text-[18px] leading-[30px] text-tw-theme-text-default\">\n<p id=\"paragrafo-jwd3atda8o\">O qu\u00ea: Lan\u00e7amento oficial projeto \u2018Tem Arte Nas Ruas\u2019<\/p>\n<\/div>\n<div class=\"flex flex-col w-full font-normal text-[18px] leading-[30px] text-tw-theme-text-default\">\n<p id=\"paragrafo-4nw6mjzeqy\">Quando: 11 de julho, das 9h \u00e0s 12h<\/p>\n<\/div>\n<div class=\"flex flex-col w-full font-normal text-[18px] leading-[30px] text-tw-theme-text-default\">\n<p id=\"paragrafo-ma05h23a2p\">Onde: Pra\u00e7a Santa Luzia, Escola Comunit\u00e1ria Luiza Mahin, Uruguai<\/p>\n<\/div>\n<div class=\"flex flex-col w-full font-normal text-[18px] leading-[30px] text-tw-theme-text-default\">\n<p id=\"paragrafo-59d25i1vdt\">Como: Caf\u00e9 da manh\u00e3 especial, visita guiada e oficina de grafite<\/p>\n<\/div>\n<div class=\"flex flex-col w-full font-normal text-[18px] leading-[30px] text-tw-theme-text-default\">\n<p id=\"paragrafo-x9z23jyvme\">Link para as inscri\u00e7\u00f5es na oficina:\u00a0<b>https:\/\/forms.gle\/n8Jd7NJwQjS4gi8p7<\/b><\/p>\n<\/div>\n<div class=\"flex flex-col w-full font-normal text-[18px] leading-[30px] text-tw-theme-text-default\">\n<p id=\"paragrafo-jg3ga0vp8m\">GRATUITO<\/p>\n<\/div>\n","protected":false},"excerpt":{"rendered":"<p>O bairro Uruguai, na Cidade Baixa, ser\u00e1 o cen\u00e1rio da segunda etapa do projeto \u201cTem Arte nas Ruas\u201d neste s\u00e1bado (12). A iniciativa, que valoriza a arte urbana de Salvador e promove a economia criativa local, teve sua estreia em junho no bairro do Curuzu e agora avan\u00e7a para ampliar sua galeria viva pela cidade [&hellip;]<\/p>\n","protected":false},"author":1,"featured_media":13344,"comment_status":"open","ping_status":"closed","sticky":false,"template":"","format":"standard","meta":{"jnews-multi-image_gallery":[],"jnews_single_post":[],"jnews_primary_category":[],"footnotes":""},"categories":[205],"tags":[],"class_list":["post-13342","post","type-post","status-publish","format-standard","has-post-thumbnail","hentry","category-tem-arte-nas-ruas"],"_links":{"self":[{"href":"https:\/\/cidadebaixaonline.com.br\/index.php\/wp-json\/wp\/v2\/posts\/13342","targetHints":{"allow":["GET"]}}],"collection":[{"href":"https:\/\/cidadebaixaonline.com.br\/index.php\/wp-json\/wp\/v2\/posts"}],"about":[{"href":"https:\/\/cidadebaixaonline.com.br\/index.php\/wp-json\/wp\/v2\/types\/post"}],"author":[{"embeddable":true,"href":"https:\/\/cidadebaixaonline.com.br\/index.php\/wp-json\/wp\/v2\/users\/1"}],"replies":[{"embeddable":true,"href":"https:\/\/cidadebaixaonline.com.br\/index.php\/wp-json\/wp\/v2\/comments?post=13342"}],"version-history":[{"count":1,"href":"https:\/\/cidadebaixaonline.com.br\/index.php\/wp-json\/wp\/v2\/posts\/13342\/revisions"}],"predecessor-version":[{"id":13343,"href":"https:\/\/cidadebaixaonline.com.br\/index.php\/wp-json\/wp\/v2\/posts\/13342\/revisions\/13343"}],"wp:featuredmedia":[{"embeddable":true,"href":"https:\/\/cidadebaixaonline.com.br\/index.php\/wp-json\/wp\/v2\/media\/13344"}],"wp:attachment":[{"href":"https:\/\/cidadebaixaonline.com.br\/index.php\/wp-json\/wp\/v2\/media?parent=13342"}],"wp:term":[{"taxonomy":"category","embeddable":true,"href":"https:\/\/cidadebaixaonline.com.br\/index.php\/wp-json\/wp\/v2\/categories?post=13342"},{"taxonomy":"post_tag","embeddable":true,"href":"https:\/\/cidadebaixaonline.com.br\/index.php\/wp-json\/wp\/v2\/tags?post=13342"}],"curies":[{"name":"wp","href":"https:\/\/api.w.org\/{rel}","templated":true}]}}