{"id":13336,"date":"2025-07-10T14:15:19","date_gmt":"2025-07-10T17:15:19","guid":{"rendered":"https:\/\/cidadebaixaonline.com.br\/?p=13336"},"modified":"2025-07-10T14:15:20","modified_gmt":"2025-07-10T17:15:20","slug":"estado-promove-serie-de-feiras-com-acoes-de-saude-e-servicos-sociais","status":"publish","type":"post","link":"https:\/\/cidadebaixaonline.com.br\/index.php\/2025\/07\/10\/estado-promove-serie-de-feiras-com-acoes-de-saude-e-servicos-sociais\/","title":{"rendered":"Estado promove s\u00e9rie de feiras com a\u00e7\u00f5es de sa\u00fade e servi\u00e7os sociais"},"content":{"rendered":"<div class=\"materia\">\n<div class=\"conteudo_post\">\n<figure id=\"attachment_490282\" class=\"wp-caption aligncenter\" aria-describedby=\"caption-attachment-490282\"><\/figure>\n<p>O Governo do Estado realiza, nesta quinta-feira (10), a 2\u00aa edi\u00e7\u00e3o do projeto \u201cPeriferia de Direitos\u201d, no bairro do Bonfim, na Cidade Baixa, em Salvador. A iniciativa, realizada pela Secretaria de Rela\u00e7\u00f5es Institucionais (Serin) por meio da Coordena\u00e7\u00e3o de Articula\u00e7\u00e3o Social, oferece uma s\u00e9rie de servi\u00e7os essenciais, atividades culturais, esportivas e de cidadania para a popula\u00e7\u00e3o de favelas e comunidades urbanas da regi\u00e3o.Nesta manh\u00e3, o governador Jer\u00f4nimo Rodrigues acompanhou a a\u00e7\u00e3o ao lado do vice-governador, Geraldo J\u00fanior, dos secret\u00e1rios de Rela\u00e7\u00f5es Institucionais, Adolpho Loyola, da Sa\u00fade (Sesab), Roberta Santana, e de outros representantes do Estado. Jer\u00f4nimo visitou a programa\u00e7\u00e3o no Col\u00e9gio da Pol\u00edcia Militar (CPM), nos Dendezeiros, e no Col\u00e9gio Estadual Al\u00edpio Franca, tamb\u00e9m no Bonfim. A a\u00e7\u00e3o tem como objetivo levar o Estado para dentro das comunidades, promovendo pol\u00edticas p\u00fablicas de forma territorializada, com foco na amplia\u00e7\u00e3o do acesso a direitos sociais e na escuta qualificada das demandas da popula\u00e7\u00e3o.<\/p>\n<p><strong>Sa\u00fade<\/strong><\/p>\n<p>No Col\u00e9gio da Pol\u00edcia Militar, a Sesab promove a Feira Sa\u00fade Mais Perto, em parceria com as Volunt\u00e1rias Sociais da Bahia. At\u00e9 sexta-feira (11), moradores da regi\u00e3o t\u00eam acesso gratuito a exames de ultrassonografia, eletrocardiograma, mamografia e coleta laboratorial. Os atendimentos ocorrem das 8h \u00e0s 16h, mediante apresenta\u00e7\u00e3o de RG, CPF, Cart\u00e3o SUS e solicita\u00e7\u00e3o m\u00e9dica.<\/p>\n<p>A cuidadora e aut\u00f4noma, Rosana C\u00e9sar de Jesus, de 56 anos, \u00e9 moradora do bairro Jardim Cruzeiro e destacou a import\u00e2ncia da a\u00e7\u00e3o e a praticidade em ter os servi\u00e7os dispon\u00edveis. \u201cEu acho uma maravilha. J\u00e1 \u00e9 a segunda vez que eu venho e estou amando. Todos os exames que eu preciso fazer, eu estou achando aqui hoje\u201d, disse.<\/p>\n<p>A secret\u00e1ria Roberta Santana destacou a import\u00e2ncia da a\u00e7\u00e3o. \u201cA nossa miss\u00e3o \u00e9 garantir que a sa\u00fade chegue para todos, especialmente para quem tem mais dificuldade de acesso. Essa \u00e9 uma a\u00e7\u00e3o concreta de cuidado e cidadania\u201d.<\/p>\n<p><strong>Justi\u00e7a, direitos e prote\u00e7\u00e3o social<\/strong><\/p>\n<p>J\u00e1 no Col\u00e9gio Estadual Al\u00edpio Franca, a Secretaria de Justi\u00e7a e Direitos Humanos (SJDH) oferece uma s\u00e9rie de atendimentos e orienta\u00e7\u00f5es jur\u00eddicas. Por meio da Coordena\u00e7\u00e3o de Promo\u00e7\u00e3o da Cidadania e Direitos Humanos (CPCDH), s\u00e3o realizados servi\u00e7os como emiss\u00e3o gratuita da segunda via de certid\u00f5es de nascimento, casamento e \u00f3bito. O p\u00fablico tamb\u00e9m participa de rodas de conversa sobre temas como o combate ao tr\u00e1fico de pessoas, trabalho escravo e pol\u00edticas de migra\u00e7\u00e3o e ref\u00fagio. As discuss\u00f5es fazem parte da campanha internacional \u201cCora\u00e7\u00e3o Azul\u201d, coordenada na Bahia pela CETP\/SJDH em parceria com a Organiza\u00e7\u00e3o das Na\u00e7\u00f5es Unidas (ONU).<\/p>\n<p>Para o chefe de gabinete da SJDH, Raimundo Nascimento, que representou o secret\u00e1rio Felipe Freitas, o projeto fortalece o papel do Estado como agente de inclus\u00e3o. \u201cEstamos promovendo direitos humanos com base no di\u00e1logo, na escuta e no atendimento direto \u00e0 popula\u00e7\u00e3o\u201d, afirmou. O Procon-BA, tamb\u00e9m presente no evento, realiza atendimentos para renegocia\u00e7\u00e3o de d\u00edvidas, registro de reclama\u00e7\u00f5es e orienta\u00e7\u00f5es sobre direitos do consumidor.<\/p>\n<p><strong>Parceria e servi\u00e7os<\/strong><\/p>\n<p>O evento conta ainda com uma estrutura diversificada no Col\u00e9gio Estadual Al\u00edpio Franca. Entre os parceiros e servi\u00e7os ofertados, est\u00e3o: Seades\/Corra pro Abra\u00e7o \u2013 com atendimento especializado para popula\u00e7\u00f5es vulner\u00e1veis; Centro Comunit\u00e1rio Irm\u00e3 Dulce \u2013 com oficinas de dan\u00e7a e acolhimento para mulheres; Coelba \u2013 com troca de l\u00e2mpadas e descontos na conta de energia mediante reciclagem; Embasa \u2013 com atendimento ao consumidor; SineBahia\/Setre \u2013 com cadastro para vagas de emprego; Cojuve- com servi\u00e7os voltados \u00e0 juventude; Defensoria P\u00fablica \u2013 com atendimento jur\u00eddico gratuito; Funda\u00e7\u00e3o Pedro Calmon \u2013 com exposi\u00e7\u00e3o liter\u00e1ria sobre Carolina Maria de Jesus e biblioteca m\u00f3vel; Hemoba- com doa\u00e7\u00e3o de sangue; Flem \u2013 com informa\u00e7\u00f5es sobre o Programa Primeiro Emprego; Sepromi \u2013 com servi\u00e7os do CrediAfro e Centro Nelson Mandela; Instituto Pedro Melo \u2013 com emiss\u00e3o de carteira de identidade (RG); Secretaria de Pol\u00edticas para Mulheres (SPM) \u2013 com atendimento com unidade m\u00f3vel; al\u00e9m de atividades culturais e esportivas na quadra do col\u00e9gio, com participa\u00e7\u00e3o ativa da comunidade.<\/p>\n<p>Projeto Periferia de DireitosO projeto Periferia de Direitos tem como objetivo principal garantir que os direitos sociais previstos na Constitui\u00e7\u00e3o cheguem de forma efetiva \u00e0s popula\u00e7\u00f5es que vivem em \u00e1reas perif\u00e9ricas de Salvador. A iniciativa busca fortalecer o protagonismo das comunidades, ampliar o acesso a pol\u00edticas p\u00fablicas e integrar as a\u00e7\u00f5es entre diferentes \u00f3rg\u00e3os do governo.<\/p>\n<p>Segundo o secret\u00e1rio de Rela\u00e7\u00f5es Institucionais, Adolpho Loyola, o projeto \u00e9 uma ferramenta fundamental para aproximar o Estado das realidades locais. \u201c\u00c9 uma a\u00e7\u00e3o transversal entre v\u00e1rias secretarias, com o objetivo de levar a pol\u00edtica p\u00fablica e os servi\u00e7os do Governo do Estado at\u00e9 a ponta, diretamente ao cidad\u00e3o, especialmente nas periferias, onde muitas pessoas enfrentam dificuldades para se deslocar durante a semana, pegar um \u00f4nibus, acessar um servi\u00e7o. Por isso, trazer esses atendimentos para mais perto, para as periferias, \u00e9 fundamental. O governador Jer\u00f4nimo quer justamente isso, governar para todos e todas.\u201d<\/p>\n<\/div>\n<\/div>\n","protected":false},"excerpt":{"rendered":"<p>O Governo do Estado realiza, nesta quinta-feira (10), a 2\u00aa edi\u00e7\u00e3o do projeto \u201cPeriferia de Direitos\u201d, no bairro do Bonfim, na Cidade Baixa, em Salvador. A iniciativa, realizada pela Secretaria de Rela\u00e7\u00f5es Institucionais (Serin) por meio da Coordena\u00e7\u00e3o de Articula\u00e7\u00e3o Social, oferece uma s\u00e9rie de servi\u00e7os essenciais, atividades culturais, esportivas e de cidadania para a [&hellip;]<\/p>\n","protected":false},"author":1,"featured_media":13338,"comment_status":"open","ping_status":"closed","sticky":false,"template":"","format":"standard","meta":{"jnews-multi-image_gallery":[],"jnews_single_post":[],"jnews_primary_category":[],"footnotes":""},"categories":[94],"tags":[],"class_list":["post-13336","post","type-post","status-publish","format-standard","has-post-thumbnail","hentry","category-saude-2"],"_links":{"self":[{"href":"https:\/\/cidadebaixaonline.com.br\/index.php\/wp-json\/wp\/v2\/posts\/13336","targetHints":{"allow":["GET"]}}],"collection":[{"href":"https:\/\/cidadebaixaonline.com.br\/index.php\/wp-json\/wp\/v2\/posts"}],"about":[{"href":"https:\/\/cidadebaixaonline.com.br\/index.php\/wp-json\/wp\/v2\/types\/post"}],"author":[{"embeddable":true,"href":"https:\/\/cidadebaixaonline.com.br\/index.php\/wp-json\/wp\/v2\/users\/1"}],"replies":[{"embeddable":true,"href":"https:\/\/cidadebaixaonline.com.br\/index.php\/wp-json\/wp\/v2\/comments?post=13336"}],"version-history":[{"count":1,"href":"https:\/\/cidadebaixaonline.com.br\/index.php\/wp-json\/wp\/v2\/posts\/13336\/revisions"}],"predecessor-version":[{"id":13337,"href":"https:\/\/cidadebaixaonline.com.br\/index.php\/wp-json\/wp\/v2\/posts\/13336\/revisions\/13337"}],"wp:featuredmedia":[{"embeddable":true,"href":"https:\/\/cidadebaixaonline.com.br\/index.php\/wp-json\/wp\/v2\/media\/13338"}],"wp:attachment":[{"href":"https:\/\/cidadebaixaonline.com.br\/index.php\/wp-json\/wp\/v2\/media?parent=13336"}],"wp:term":[{"taxonomy":"category","embeddable":true,"href":"https:\/\/cidadebaixaonline.com.br\/index.php\/wp-json\/wp\/v2\/categories?post=13336"},{"taxonomy":"post_tag","embeddable":true,"href":"https:\/\/cidadebaixaonline.com.br\/index.php\/wp-json\/wp\/v2\/tags?post=13336"}],"curies":[{"name":"wp","href":"https:\/\/api.w.org\/{rel}","templated":true}]}}