{"id":13326,"date":"2025-07-09T16:38:20","date_gmt":"2025-07-09T19:38:20","guid":{"rendered":"https:\/\/cidadebaixaonline.com.br\/?p=13326"},"modified":"2025-07-09T16:38:20","modified_gmt":"2025-07-09T19:38:20","slug":"marcia-ganem-lanca-movimento-irun-na-casa-de-castro-alves-2","status":"publish","type":"post","link":"https:\/\/cidadebaixaonline.com.br\/index.php\/2025\/07\/09\/marcia-ganem-lanca-movimento-irun-na-casa-de-castro-alves-2\/","title":{"rendered":"M\u00e1rcia Ganem lan\u00e7a Movimento IRUN na Casa de Castro Alves"},"content":{"rendered":"<section class=\"container\">\n<div class=\"flex justify-center gap-10 flex-wrap md:flex-nowrap\">\n<div class=\"w-full md:w-7\/12\">\n<div class=\"md:px-15\">\n<div class=\"prose-lg\">\n<p>No pr\u00f3ximo dia 13 de julho (domingo), a Casa de Castro Alves, na Rua do Passo, 52, Santo Ant\u00f4niono Al\u00e9m do Carmo, no Centro Hist\u00f3rico de Salvador, abre suas portas para o lan\u00e7amento oficial do Movimento IRUN, idealizado pela estilista e designer de joias M\u00e1rcia Ganem. Reconhecida internacionalmente por seu trabalho que une moda, sustentabilidade e cultura popular, M\u00e1rcia prop\u00f5e, com o IRUN, uma plataforma de a\u00e7\u00f5es que articula arte, ancestralidade e sustentabilidade como caminhos de transforma\u00e7\u00e3o coletiva.<\/p>\n<p>Inspirado na palavra tupinamb\u00e1 &#8220;Irun&#8221; \u2014 que significa \u201cirm\u00e3o\u201d ou \u201ccompanheiro\u201d \u2014, o movimento nasce para fortalecer redes culturais, promover forma\u00e7\u00f5es, exposi\u00e7\u00f5es, giras de saberes, feiras, saraus e shows. Tudo isso a partir da Casa de Castro Alves, centro cultural fundado por M\u00e1rcia no casar\u00e3o hist\u00f3rico onde viveu o poeta baiano. Com o Movimento IRUN, M\u00e1rcia reafirma seu compromisso com a cria\u00e7\u00e3o como ato coletivo e com o territ\u00f3rio como fonte de inova\u00e7\u00e3o viva.<\/p>\n<p>A abertura oficial do Movimento Irun come\u00e7a \u00e0s 14h, com a gira de saber ritual da Comunidade Bantu Ind\u00edgena, Caxut\u00e9 com Mameto Kafureng\u00e1, seguido do lan\u00e7amento dos cursos de tr\u00eas cursos formativos: Design Dial\u00f3gico, Permacultura Urbana e Cidadania Cultural.<\/p>\n<p>\u00c0s 17h haver\u00e1 a vernissage da Exposi\u00e7\u00e3o IRUN, que re\u00fane obras fotogr\u00e1ficas, rituais e oralidades de povos origin\u00e1rios, afrodescendentes, comunidades de terreiro e culturas caboclas. \u00a0A mostra prop\u00f5e um espa\u00e7o de encontro entre cosmogonias diversas, resist\u00eancia e pr\u00e1ticas sustent\u00e1veis.<br \/>\nEncerrando a noite, \u00e0s 19h, a cantora Irma Ferreira apresenta o pocket show \u201cCantos de \u00d2r\u00ec\u1e63\u00e0\u201d, acompanhada pelo violonista Ruan de Souza, em uma celebra\u00e7\u00e3o sonora de rever\u00eancia ao sagrado e \u00e0s heran\u00e7as afro-brasileiras.<br \/>\nEntenda o IRUN &#8211; Estruturado em ciclos comunit\u00e1rios, o IRUN atua de forma cont\u00ednua e participativa, conectando ancestralidade, inova\u00e7\u00e3o social e sustentabilidade.<\/p>\n<p>Cada ciclo do IRUN \u00e9 dedicado a uma comunidade espec\u00edfica e se desenvolve ao longo de cinco fases integradas:<br \/>\n\u2022 \u00a0 \u00a01\u00ba ciclo: Comunidade Caxut\u00e9 e Terreiros Angola do Baixo Sul da Bahia<br \/>\n\u2022 \u00a0 \u00a02\u00ba ciclo: Rendeiras de Saubara (Rec\u00f4ncavo Baiano)<br \/>\n\u2022 \u00a0 \u00a03\u00ba ciclo: Assentamento Terra Vista e Rede Teia dos Povos<br \/>\n\u2022 \u00a0 \u00a04\u00ba ciclo: Grupos culturais comunit\u00e1rios da Regi\u00e3o Metropolitana de Salvador<\/p>\n<p>Nestas comunidades ser\u00e3o realizadas v\u00e1rias a\u00e7\u00f5es, come\u00e7ando com um trabalho de reconhecimento das identidades locais e da mem\u00f3ria coletiva, com exposi\u00e7\u00f5es tem\u00e1ticas; forma\u00e7\u00e3o participativa, com cursos de Permacultura Urbana e Cidadania Cultural; Giras de Saberes, viv\u00eancias com mestres e mestras de diversas tradi\u00e7\u00f5es; materializa\u00e7\u00e3o Cultural, com feiras, festas e roteiros afetivos; e celebra\u00e7\u00e3o em rede, encontros que promovem trocas entre comunidades, artistas e parceiros.<\/p>\n<p>A for\u00e7a do IRUN est\u00e1 em sua metodologia original, o Design Dial\u00f3gico \u2014 um processo de escuta ativa e co-cria\u00e7\u00e3o, que parte dos saberes locais para propor solu\u00e7\u00f5es sustent\u00e1veis, promover autonomia e ampliar o acesso \u00e0s pol\u00edticas p\u00fablicas. Esse modelo promove inclus\u00e3o, inova\u00e7\u00e3o social e a valoriza\u00e7\u00e3o de patrim\u00f4nios imateriais.<\/p>\n<p>O projeto Movimento IRUN foi contemplado nos editais da Pol\u00edtica Nacional Aldir Blanc Bahia e tem apoio financeiro do Governo do Estado da Bahia, por meio da Secretaria de Cultura do Estado da Bahia via PNAB, direcionada pelo Minist\u00e9rio da Cultura &#8211; Governo Federal. A iniciativa \u00e9 tamb\u00e9m contemplada pela Pol\u00edtica Nacional Cultura Viva.<\/p>\n<\/div>\n<\/div>\n<div class=\"w-full my-2\"><\/div>\n<\/div>\n<\/div>\n<\/section>\n<section class=\"container mt-5\">\n<div class=\"flex justify-center gap-15 flex-wrap md:flex-nowrap\">\n<div class=\"w-full md:w-8\/12\">\n<div class=\"mb-10 flex justify-center mx-3 md:mx-6\">\n<div class=\"w-full\">\n<div id=\"taboola-below-article-thumbnails\" class=\"trc_related_container tbl-feed-container render-late-effect tbl-feed-frame-DIVIDER\" data-feed-container-num=\"1\" data-feed-main-container-id=\"taboola-below-article-thumbnails\" data-parent-placement-name=\"Below Article Thumbnails\" data-pub-lang=\"pt\">\n<div id=\"taboola-below-article-thumbnails-pl1\" class=\"tbl-feed-card trc_related_container tbl-trecs-container trc_spotlight_widget trc_elastic trc_elastic_thumbs-feed-01-b\" data-card-index=\"1\" data-placement-name=\"Below Article Thumbnails | Card 1\">\n<div class=\"trc_rbox_container\">\n<div>\n<div id=\"trc_wrapper_2382536438\" class=\"trc_rbox thumbs-feed-01-b trc-content-sponsored\">\n<div id=\"outer_2382536438\" class=\"trc_rbox_outer\">\n<div id=\"rbox-t2v\" class=\"trc_rbox_div trc_rbox_border_elm\">\n<div id=\"internal_trc_2382536438\">\n<div class=\"videoCube trc_spotlight_item origin-default textItem thumbnail_top videoCube_1_child syndicatedItem trc-first-recommendation trc-spotlight-first-recommendation trc_excludable\" data-item-id=\"~~V1~~-1808029336287360976~~kZ7XH3MAjoASN-9EfhSQHq3Y5s5qHnaBxYi_vIYtxEs_sCycm-cvRfmN-96PafPz5eQ4F5tIEefLOT0D4LvHHI98AcgQ-6cPdLnUpI3XNkVZnvx8rGklEAXUpjDL0Qk2dVMV9d2VpZilbVVO1f0XcZ2H_F5MYB-AMr5H9_HHxvqqRfQlV7gv4xVWLl6OgP9SO8GgCUbW9owPn0Cb7T5U4Wi7SnUqUMDNTWZrcubi2MsvXkUNYeyH9NQ0VlxBhArzHMQCDaJnypLkYDP9xWVq75VIByJi-0W07KyegL0QC3IYZKS4vqrBk5i32F0N4I3o0ql5cgiHIiwWFuX33JAkRH2gtyUsBfXjTj2Ql1ZxM53rPPQLPLDxcvGu5PvUI3A9hI-O4n9y0uCT83-v-iK0jtRyOkhgK7b33x1DAwTz9O8AWmHerjWE8nWenTbqNq3XgX2J26AgP6BAsA8ocqjWWjGYjJECE-RWaiABs0HdchXVdRF2yp-fTD51vBlB0gQUSNCaaBZMwT6vRhJwsNKSpkho1UMCqt016G2To2kKVin51YDFnFYBU3aBha3xUao-f18hekBH-DYqe01y2T2853MXUlAu_PQMCaR_hvu69mTALTyWkr3fPrTDLaoSkxi8FCex3UO6geL4SWalQ9ESMvaxrTdkmnSCTnXEDVMHIYX8Pjl3JwayP2alEPMe8QVZwFpVUcGxqtG8-9BurTzyB1GG1YSLaqm_XxjQbMA8XFUSA_8EXzpY2xm4ezJIFi9UJOcBcEO55DE84XSCRjZZSFvRitcO0E-aeeVgl26L_iBufe5vPjl_-D_T39wmuxBLqhZI0Hvbk0EjQvDOalcBQO2ibLQbaqAtB-D3Gb36AKAI4bf548PpUHPJQDLHRnbGoVwZwIdnr9M_atmA-TsoF3Naz8GgOSuxTNXV_ndz56D89LregYQCF-kD0tZeCaYXMd28DOG8tzv-jZGYP_62Fsxxdu4PW8d5b9XPi1M-DfiqdUhimTUgx6UHeDZmfHQbiSjM2GKxSh3y3gUpKUPW6YvfTwCAH0Z-vrQj7HVe0y7f1UTz9KOtmnHcgin8DSD7dx2iCJySGJrB89D_9XnAMSv3UEAnGIuZbFz2zmnb78KhcCN8gqF8XD9RlhwREP1USaE9bDSLzmlMlC_t4CfIMgkobh9ht5H4OgDpo2ohmPQTdza3TnSneKc_v64oVsHliGGdjuQ6m8mLykZCMV55wcpvAlej6-3k4JZeRzZPOk_oz8FM00hkZZnLX8wI5hOG_PAphp90jZ_z_MroaSsqff5U2KrojdkQ5QRc7vvhMU67BGuhs29AueEI5jb4qLZXuq180H09KMMGWKDra9vB9w\" data-item-title=\"Descontos inacredit\u00e1veis em tudo!\" data-item-thumb=\"https:\/\/aid.kwcdn.com\/maleonn\/static\/v1\/250707-4167294405.png?imageAuto\/normal\/id\/b2e1fa24-22f6-4114-809f-5485b51e7800-2-b703jn\/format\/png\" data-item-syndicated=\"true\">\n<div class=\"thumbBlock_holder\"><\/div>\n<\/div>\n<\/div>\n<\/div>\n<\/div>\n<\/div>\n<\/div>\n<\/div>\n<\/div>\n<\/div>\n<\/div>\n<\/div>\n<\/div>\n<\/div>\n<\/section>\n","protected":false},"excerpt":{"rendered":"<p>No pr\u00f3ximo dia 13 de julho (domingo), a Casa de Castro Alves, na Rua do Passo, 52, Santo Ant\u00f4niono Al\u00e9m do Carmo, no Centro Hist\u00f3rico de Salvador, abre suas portas para o lan\u00e7amento oficial do Movimento IRUN, idealizado pela estilista e designer de joias M\u00e1rcia Ganem. Reconhecida internacionalmente por seu trabalho que une moda, sustentabilidade [&hellip;]<\/p>\n","protected":false},"author":1,"featured_media":13325,"comment_status":"open","ping_status":"closed","sticky":false,"template":"","format":"standard","meta":{"jnews-multi-image_gallery":[],"jnews_single_post":[],"jnews_primary_category":[],"footnotes":""},"categories":[85],"tags":[],"class_list":["post-13326","post","type-post","status-publish","format-standard","has-post-thumbnail","hentry","category-noticias"],"_links":{"self":[{"href":"https:\/\/cidadebaixaonline.com.br\/index.php\/wp-json\/wp\/v2\/posts\/13326","targetHints":{"allow":["GET"]}}],"collection":[{"href":"https:\/\/cidadebaixaonline.com.br\/index.php\/wp-json\/wp\/v2\/posts"}],"about":[{"href":"https:\/\/cidadebaixaonline.com.br\/index.php\/wp-json\/wp\/v2\/types\/post"}],"author":[{"embeddable":true,"href":"https:\/\/cidadebaixaonline.com.br\/index.php\/wp-json\/wp\/v2\/users\/1"}],"replies":[{"embeddable":true,"href":"https:\/\/cidadebaixaonline.com.br\/index.php\/wp-json\/wp\/v2\/comments?post=13326"}],"version-history":[{"count":1,"href":"https:\/\/cidadebaixaonline.com.br\/index.php\/wp-json\/wp\/v2\/posts\/13326\/revisions"}],"predecessor-version":[{"id":13327,"href":"https:\/\/cidadebaixaonline.com.br\/index.php\/wp-json\/wp\/v2\/posts\/13326\/revisions\/13327"}],"wp:featuredmedia":[{"embeddable":true,"href":"https:\/\/cidadebaixaonline.com.br\/index.php\/wp-json\/wp\/v2\/media\/13325"}],"wp:attachment":[{"href":"https:\/\/cidadebaixaonline.com.br\/index.php\/wp-json\/wp\/v2\/media?parent=13326"}],"wp:term":[{"taxonomy":"category","embeddable":true,"href":"https:\/\/cidadebaixaonline.com.br\/index.php\/wp-json\/wp\/v2\/categories?post=13326"},{"taxonomy":"post_tag","embeddable":true,"href":"https:\/\/cidadebaixaonline.com.br\/index.php\/wp-json\/wp\/v2\/tags?post=13326"}],"curies":[{"name":"wp","href":"https:\/\/api.w.org\/{rel}","templated":true}]}}