{"id":13318,"date":"2025-07-09T13:38:47","date_gmt":"2025-07-09T16:38:47","guid":{"rendered":"https:\/\/cidadebaixaonline.com.br\/?p=13318"},"modified":"2025-07-09T13:38:48","modified_gmt":"2025-07-09T16:38:48","slug":"travessia-salvador-mar-grande-volta-a-operar-apos-suspensao","status":"publish","type":"post","link":"https:\/\/cidadebaixaonline.com.br\/index.php\/2025\/07\/09\/travessia-salvador-mar-grande-volta-a-operar-apos-suspensao\/","title":{"rendered":"Travessia Salvador-Mar Grande volta a operar ap\u00f3s suspens\u00e3o"},"content":{"rendered":"<p>Ap\u00f3s quatro dias de interrup\u00e7\u00e3o devido ao mau tempo na Ba\u00eda de Todos-os-Santos, a Travessia Salvador-Mar Grande retomou suas opera\u00e7\u00f5es normais \u00e0s 8h desta quarta-feira (9). O servi\u00e7o estava suspenso desde o \u00faltimo s\u00e1bado (6), em raz\u00e3o das condi\u00e7\u00f5es adversas de navega\u00e7\u00e3o, como mar agitado e ventos fortes.<\/p>\n<p>Com a autoriza\u00e7\u00e3o da Capitania dos Portos da Bahia, as embarca\u00e7\u00f5es voltam a operar com sa\u00eddas regulares a cada 30 minutos, entre o Terminal N\u00e1utico da Bahia, na capital, e o terminal de Vera Cruz, na Ilha de Itaparica. Ao todo, seis embarca\u00e7\u00f5es est\u00e3o em tr\u00e1fego.<\/p>\n<p>A \u00faltima sa\u00edda do dia de Mar Grande est\u00e1 prevista para as 18h, enquanto de Salvador, o \u00faltimo hor\u00e1rio ser\u00e1 \u00e0s 19h30.<\/p>\n<h4>Confira os hor\u00e1rios da Travessia Salvador-Mar Grande:<\/h4>\n<p>De Salvador para Mar Grande:<br \/>\n6h30, 7h, 7h30, 8h, 8h30, 9h, 9h30, 10h, 10h30, 11h, 11h30, 12h, 12h30, 13h, 13h30, 14h, 14h30, 15h, 15h30, 16h, 16h30, 17h, 17h30, 18h, 18h30, 19h, 19h30.<\/p>\n<p>De Mar Grande para Salvador:<br \/>\n5h, 5h30, 6h, 6h30, 7h, 7h30, 8h, 8h30, 9h, 9h30, 10h, 10h30, 11h, 11h30, 12h, 12h30, 13h, 13h30, 14h, 14h30, 15h, 15h30, 16h, 16h30, 17h, 17h30, 18h.<\/p>\n<h3>Travessia Salvador-Morro de S\u00e3o Paulo segue com conex\u00e3o em Itaparica<\/h3>\n<p>J\u00e1 a Travessia Salvador-Morro de S\u00e3o Paulo continua operando com conex\u00e3o, devido \u00e0s condi\u00e7\u00f5es desfavor\u00e1veis no trecho direto entre Salvador e a Ilha de Tinhar\u00e9, localizada a cerca de 60 km da capital.<\/p>\n<p>O percurso atual inclui sa\u00edda de catamar\u00e3 do Terminal N\u00e1utico at\u00e9 Itaparica, de onde os passageiros seguem de \u00f4nibus at\u00e9 a Ponta do Curral, em Valen\u00e7a. De l\u00e1, embarcam em lanchas com destino ao Morro de S\u00e3o Paulo.<\/p>\n<p>O trajeto total dura cerca de 3 horas e 20 minutos \u2013 uma hora a mais em compara\u00e7\u00e3o com a travessia direta.<\/p>\n<h4>Hor\u00e1rios da Travessia Salvador-Morro de S\u00e3o Paulo (com conex\u00e3o):<\/h4>\n<p>Sa\u00eddas de Salvador:<br \/>\n9h e 10h30.<\/p>\n<p>Sa\u00eddas do Morro de S\u00e3o Paulo:<br \/>\n11h30 e 14h.<\/p>\n<h3>Passeios de escuna tamb\u00e9m s\u00e3o retomados<\/h3>\n<p>As escunas de turismo que realizam passeios pelas ilhas da Ba\u00eda de Todos-os-Santos tamb\u00e9m voltaram a operar nesta quarta-feira. Os passeios saem do Terminal N\u00e1utico a partir das 8h e incluem paradas na Ilha dos Frades e em Itaparica. O retorno a Salvador ocorre \u00e0s 17h.<\/p>\n","protected":false},"excerpt":{"rendered":"<p>Ap\u00f3s quatro dias de interrup\u00e7\u00e3o devido ao mau tempo na Ba\u00eda de Todos-os-Santos, a Travessia Salvador-Mar Grande retomou suas opera\u00e7\u00f5es normais \u00e0s 8h desta quarta-feira (9). O servi\u00e7o estava suspenso desde o \u00faltimo s\u00e1bado (6), em raz\u00e3o das condi\u00e7\u00f5es adversas de navega\u00e7\u00e3o, como mar agitado e ventos fortes. Com a autoriza\u00e7\u00e3o da Capitania dos Portos [&hellip;]<\/p>\n","protected":false},"author":1,"featured_media":12486,"comment_status":"open","ping_status":"closed","sticky":false,"template":"","format":"standard","meta":{"jnews-multi-image_gallery":[],"jnews_single_post":[],"jnews_primary_category":[],"footnotes":""},"categories":[132],"tags":[],"class_list":["post-13318","post","type-post","status-publish","format-standard","has-post-thumbnail","hentry","category-travessia"],"_links":{"self":[{"href":"https:\/\/cidadebaixaonline.com.br\/index.php\/wp-json\/wp\/v2\/posts\/13318","targetHints":{"allow":["GET"]}}],"collection":[{"href":"https:\/\/cidadebaixaonline.com.br\/index.php\/wp-json\/wp\/v2\/posts"}],"about":[{"href":"https:\/\/cidadebaixaonline.com.br\/index.php\/wp-json\/wp\/v2\/types\/post"}],"author":[{"embeddable":true,"href":"https:\/\/cidadebaixaonline.com.br\/index.php\/wp-json\/wp\/v2\/users\/1"}],"replies":[{"embeddable":true,"href":"https:\/\/cidadebaixaonline.com.br\/index.php\/wp-json\/wp\/v2\/comments?post=13318"}],"version-history":[{"count":1,"href":"https:\/\/cidadebaixaonline.com.br\/index.php\/wp-json\/wp\/v2\/posts\/13318\/revisions"}],"predecessor-version":[{"id":13319,"href":"https:\/\/cidadebaixaonline.com.br\/index.php\/wp-json\/wp\/v2\/posts\/13318\/revisions\/13319"}],"wp:featuredmedia":[{"embeddable":true,"href":"https:\/\/cidadebaixaonline.com.br\/index.php\/wp-json\/wp\/v2\/media\/12486"}],"wp:attachment":[{"href":"https:\/\/cidadebaixaonline.com.br\/index.php\/wp-json\/wp\/v2\/media?parent=13318"}],"wp:term":[{"taxonomy":"category","embeddable":true,"href":"https:\/\/cidadebaixaonline.com.br\/index.php\/wp-json\/wp\/v2\/categories?post=13318"},{"taxonomy":"post_tag","embeddable":true,"href":"https:\/\/cidadebaixaonline.com.br\/index.php\/wp-json\/wp\/v2\/tags?post=13318"}],"curies":[{"name":"wp","href":"https:\/\/api.w.org\/{rel}","templated":true}]}}