{"id":13272,"date":"2025-07-03T12:38:16","date_gmt":"2025-07-03T15:38:16","guid":{"rendered":"https:\/\/cidadebaixaonline.com.br\/?p=13272"},"modified":"2025-07-03T12:38:16","modified_gmt":"2025-07-03T15:38:16","slug":"ferry-boat-registra-pouca-fila-em-salvador-e-na-ilha-de-itaparica-na-manha-desta-quinta-feira","status":"publish","type":"post","link":"https:\/\/cidadebaixaonline.com.br\/index.php\/2025\/07\/03\/ferry-boat-registra-pouca-fila-em-salvador-e-na-ilha-de-itaparica-na-manha-desta-quinta-feira\/","title":{"rendered":"Ferry-boat registra pouca fila em Salvador e na Ilha de Itaparica na manh\u00e3 desta quinta-feira"},"content":{"rendered":"<p style=\"text-align: left;\">O sistema ferry-boat registra pouca fila entre 60 a 90 minutos para embarque nos terminais de S\u00e3o Joaquim, em Salvador, e de Bom Despacho, na Ilha de Itaparica, na manh\u00e3 desta quinta-feira (3). A medi\u00e7\u00e3o foi feita pelo fil\u00f4metro da Internacional Travessias atualizado \u00e0s 08h15.<\/p>\n<p style=\"text-align: left;\">Vale lembrar que o embarque de caminh\u00f5es est\u00e1 suspenso das 5h das sextas-feiras at\u00e9 \u00e0s 15h dos s\u00e1bados, como tamb\u00e9m das 5h de v\u00e9speras de feriados at\u00e9 \u00e0s 5h do dia posterior ao seu retorno. No sentido Bom Despacho para S\u00e3o Joaquim, a determina\u00e7\u00e3o vale das 5h dos domingos at\u00e9 \u00e0s 5h da segunda-feira, como tamb\u00e9m das 5h do dia posterior ao feriado at\u00e9 \u00e0s 5h do dia seguinte. Ve\u00edculos pesados transportando alimentos e tamb\u00e9m pacientes em tratamento fora do domic\u00edlio, poder\u00e3o embarcar normalmente no per\u00edodo de restri\u00e7\u00e3o.<\/p>\n<p>Nesta segunda, o sistema opera com quatro embarca\u00e7\u00f5es: Dorival Caymmi, Ivete Sangalo, Rio Paragua\u00e7u e Zumbi dos Palmares.<\/p>\n","protected":false},"excerpt":{"rendered":"<p>O sistema ferry-boat registra pouca fila entre 60 a 90 minutos para embarque nos terminais de S\u00e3o Joaquim, em Salvador, e de Bom Despacho, na Ilha de Itaparica, na manh\u00e3 desta quinta-feira (3). A medi\u00e7\u00e3o foi feita pelo fil\u00f4metro da Internacional Travessias atualizado \u00e0s 08h15. Vale lembrar que o embarque de caminh\u00f5es est\u00e1 suspenso das [&hellip;]<\/p>\n","protected":false},"author":1,"featured_media":12953,"comment_status":"open","ping_status":"closed","sticky":false,"template":"","format":"standard","meta":{"jnews-multi-image_gallery":[],"jnews_single_post":[],"jnews_primary_category":[],"footnotes":""},"categories":[128],"tags":[],"class_list":["post-13272","post","type-post","status-publish","format-standard","has-post-thumbnail","hentry","category-ferry-boat"],"_links":{"self":[{"href":"https:\/\/cidadebaixaonline.com.br\/index.php\/wp-json\/wp\/v2\/posts\/13272","targetHints":{"allow":["GET"]}}],"collection":[{"href":"https:\/\/cidadebaixaonline.com.br\/index.php\/wp-json\/wp\/v2\/posts"}],"about":[{"href":"https:\/\/cidadebaixaonline.com.br\/index.php\/wp-json\/wp\/v2\/types\/post"}],"author":[{"embeddable":true,"href":"https:\/\/cidadebaixaonline.com.br\/index.php\/wp-json\/wp\/v2\/users\/1"}],"replies":[{"embeddable":true,"href":"https:\/\/cidadebaixaonline.com.br\/index.php\/wp-json\/wp\/v2\/comments?post=13272"}],"version-history":[{"count":1,"href":"https:\/\/cidadebaixaonline.com.br\/index.php\/wp-json\/wp\/v2\/posts\/13272\/revisions"}],"predecessor-version":[{"id":13273,"href":"https:\/\/cidadebaixaonline.com.br\/index.php\/wp-json\/wp\/v2\/posts\/13272\/revisions\/13273"}],"wp:featuredmedia":[{"embeddable":true,"href":"https:\/\/cidadebaixaonline.com.br\/index.php\/wp-json\/wp\/v2\/media\/12953"}],"wp:attachment":[{"href":"https:\/\/cidadebaixaonline.com.br\/index.php\/wp-json\/wp\/v2\/media?parent=13272"}],"wp:term":[{"taxonomy":"category","embeddable":true,"href":"https:\/\/cidadebaixaonline.com.br\/index.php\/wp-json\/wp\/v2\/categories?post=13272"},{"taxonomy":"post_tag","embeddable":true,"href":"https:\/\/cidadebaixaonline.com.br\/index.php\/wp-json\/wp\/v2\/tags?post=13272"}],"curies":[{"name":"wp","href":"https:\/\/api.w.org\/{rel}","templated":true}]}}