{"id":13269,"date":"2025-07-03T12:35:41","date_gmt":"2025-07-03T15:35:41","guid":{"rendered":"https:\/\/cidadebaixaonline.com.br\/?p=13269"},"modified":"2025-07-03T12:35:42","modified_gmt":"2025-07-03T15:35:42","slug":"festa-do-2-de-julho-termina-sem-crimes-graves-em-salvador-diz-ssp","status":"publish","type":"post","link":"https:\/\/cidadebaixaonline.com.br\/index.php\/2025\/07\/03\/festa-do-2-de-julho-termina-sem-crimes-graves-em-salvador-diz-ssp\/","title":{"rendered":"Festa do 2 de Julho termina sem crimes graves em Salvador, diz SSP"},"content":{"rendered":"<p>A celebra\u00e7\u00e3o pelos 202 anos da Independ\u00eancia da Bahia, ocorrida na quarta-feira (2), terminou sem registro de crimes graves contra a vida, segundo a Secretaria da Seguran\u00e7a P\u00fablica da Bahia (SSP-BA). Cerca de dois mil policiais militares, civis e bombeiros atuaram na opera\u00e7\u00e3o de seguran\u00e7a ao longo do cortejo.<\/p>\n<p>&nbsp;<\/p>\n<p>A SSP informou que 24 \u00f3rg\u00e3os estaduais e municipais trabalharam de forma integrada no Centro Integrado de Comando e Controle (CICC), que monitorou o evento em tempo real. C\u00e2meras de videomonitoramento, 49 delas com tecnologia de reconhecimento facial, foram utilizadas para auxiliar na identifica\u00e7\u00e3o de ocorr\u00eancias. Tamb\u00e9m foi empregada uma Plataforma de Observa\u00e7\u00e3o Elevada (POE), que permitiu acionar rapidamente as patrulhas em caso de necessidade.<\/p>\n<p>&nbsp;<\/p>\n<p>Ao longo do percurso, foram registrados 24 furtos e uma ocorr\u00eancia de les\u00e3o corporal. Nenhuma pris\u00e3o por reconhecimento facial foi informada.<\/p>\n<p>&nbsp;<\/p>\n<p>A Ouvidoria da SSP tamb\u00e9m realizou uma pesquisa com o p\u00fablico presente. Entre os entrevistados, 96,3% afirmaram ter uma percep\u00e7\u00e3o positiva em rela\u00e7\u00e3o \u00e0 seguran\u00e7a durante o evento. Al\u00e9m disso, 96,9% aprovaram a atua\u00e7\u00e3o das for\u00e7as estaduais.<\/p>\n","protected":false},"excerpt":{"rendered":"<p>A celebra\u00e7\u00e3o pelos 202 anos da Independ\u00eancia da Bahia, ocorrida na quarta-feira (2), terminou sem registro de crimes graves contra a vida, segundo a Secretaria da Seguran\u00e7a P\u00fablica da Bahia (SSP-BA). Cerca de dois mil policiais militares, civis e bombeiros atuaram na opera\u00e7\u00e3o de seguran\u00e7a ao longo do cortejo. &nbsp; A SSP informou que 24 [&hellip;]<\/p>\n","protected":false},"author":1,"featured_media":13271,"comment_status":"open","ping_status":"closed","sticky":false,"template":"","format":"standard","meta":{"jnews-multi-image_gallery":[],"jnews_single_post":[],"jnews_primary_category":[],"footnotes":""},"categories":[85],"tags":[],"class_list":["post-13269","post","type-post","status-publish","format-standard","has-post-thumbnail","hentry","category-noticias"],"_links":{"self":[{"href":"https:\/\/cidadebaixaonline.com.br\/index.php\/wp-json\/wp\/v2\/posts\/13269","targetHints":{"allow":["GET"]}}],"collection":[{"href":"https:\/\/cidadebaixaonline.com.br\/index.php\/wp-json\/wp\/v2\/posts"}],"about":[{"href":"https:\/\/cidadebaixaonline.com.br\/index.php\/wp-json\/wp\/v2\/types\/post"}],"author":[{"embeddable":true,"href":"https:\/\/cidadebaixaonline.com.br\/index.php\/wp-json\/wp\/v2\/users\/1"}],"replies":[{"embeddable":true,"href":"https:\/\/cidadebaixaonline.com.br\/index.php\/wp-json\/wp\/v2\/comments?post=13269"}],"version-history":[{"count":1,"href":"https:\/\/cidadebaixaonline.com.br\/index.php\/wp-json\/wp\/v2\/posts\/13269\/revisions"}],"predecessor-version":[{"id":13270,"href":"https:\/\/cidadebaixaonline.com.br\/index.php\/wp-json\/wp\/v2\/posts\/13269\/revisions\/13270"}],"wp:featuredmedia":[{"embeddable":true,"href":"https:\/\/cidadebaixaonline.com.br\/index.php\/wp-json\/wp\/v2\/media\/13271"}],"wp:attachment":[{"href":"https:\/\/cidadebaixaonline.com.br\/index.php\/wp-json\/wp\/v2\/media?parent=13269"}],"wp:term":[{"taxonomy":"category","embeddable":true,"href":"https:\/\/cidadebaixaonline.com.br\/index.php\/wp-json\/wp\/v2\/categories?post=13269"},{"taxonomy":"post_tag","embeddable":true,"href":"https:\/\/cidadebaixaonline.com.br\/index.php\/wp-json\/wp\/v2\/tags?post=13269"}],"curies":[{"name":"wp","href":"https:\/\/api.w.org\/{rel}","templated":true}]}}