{"id":13247,"date":"2025-06-30T17:22:09","date_gmt":"2025-06-30T20:22:09","guid":{"rendered":"https:\/\/cidadebaixaonline.com.br\/?p=13247"},"modified":"2025-06-30T17:22:09","modified_gmt":"2025-06-30T20:22:09","slug":"programacao-cultural-do-2-de-julho-segue-com-cortejo-afro-baile-da-independencia-e-geronimo","status":"publish","type":"post","link":"https:\/\/cidadebaixaonline.com.br\/index.php\/2025\/06\/30\/programacao-cultural-do-2-de-julho-segue-com-cortejo-afro-baile-da-independencia-e-geronimo\/","title":{"rendered":"Programa\u00e7\u00e3o cultural do 2 de Julho segue com Cortejo Afro, Baile da Independ\u00eancia e Ger\u00f4nimo"},"content":{"rendered":"<p>A programa\u00e7\u00e3o cultural do 2 de Julho segue marcada por muita m\u00fasica, clima de baile e can\u00e7\u00f5es que celebram a cultura afro-brasileira e tamb\u00e9m a data magna na Bahia. Depois das apresenta\u00e7\u00f5es do espet\u00e1culo \u201cAo P\u00e9 do Caboclo pelo Bal\u00e9 Folcl\u00f3rico da Bahia no \u00faltimo fim de semana, no Campo Grande, as atra\u00e7\u00f5es seguem nesta ter\u00e7a-feira (1\u00ba) com o Cortejo Afro, que promete uma apresenta\u00e7\u00e3o bem animada e dan\u00e7ante com m\u00fasicas de autoria dos cantores do grupo, al\u00e9m de releituras da MPB e do pop. O show ser\u00e1 \u00e0s 17h, em um palco situado no Largo de Piraj\u00e1 \u2013 logo ap\u00f3s a cerim\u00f4nia c\u00edvica de chegada do fogo simb\u00f3lico.<\/p>\n<p>Para o presidente do Cortejo Afro, Rog\u00e9rio Alves, fazer parte mais um ano da programa\u00e7\u00e3o do 2 de Julho \u00e9 motivo de orgulho e de renova\u00e7\u00e3o para todos os integrantes. \u201c\u00c9 com imensa felicidade que voltamos a nos apresentar em Piraj\u00e1, territ\u00f3rio de nossa origem, ber\u00e7o de muitos dos nossos m\u00fasicos e lugar onde sempre estivemos comprometidos com a\u00e7\u00f5es sociais e culturais transformadoras. Celebramos, pelo terceiro ano consecutivo, essa grande festa popular, com esp\u00edrito democr\u00e1tico, levando nossa arte diretamente ao povo, de forma aberta e gratuita. Tocar aqui n\u00e3o \u00e9 apenas fazer m\u00fasica: \u00e9 retribuir, em forma de arte, o carinho e a for\u00e7a do p\u00fablico que nos inspira diariamente. \u00c9 tamb\u00e9m reafirmar nosso compromisso com os valores que nos unem \u2013 liberdade, igualdade de direitos e emancipa\u00e7\u00e3o social\u201d, declara.<\/p>\n<p>Na quarta-feira (2), dia da celebra\u00e7\u00e3o da Independ\u00eancia do Brasil na Bahia, ap\u00f3s o cortejo c\u00edvico e toda a cerim\u00f4nia que ocorre no Campo Grande, com a chegada dos carros aleg\u00f3ricos dos Caboclos e acendimento da pira do Fogo Simb\u00f3lico, haver\u00e1 o Encontro de Filarm\u00f4nicas, a partir das 17h30, com o maestro Fred Dantas. A apresenta\u00e7\u00e3o vai se estender at\u00e9 as 21h30.<\/p>\n<p>Na quinta-feira (3), o Largo do Campo Grande se transformar\u00e1 em um grande sal\u00e3o durante a realiza\u00e7\u00e3o do Baile da Independ\u00eancia, gratuito e aberto ao p\u00fablico. A programa\u00e7\u00e3o da noite ser\u00e1 iniciada com uma apresenta\u00e7\u00e3o do Coral da Cidade, \u00e0s 18h. Em seguida, a orquestra do maestro Fred Dantas e convidados d\u00e3o in\u00edcio ao Baile da Independ\u00eancia no palco montado junto ao monumento aos her\u00f3is do 2 de Julho e pr\u00f3ximo aos carros do Caboclo e da Cabocla.<\/p>\n<p>O baile ter\u00e1 um repert\u00f3rio diversificado, iniciando com o Hino ao Dois de Julho e passeando por ritmos como o Ax\u00e9 Music, a m\u00fasica afro-baiana, o swing americano e o choro brasileiro. O grande homenageado da noite ser\u00e1 o sambista Walmir Lima, \u00edcone da m\u00fasica baiana. O evento contar\u00e1, ainda, com a participa\u00e7\u00e3o dos cantores Let\u00edcia Coutinho e M\u00e1rio Bezerra.<\/p>\n<p>Na sexta-feira (4), Ger\u00f4nimo Santana sobe ao palco no Campo Grande, \u00e0s 19h, para animar a noite com can\u00e7\u00f5es que passeiam entre o ax\u00e9, o ijex\u00e1 e ritmos caribenhos. \u201cEm primeiro lugar, eu me sinto honrado e com muito orgulho de participar em todas as vezes que sou convidado para os festejos do 2 de Julho. A Bahia foi a respons\u00e1vel pela consolida\u00e7\u00e3o da Independ\u00eancia do Brasil. Aqui foi o lugar onde muito sangue foi derramado e muitos baianos e brasileiros pereceram durante a luta pela Independ\u00eancia da Bahia, respons\u00e1vel maior pela Independ\u00eancia do Brasil\u201d, afirma o artista.<\/p>\n<p>Ele diz que cada vez que \u00e9 chamado sempre tem uma hist\u00f3ria para contar e \u00e9 isso que far\u00e1 durante a apresenta\u00e7\u00e3o de sexta. \u201cEu tenho m\u00fasicas que fazem refer\u00eancia a essa luta e conquista e que estar\u00e3o no repert\u00f3rio ao lado de tantas outras. \u00c9 muito legal que as pessoas saibam e tomem consci\u00eancia de que esse \u00e9 um evento que ser\u00e1 para sempre nacional e de exerc\u00edcio de cidadania. Eu tenho, por exemplo, as m\u00fasicas \u2018Fumo e Mel\u2019 e \u2018Marujada de Quebra-Ferro\u2019. A primeira faz uma alus\u00e3o ao caboclo, que foi o soldado de trincheira na guerra contra a invas\u00e3o portuguesa aqui na Bahia, e a outra fala de guerras que foram travadas na Ba\u00eda de Todos-os-Santos, regi\u00e3o que foi um ber\u00e7o de muita luta, mas gra\u00e7as a Deus somos a vit\u00f3ria e o vencimento do que isso representa para o Brasil\u201d, declara.<\/p>\n<p>A programa\u00e7\u00e3o cultural ter\u00e1, ainda, a Festa de Labatut, no final de linha de Piraj\u00e1, de 11 a 13 de julho; o 3\u00ba Festival de Fanfarras e Balizas, na Avenida Sete de Setembro, no s\u00e1bado (12), \u00e0s 8h; e uma missa na Igreja de S\u00e3o Bartolomeu, em Piraj\u00e1.<\/p>\n","protected":false},"excerpt":{"rendered":"<p>A programa\u00e7\u00e3o cultural do 2 de Julho segue marcada por muita m\u00fasica, clima de baile e can\u00e7\u00f5es que celebram a cultura afro-brasileira e tamb\u00e9m a data magna na Bahia. Depois das apresenta\u00e7\u00f5es do espet\u00e1culo \u201cAo P\u00e9 do Caboclo pelo Bal\u00e9 Folcl\u00f3rico da Bahia no \u00faltimo fim de semana, no Campo Grande, as atra\u00e7\u00f5es seguem nesta [&hellip;]<\/p>\n","protected":false},"author":1,"featured_media":13249,"comment_status":"open","ping_status":"closed","sticky":false,"template":"","format":"standard","meta":{"jnews-multi-image_gallery":[],"jnews_single_post":[],"jnews_primary_category":[],"footnotes":""},"categories":[201],"tags":[],"class_list":["post-13247","post","type-post","status-publish","format-standard","has-post-thumbnail","hentry","category-2-de-julho"],"_links":{"self":[{"href":"https:\/\/cidadebaixaonline.com.br\/index.php\/wp-json\/wp\/v2\/posts\/13247","targetHints":{"allow":["GET"]}}],"collection":[{"href":"https:\/\/cidadebaixaonline.com.br\/index.php\/wp-json\/wp\/v2\/posts"}],"about":[{"href":"https:\/\/cidadebaixaonline.com.br\/index.php\/wp-json\/wp\/v2\/types\/post"}],"author":[{"embeddable":true,"href":"https:\/\/cidadebaixaonline.com.br\/index.php\/wp-json\/wp\/v2\/users\/1"}],"replies":[{"embeddable":true,"href":"https:\/\/cidadebaixaonline.com.br\/index.php\/wp-json\/wp\/v2\/comments?post=13247"}],"version-history":[{"count":1,"href":"https:\/\/cidadebaixaonline.com.br\/index.php\/wp-json\/wp\/v2\/posts\/13247\/revisions"}],"predecessor-version":[{"id":13248,"href":"https:\/\/cidadebaixaonline.com.br\/index.php\/wp-json\/wp\/v2\/posts\/13247\/revisions\/13248"}],"wp:featuredmedia":[{"embeddable":true,"href":"https:\/\/cidadebaixaonline.com.br\/index.php\/wp-json\/wp\/v2\/media\/13249"}],"wp:attachment":[{"href":"https:\/\/cidadebaixaonline.com.br\/index.php\/wp-json\/wp\/v2\/media?parent=13247"}],"wp:term":[{"taxonomy":"category","embeddable":true,"href":"https:\/\/cidadebaixaonline.com.br\/index.php\/wp-json\/wp\/v2\/categories?post=13247"},{"taxonomy":"post_tag","embeddable":true,"href":"https:\/\/cidadebaixaonline.com.br\/index.php\/wp-json\/wp\/v2\/tags?post=13247"}],"curies":[{"name":"wp","href":"https:\/\/api.w.org\/{rel}","templated":true}]}}