{"id":13221,"date":"2025-06-26T16:12:30","date_gmt":"2025-06-26T19:12:30","guid":{"rendered":"https:\/\/cidadebaixaonline.com.br\/?p=13221"},"modified":"2025-06-26T16:12:31","modified_gmt":"2025-06-26T19:12:31","slug":"prefeitura-lanca-concurso-de-decoracao-de-fachadas-para-as-celebracoes-do-dois-de-julho","status":"publish","type":"post","link":"https:\/\/cidadebaixaonline.com.br\/index.php\/2025\/06\/26\/prefeitura-lanca-concurso-de-decoracao-de-fachadas-para-as-celebracoes-do-dois-de-julho\/","title":{"rendered":"Prefeitura lan\u00e7a concurso de decora\u00e7\u00e3o de fachadas para as celebra\u00e7\u00f5es do Dois de Julho"},"content":{"rendered":"<p>A Prefeitura de Salvador, por meio da Funda\u00e7\u00e3o Greg\u00f3rio de Mattos (FGM), lan\u00e7ou o concurso de decora\u00e7\u00e3o de fachadas para as comemora\u00e7\u00f5es do Dois de Julho de 2025, que celebram os 202 anos da Independ\u00eancia do Brasil na Bahia. A iniciativa busca valorizar o envolvimento popular e a beleza arquitet\u00f4nica do trajeto do tradicional cortejo c\u00edvico, que parte do Largo da Lapinha at\u00e9 a Pra\u00e7a Municipal, passando por ruas hist\u00f3ricas da capital baiana.<\/p>\n<p>De acordo com o edital, podem participar moradores de im\u00f3veis residenciais situados ao longo do percurso do cortejo. N\u00e3o \u00e9 necess\u00e1rio se inscrever formalmente para concorrer. Basta decorar a fachada com elementos que dialoguem com o tema deste ano: \u201cEu sou o Dois de Julho\u201d.<\/p>\n<p>Entre os crit\u00e9rios avaliados est\u00e3o a criatividade, a originalidade, o respeito \u00e0 tem\u00e1tica c\u00edvica e hist\u00f3rica, a preserva\u00e7\u00e3o do patrim\u00f4nio edificado e o uso de materiais sustent\u00e1veis. A sele\u00e7\u00e3o ser\u00e1 feita por uma comiss\u00e3o julgadora formada por representantes da FGM, do Conselho Consultivo do Patrim\u00f4nio Cultural e da sociedade civil.<\/p>\n<p>As fachadas ser\u00e3o fotografadas no dia do desfile e o im\u00f3vel vencedor ser\u00e1 condecorado com uma placa comemorativa instalada pela FGM, em at\u00e9 90 dias ap\u00f3s a entrega da documenta\u00e7\u00e3o exigida. At\u00e9 tr\u00eas fachadas suplentes tamb\u00e9m ser\u00e3o escolhidas, para o caso de impedimentos.<\/p>\n<p>O resultado ser\u00e1 divulgado no prazo de at\u00e9 dez dias \u00fateis ap\u00f3s o desfile, no Di\u00e1rio Oficial do Munic\u00edpio e no site da FGM (https:\/\/fgm.salvador.ba.gov.br).\u00a0O edital completo do concurso pode ser conferido na edi\u00e7\u00e3o do Di\u00e1rio Oficial do Munic\u00edpio (DOM) do dia 19 de junho.<\/p>\n","protected":false},"excerpt":{"rendered":"<p>A Prefeitura de Salvador, por meio da Funda\u00e7\u00e3o Greg\u00f3rio de Mattos (FGM), lan\u00e7ou o concurso de decora\u00e7\u00e3o de fachadas para as comemora\u00e7\u00f5es do Dois de Julho de 2025, que celebram os 202 anos da Independ\u00eancia do Brasil na Bahia. A iniciativa busca valorizar o envolvimento popular e a beleza arquitet\u00f4nica do trajeto do tradicional cortejo [&hellip;]<\/p>\n","protected":false},"author":1,"featured_media":13223,"comment_status":"open","ping_status":"closed","sticky":false,"template":"","format":"standard","meta":{"jnews-multi-image_gallery":[],"jnews_single_post":[],"jnews_primary_category":[],"footnotes":""},"categories":[199],"tags":[],"class_list":["post-13221","post","type-post","status-publish","format-standard","has-post-thumbnail","hentry","category-dois-de-julho"],"_links":{"self":[{"href":"https:\/\/cidadebaixaonline.com.br\/index.php\/wp-json\/wp\/v2\/posts\/13221","targetHints":{"allow":["GET"]}}],"collection":[{"href":"https:\/\/cidadebaixaonline.com.br\/index.php\/wp-json\/wp\/v2\/posts"}],"about":[{"href":"https:\/\/cidadebaixaonline.com.br\/index.php\/wp-json\/wp\/v2\/types\/post"}],"author":[{"embeddable":true,"href":"https:\/\/cidadebaixaonline.com.br\/index.php\/wp-json\/wp\/v2\/users\/1"}],"replies":[{"embeddable":true,"href":"https:\/\/cidadebaixaonline.com.br\/index.php\/wp-json\/wp\/v2\/comments?post=13221"}],"version-history":[{"count":1,"href":"https:\/\/cidadebaixaonline.com.br\/index.php\/wp-json\/wp\/v2\/posts\/13221\/revisions"}],"predecessor-version":[{"id":13222,"href":"https:\/\/cidadebaixaonline.com.br\/index.php\/wp-json\/wp\/v2\/posts\/13221\/revisions\/13222"}],"wp:featuredmedia":[{"embeddable":true,"href":"https:\/\/cidadebaixaonline.com.br\/index.php\/wp-json\/wp\/v2\/media\/13223"}],"wp:attachment":[{"href":"https:\/\/cidadebaixaonline.com.br\/index.php\/wp-json\/wp\/v2\/media?parent=13221"}],"wp:term":[{"taxonomy":"category","embeddable":true,"href":"https:\/\/cidadebaixaonline.com.br\/index.php\/wp-json\/wp\/v2\/categories?post=13221"},{"taxonomy":"post_tag","embeddable":true,"href":"https:\/\/cidadebaixaonline.com.br\/index.php\/wp-json\/wp\/v2\/tags?post=13221"}],"curies":[{"name":"wp","href":"https:\/\/api.w.org\/{rel}","templated":true}]}}