{"id":13207,"date":"2025-06-25T15:10:59","date_gmt":"2025-06-25T18:10:59","guid":{"rendered":"https:\/\/cidadebaixaonline.com.br\/?p=13207"},"modified":"2025-06-25T15:10:59","modified_gmt":"2025-06-25T18:10:59","slug":"casarao-que-desabou-no-santo-antonio-ja-havia-sido-alvo-de-alerta-da-defesa-civil","status":"publish","type":"post","link":"https:\/\/cidadebaixaonline.com.br\/index.php\/2025\/06\/25\/casarao-que-desabou-no-santo-antonio-ja-havia-sido-alvo-de-alerta-da-defesa-civil\/","title":{"rendered":"Casar\u00e3o que desabou no Santo Ant\u00f4nio j\u00e1 havia sido alvo de alerta da Defesa Civil"},"content":{"rendered":"<p>O casar\u00e3o que desabou parcialmente no \u00faltimo domingo (22), na Rua dos Perd\u00f5es, no bairro do Santo Ant\u00f4nio Al\u00e9m do Carmo, em Salvador, j\u00e1 havia sido alvo de notifica\u00e7\u00f5es e recomenda\u00e7\u00f5es de seguran\u00e7a da Defesa Civil de Salvador (Codesal). O Instituto do Patrim\u00f4nio Hist\u00f3rico e Art\u00edstico Nacional (Iphan), respons\u00e1vel pelo tombamento do im\u00f3vel, informou que autorizou previamente todas as medidas solicitadas, mas nenhuma foi executada.<\/p>\n<p>Entre as a\u00e7\u00f5es indicadas estavam:<\/p>\n<ul>\n<li>Veda\u00e7\u00e3o de v\u00e3os para evitar acessos indevidos;<\/li>\n<li>Isolamento da cal\u00e7ada da Rua dos Perd\u00f5es e da Travessa Rocha Pombo com tapumes;<\/li>\n<li>Escoramento emergencial da fachada voltada para a travessa;<\/li>\n<li>Como \u00faltima alternativa, a demoli\u00e7\u00e3o do \u00faltimo pavimento do casar\u00e3o.<\/li>\n<\/ul>\n<p>Uma vistoria feita pelo Iphan no dia 12 de junho confirmou que o im\u00f3vel, que j\u00e1 estava desocupado desde um inc\u00eandio de grandes propor\u00e7\u00f5es em fevereiro, n\u00e3o recebeu nenhuma interven\u00e7\u00e3o emergencial.<\/p>\n<p>Na noite de domingo, parte da estrutura interna e externa do pr\u00e9dio cedeu, provocando uma nuvem de fuma\u00e7a e assustando moradores da regi\u00e3o. Apesar do susto, ningu\u00e9m ficou ferido. A Codesal foi acionada por volta das 17h50 e, ap\u00f3s vistoria, concluiu que parte da fachada desabou sobre a Travessa Rocha Pombo, que precisou ser interditada.<\/p>\n<p>Para evitar novos desabamentos, a Codesal solicitou \u00e0 Secretaria de Desenvolvimento Urbano (Sedur) a demoli\u00e7\u00e3o do que resta da estrutura.<\/p>\n","protected":false},"excerpt":{"rendered":"<p>O casar\u00e3o que desabou parcialmente no \u00faltimo domingo (22), na Rua dos Perd\u00f5es, no bairro do Santo Ant\u00f4nio Al\u00e9m do Carmo, em Salvador, j\u00e1 havia sido alvo de notifica\u00e7\u00f5es e recomenda\u00e7\u00f5es de seguran\u00e7a da Defesa Civil de Salvador (Codesal). O Instituto do Patrim\u00f4nio Hist\u00f3rico e Art\u00edstico Nacional (Iphan), respons\u00e1vel pelo tombamento do im\u00f3vel, informou que [&hellip;]<\/p>\n","protected":false},"author":1,"featured_media":13209,"comment_status":"open","ping_status":"closed","sticky":false,"template":"","format":"standard","meta":{"jnews-multi-image_gallery":[],"jnews_single_post":[],"jnews_primary_category":[],"footnotes":""},"categories":[166],"tags":[],"class_list":["post-13207","post","type-post","status-publish","format-standard","has-post-thumbnail","hentry","category-codesal"],"_links":{"self":[{"href":"https:\/\/cidadebaixaonline.com.br\/index.php\/wp-json\/wp\/v2\/posts\/13207","targetHints":{"allow":["GET"]}}],"collection":[{"href":"https:\/\/cidadebaixaonline.com.br\/index.php\/wp-json\/wp\/v2\/posts"}],"about":[{"href":"https:\/\/cidadebaixaonline.com.br\/index.php\/wp-json\/wp\/v2\/types\/post"}],"author":[{"embeddable":true,"href":"https:\/\/cidadebaixaonline.com.br\/index.php\/wp-json\/wp\/v2\/users\/1"}],"replies":[{"embeddable":true,"href":"https:\/\/cidadebaixaonline.com.br\/index.php\/wp-json\/wp\/v2\/comments?post=13207"}],"version-history":[{"count":1,"href":"https:\/\/cidadebaixaonline.com.br\/index.php\/wp-json\/wp\/v2\/posts\/13207\/revisions"}],"predecessor-version":[{"id":13208,"href":"https:\/\/cidadebaixaonline.com.br\/index.php\/wp-json\/wp\/v2\/posts\/13207\/revisions\/13208"}],"wp:featuredmedia":[{"embeddable":true,"href":"https:\/\/cidadebaixaonline.com.br\/index.php\/wp-json\/wp\/v2\/media\/13209"}],"wp:attachment":[{"href":"https:\/\/cidadebaixaonline.com.br\/index.php\/wp-json\/wp\/v2\/media?parent=13207"}],"wp:term":[{"taxonomy":"category","embeddable":true,"href":"https:\/\/cidadebaixaonline.com.br\/index.php\/wp-json\/wp\/v2\/categories?post=13207"},{"taxonomy":"post_tag","embeddable":true,"href":"https:\/\/cidadebaixaonline.com.br\/index.php\/wp-json\/wp\/v2\/tags?post=13207"}],"curies":[{"name":"wp","href":"https:\/\/api.w.org\/{rel}","templated":true}]}}