{"id":13188,"date":"2025-06-20T16:15:38","date_gmt":"2025-06-20T19:15:38","guid":{"rendered":"https:\/\/cidadebaixaonline.com.br\/?p=13188"},"modified":"2025-06-20T16:15:39","modified_gmt":"2025-06-20T19:15:39","slug":"governo-da-inicio-as-oitivas-em-comunidades-tradicionais-sobre-ponte-salvador-itaparica","status":"publish","type":"post","link":"https:\/\/cidadebaixaonline.com.br\/index.php\/2025\/06\/20\/governo-da-inicio-as-oitivas-em-comunidades-tradicionais-sobre-ponte-salvador-itaparica\/","title":{"rendered":"Governo d\u00e1 in\u00edcio \u00e0s oitivas em comunidades tradicionais sobre Ponte Salvador-Itaparica"},"content":{"rendered":"<p>O Governo da Bahia, por meio da Secretaria de Promo\u00e7\u00e3o da Igualdade Racial dos Povos e Comunidades Tradicionais (Sepromi), deu in\u00edcio a uma s\u00e9rie de consultas livres, pr\u00e9vias e informadas em comunidades da \u00e1rea de influ\u00eancia do Sistema Rodovi\u00e1rio Ponte Salvador-Itaparica.<\/p>\n<p>Essa etapa de oitivas \u00e9 fundamental para incorporar ao projeto as demandas da popula\u00e7\u00e3o que vive, trabalha ou desenvolve atividades religiosas nos munic\u00edpios de Itaparica e Vera Cruz.<\/p>\n<p>Durante as reuni\u00f5es, s\u00e3o abordadas informa\u00e7\u00f5es sobre o tra\u00e7ado dos sistemas vi\u00e1rios, os programas ambientais que ser\u00e3o implementados durante a constru\u00e7\u00e3o e as a\u00e7\u00f5es que objetivam proporcionar desenvolvimento social e econ\u00f4mico \u00e0 regi\u00e3o.<\/p>\n<p>As oitivas integram o conjunto de a\u00e7\u00f5es que vem sendo desenvolvido junto \u00e0s comunidades que est\u00e3o na \u00e1rea de influ\u00eancia do projeto da constru\u00e7\u00e3o da ponte, garantindo o di\u00e1logo constante entre todas as partes envolvidas no processo.<\/p>\n<p>A prepara\u00e7\u00e3o das consultas iniciou-se em abril deste ano, com as visitas t\u00e9cnicas em campo para identifica\u00e7\u00e3o e di\u00e1logo com as lideran\u00e7as das comunidades locais; reuni\u00f5es informativas para apresenta\u00e7\u00e3o e escutas sociais sobre a realiza\u00e7\u00e3o das oitivas.<\/p>\n<p>Al\u00e9m da Sepromi, que conduz as escutas e di\u00e1logos, a Secretaria Estadual de Infraestrutura (Seinfra) e o Instituto do Meio Ambiente e Recursos H\u00eddricos (Inema) acompanham os encontros e ficam \u00e0 disposi\u00e7\u00e3o para esclarecimentos quando necess\u00e1rio.<\/p>\n<p><strong>Constru\u00e7\u00e3o coletiva<\/strong><\/p>\n<p>Ap\u00f3s a apresenta\u00e7\u00e3o, os participantes s\u00e3o convidados a integrar uma oficina colaborativa, divididos em grupos. Juntos, discutem e registram suas expectativas, preocupa\u00e7\u00f5es e sugest\u00f5es em rela\u00e7\u00e3o ao projeto.<\/p>\n<p>Essa metodologia ratifica o compromisso de manter o Sistema Rodovi\u00e1rio Ponte Salvador-Itaparica conectado aos anseios da popula\u00e7\u00e3o local.<\/p>\n<p>\u201cAs consultas t\u00eam como objetivo permitir que os povos e comunidades tradicionais decidam livremente sobre seus pr\u00f3prios interesses, com base em seus valores culturais, sociais e ambientais, diante de medidas administrativas ou projetos que possam impactar seus modos de vida. Busca-se, assim, estabelecer um canal respeitoso e intercultural de di\u00e1logo entre o Estado e essas comunidades, reconhecendo seus saberes, pr\u00e1ticas e formas pr\u00f3prias de organiza\u00e7\u00e3o social\u201d, destacou Valdicley Vilas Boas, representante da Sepromi na consulta.<\/p>\n<p>O primeiro encontro aconteceu no dia 16 de junho, no F\u00f3rum de Itaparica, reunindo a comunidade cigana da Praia da Caj\u00e1, Rua do F\u00f3rum e Vila Cigana.<\/p>\n<p>No dia 18 de junho, foi a vez da comunidade pesqueira, com a participa\u00e7\u00e3o de pescadores e marisqueiras das localidades de Ponta de Areia, Amoreiras, Areial, Manguinhos, S\u00e3o Jo\u00e3o Manguinhos, Porto dos Santos, Ilha Verde, Urbis e Bom Despacho, em evento realizado na sede da Col\u00f4nia Z-12.<\/p>\n<p>O gerente de Comunica\u00e7\u00e3o e Rela\u00e7\u00f5es Institucionais da Concession\u00e1ria, Carlos Prates, apresentou o empreendimento \u00e0 comunidade durante o encontro.<\/p>\n<p>\u201cA comunica\u00e7\u00e3o transparente \u00e9 um compromisso da Concession\u00e1ria com todas as comunidades envolvidas. Estamos aqui para compartilhar informa\u00e7\u00f5es sobre o projeto, ouvir os anseios dos moradores e construir junto com eles programas e a\u00e7\u00f5es que fa\u00e7am sentido para a popula\u00e7\u00e3o local\u201d.<\/p>\n<p>A agenda de encontros segue nas pr\u00f3ximas semanas com outras comunidades de pescadores, marisqueiras e povos de matriz africana.<\/p>\n<p>O processo de consulta \u00e9 uma etapa prevista nas condicionantes do licenciamento ambiental do empreendimento e refor\u00e7a o compromisso do Governo da Bahia e da Concession\u00e1ria com o di\u00e1logo permanente e o desenvolvimento respons\u00e1vel.<\/p>\n","protected":false},"excerpt":{"rendered":"<p>O Governo da Bahia, por meio da Secretaria de Promo\u00e7\u00e3o da Igualdade Racial dos Povos e Comunidades Tradicionais (Sepromi), deu in\u00edcio a uma s\u00e9rie de consultas livres, pr\u00e9vias e informadas em comunidades da \u00e1rea de influ\u00eancia do Sistema Rodovi\u00e1rio Ponte Salvador-Itaparica. Essa etapa de oitivas \u00e9 fundamental para incorporar ao projeto as demandas da popula\u00e7\u00e3o [&hellip;]<\/p>\n","protected":false},"author":1,"featured_media":13190,"comment_status":"open","ping_status":"closed","sticky":false,"template":"","format":"standard","meta":{"jnews-multi-image_gallery":[],"jnews_single_post":[],"jnews_primary_category":[],"footnotes":""},"categories":[197],"tags":[],"class_list":["post-13188","post","type-post","status-publish","format-standard","has-post-thumbnail","hentry","category-ponte-salvador-itaparica"],"_links":{"self":[{"href":"https:\/\/cidadebaixaonline.com.br\/index.php\/wp-json\/wp\/v2\/posts\/13188","targetHints":{"allow":["GET"]}}],"collection":[{"href":"https:\/\/cidadebaixaonline.com.br\/index.php\/wp-json\/wp\/v2\/posts"}],"about":[{"href":"https:\/\/cidadebaixaonline.com.br\/index.php\/wp-json\/wp\/v2\/types\/post"}],"author":[{"embeddable":true,"href":"https:\/\/cidadebaixaonline.com.br\/index.php\/wp-json\/wp\/v2\/users\/1"}],"replies":[{"embeddable":true,"href":"https:\/\/cidadebaixaonline.com.br\/index.php\/wp-json\/wp\/v2\/comments?post=13188"}],"version-history":[{"count":1,"href":"https:\/\/cidadebaixaonline.com.br\/index.php\/wp-json\/wp\/v2\/posts\/13188\/revisions"}],"predecessor-version":[{"id":13189,"href":"https:\/\/cidadebaixaonline.com.br\/index.php\/wp-json\/wp\/v2\/posts\/13188\/revisions\/13189"}],"wp:featuredmedia":[{"embeddable":true,"href":"https:\/\/cidadebaixaonline.com.br\/index.php\/wp-json\/wp\/v2\/media\/13190"}],"wp:attachment":[{"href":"https:\/\/cidadebaixaonline.com.br\/index.php\/wp-json\/wp\/v2\/media?parent=13188"}],"wp:term":[{"taxonomy":"category","embeddable":true,"href":"https:\/\/cidadebaixaonline.com.br\/index.php\/wp-json\/wp\/v2\/categories?post=13188"},{"taxonomy":"post_tag","embeddable":true,"href":"https:\/\/cidadebaixaonline.com.br\/index.php\/wp-json\/wp\/v2\/tags?post=13188"}],"curies":[{"name":"wp","href":"https:\/\/api.w.org\/{rel}","templated":true}]}}