{"id":13170,"date":"2025-06-18T20:42:26","date_gmt":"2025-06-18T23:42:26","guid":{"rendered":"https:\/\/cidadebaixaonline.com.br\/?p=13170"},"modified":"2025-06-18T20:42:26","modified_gmt":"2025-06-18T23:42:26","slug":"travessia-salvador-mar-grande-retoma-servico-apos-cinco-dias-suspensa-por-mau-tempo","status":"publish","type":"post","link":"https:\/\/cidadebaixaonline.com.br\/index.php\/2025\/06\/18\/travessia-salvador-mar-grande-retoma-servico-apos-cinco-dias-suspensa-por-mau-tempo\/","title":{"rendered":"Travessia Salvador-Mar Grande retoma servi\u00e7o ap\u00f3s cinco dias suspensa por mau tempo"},"content":{"rendered":"<p>A Travessia Salvador-Mar Grande retomou as opera\u00e7\u00f5es na manh\u00e3 desta quarta-feira (18) ap\u00f3s cinco dias de suspens\u00e3o por conta do mau tempo. A libera\u00e7\u00e3o foi autorizada pela Capitania dos Portos da Bahia, ap\u00f3s a melhora nas condi\u00e7\u00f5es de navega\u00e7\u00e3o na Ba\u00eda de Todos-os-Santos.<\/p>\n<p>O servi\u00e7o estava interrompido desde o meio-dia da \u00faltima quinta-feira (12). A primeira lancha a operar, a Vit\u00f3ria R\u00e9gia, partiu \u00e0s 9h do Terminal de Vera Cruz, na Ilha de Itaparica. Em Salvador, a sa\u00edda inicial ocorreu \u00e0s 10h, no Terminal N\u00e1utico da Bahia.<\/p>\n<p>Seis embarca\u00e7\u00f5es est\u00e3o em tr\u00e1fego, com sa\u00eddas programadas a cada 30 minutos. O \u00faltimo hor\u00e1rio saindo de Mar Grande ser\u00e1 \u00e0s 18h e, de Salvador, \u00e0s 19h30.<\/p>\n<p>J\u00e1 a travessia entre Salvador e Morro de S\u00e3o Paulo segue operando em formato semi-terrestre. Neste modelo, os passageiros fazem o trajeto de lancha at\u00e9 Itaparica, seguem de \u00f4nibus at\u00e9 a Ponta do Curral, em Valen\u00e7a, e depois fazem o trecho final de lancha at\u00e9 Morro de S\u00e3o Paulo.<\/p>\n<p>O tempo estimado da viagem com conex\u00e3o \u00e9 de 3 horas e 20 minutos, cerca de uma hora a mais que o trajeto direto. As sa\u00eddas de Salvador ocorrem \u00e0s 9h e \u00e0s 10h30. De Morro de S\u00e3o Paulo, os hor\u00e1rios s\u00e3o \u00e0s 11h30 e 13h30.<\/p>\n","protected":false},"excerpt":{"rendered":"<p>A Travessia Salvador-Mar Grande retomou as opera\u00e7\u00f5es na manh\u00e3 desta quarta-feira (18) ap\u00f3s cinco dias de suspens\u00e3o por conta do mau tempo. A libera\u00e7\u00e3o foi autorizada pela Capitania dos Portos da Bahia, ap\u00f3s a melhora nas condi\u00e7\u00f5es de navega\u00e7\u00e3o na Ba\u00eda de Todos-os-Santos. O servi\u00e7o estava interrompido desde o meio-dia da \u00faltima quinta-feira (12). A [&hellip;]<\/p>\n","protected":false},"author":1,"featured_media":13172,"comment_status":"open","ping_status":"closed","sticky":false,"template":"","format":"standard","meta":{"jnews-multi-image_gallery":[],"jnews_single_post":[],"jnews_primary_category":[],"footnotes":""},"categories":[132],"tags":[],"class_list":["post-13170","post","type-post","status-publish","format-standard","has-post-thumbnail","hentry","category-travessia"],"_links":{"self":[{"href":"https:\/\/cidadebaixaonline.com.br\/index.php\/wp-json\/wp\/v2\/posts\/13170","targetHints":{"allow":["GET"]}}],"collection":[{"href":"https:\/\/cidadebaixaonline.com.br\/index.php\/wp-json\/wp\/v2\/posts"}],"about":[{"href":"https:\/\/cidadebaixaonline.com.br\/index.php\/wp-json\/wp\/v2\/types\/post"}],"author":[{"embeddable":true,"href":"https:\/\/cidadebaixaonline.com.br\/index.php\/wp-json\/wp\/v2\/users\/1"}],"replies":[{"embeddable":true,"href":"https:\/\/cidadebaixaonline.com.br\/index.php\/wp-json\/wp\/v2\/comments?post=13170"}],"version-history":[{"count":1,"href":"https:\/\/cidadebaixaonline.com.br\/index.php\/wp-json\/wp\/v2\/posts\/13170\/revisions"}],"predecessor-version":[{"id":13171,"href":"https:\/\/cidadebaixaonline.com.br\/index.php\/wp-json\/wp\/v2\/posts\/13170\/revisions\/13171"}],"wp:featuredmedia":[{"embeddable":true,"href":"https:\/\/cidadebaixaonline.com.br\/index.php\/wp-json\/wp\/v2\/media\/13172"}],"wp:attachment":[{"href":"https:\/\/cidadebaixaonline.com.br\/index.php\/wp-json\/wp\/v2\/media?parent=13170"}],"wp:term":[{"taxonomy":"category","embeddable":true,"href":"https:\/\/cidadebaixaonline.com.br\/index.php\/wp-json\/wp\/v2\/categories?post=13170"},{"taxonomy":"post_tag","embeddable":true,"href":"https:\/\/cidadebaixaonline.com.br\/index.php\/wp-json\/wp\/v2\/tags?post=13170"}],"curies":[{"name":"wp","href":"https:\/\/api.w.org\/{rel}","templated":true}]}}